{"id":10298,"date":"2014-07-17T11:58:12","date_gmt":"2014-07-17T09:58:12","guid":{"rendered":"http:\/\/www.bernd-leitenberger.de\/blog\/?p=10298"},"modified":"2014-07-17T11:58:12","modified_gmt":"2014-07-17T09:58:12","slug":"25-000-dollar-fuer-einen-abzug-abba","status":"publish","type":"post","link":"https:\/\/www.bernd-leitenberger.de\/blog\/2014\/07\/17\/25-000-dollar-fuer-einen-abzug-abba\/","title":{"rendered":"25.000 Dollar f&uuml;r einen Abzug &#8211; Abba"},"content":{"rendered":"<p>So, heute wieder was gemischtes, denn irgendwie f&auml;llt mir nichts neues ein, was wirklich bemerkenswert w&auml;re. Ich verhaspele mich auch derzeit etwas. Ich arbeitete an zwei Serien von Aufs&auml;tzen &#8211; &uuml;ber die x86 Serie (da bin ich gerade beim Pentium) &uuml;ber die Vektorrechner von Cray (bei der Cray 3, aber die Serie von Cray Research soll auch noch folgen), ich schreibe parallel an zwei B&uuml;chern (Computergeschichte und Internationale Raketen Band 2, eigentlich sollte ich auch noch mein Buch &uuml;ber Ern&auml;hrung fertigstellen) und wie man sich denken kann, komme ich zu nichts wobei das auch eine Wetterfrage ist. Im Sommer komme ich eigentlich nie so weit wie im Winter.<!--more--><\/p>\n<p>Zwei Dinge fielen mir auf. Ich habe mir gerade &#8222;Bauernfeind assistiert Anett Louisan&#8220; angeschaut. Katrin Bauerfeind schaue ich gerne. Sie fiel mir vor, als die mal die tr&ouml;gen Kulturnachrichten in 3SAT in eine wirklich interessante Sendung verwandelte, obwohl sie nur &#8222;Urlaubsvertretung&#8220; war. Bei ihr ist die Sendung frech, pers&ouml;nlich und lebhaft, anders als der sonstige Moderationseinheitsbrei. Na ja, Annett Louisan hat sich ein Foto von Terry O&#8217;Neil gekauft, ein ber&uuml;hmtes: Faye Dunaway nach der Oskar Verleihung am Pool. Anett Louisan sagte, sie w&auml;re &uuml;ber den Preis erschrocken.<\/p>\n<p>Hmm dachte ich mir &#8211; wie teuer muss ein Foto sein, wenn ein Promi, der ja einige goldene Schallplatten hat und gewiss nicht schlecht verdient, &uuml;ber den Preis erschrickt? Kleine Suche im Internet ergab 25.000 Dollar f&uuml;r ein Bild 72 x 72.&nbsp; Da verstehe ich das Louisan erschrocken ist. Nachvollziehen kann ich es nicht. Ein Foto kann vervielf&auml;ltigt werden wie ein Druck. Man macht einen Abzug, diesmal eben auf gro&szlig;em Fotopapier. Selbst wenn die Dimensionen in Zoll sind (wahrscheinlich nicht, das passt n&auml;mlich dann auf keine Wand mehr) ist der Materialwert &uuml;berschaubar. Anders als bei einem gemalten Bild steckt kaum Arbeit dahinter, man kann die Dinger wie Drucke in Serie herstellen.<\/p>\n<p>Das ist schon unversch&auml;mt. Wenn es nur ein Foto g&auml;be, also ein Unikat, dann w&auml;re es noch zu verstehen (trotzdem ein tolles Honorar), doch das Bild kann man in verschiedensten Galerien erwerben. Bei jeder Gewinnmaximierung &#8211; Terry O&#8216; Neil scheint nicht daran interessiert zu sein, dass sich jeder seine Bilder leisten kann, denn war hat den 25.000 Dollar f&uuml;r ein Bild &uuml;brig? Das ist noch unversch&auml;mter als der New Yorker Maler von dem ich mal geh&ouml;rt habe &#8211; der hat eine Malmaschine erfunden die seine Art von Bildern, im wesentlichen verschmierte Farbfl&auml;chen in Serie produziert und die verkauft er auch f&uuml;r viel Geld, aber immerhin wird da ja noch ein Bild produziert, ein Unikat und nicht eine Heidensumme f&uuml;r einem Abzug.<\/p>\n<p>Dann kam mal vor einigen Wochen eine Reporttage &uuml;ber Abba, passend zu 40 Jahren Gewinn des Grand Prix de la Chansion. Es war zwar eine &uuml;berarbeitete Version einer alten Dokumentation, aber ein R&auml;tsel kann ich l&uuml;ften. Warum, die Frage tauchte auf, Abba der Durchbruch beim Grand Prix gelang. Ich hatte schon alle Studio Alben von Abba ab Waterloo und habe mir nun das Vorg&auml;ngeralbum &#8222;Ring Ring&#8220; gekauft. Noch nie habe ich einen so eklatanten musikalischen Sprung bei einem K&uuml;nstler gesehen. Ring-Ring besteht aus Liedern die man als dahinpl&auml;tschernden Schlager bezeichnen k&ouml;nnte, sowohl von der Musik wie von den Texten her. es fehlt der Schwung der sp&auml;teren Abba Platten, das Arrangement war einfach. Vor dem Waterloo Album waren die Lieder einfach schlecht.<\/p>\n<p>Da f&auml;llt mir noch ein R&auml;tsel ein, das ihr l&ouml;sen k&ouml;nnt:<\/p>\n<p>Welche spezielle Gemeinsamkeit haben:<\/p>\n<ul>\n<li>Elvis Presley<\/li>\n<li>Die Beatles<\/li>\n<li>und Abba<\/li>\n<\/ul>\n<p>Also es ist schon was Spezielles nicht so was wie &#8222;Waren alle superstars&#8220; oder &#8222;haben alle gesungen&#8220;.<\/p>\n<p>Zuletzt noch ein Musiktipp, einer der Abba Songs die nie als Single erschienen aber h&ouml;renswert sind:<\/p>\n<p>Kisses of Fire<br \/>\n<img loading=\"lazy\" decoding=\"async\" src=\"http:\/\/vg04.met.vgwort.de\/na\/707050b4f59748a9918d5dd4d159c230\" width=\"1\" height=\"1\" alt=\"\"\/><br \/>\n<a class=\"pas1-number\" href=\"http:\/\/www.youtube.com\/watch?v=-J12rfA2xPMhttp:\/\/www.youtube.com\/watch?v=-J12rfA2xPM\">http:\/\/www.youtube.com\/watch?v=-J12rfA2xPM<\/a><\/p>\n","protected":false},"excerpt":{"rendered":"<p>So, heute wieder was gemischtes, denn irgendwie f&auml;llt mir nichts neues ein, was wirklich bemerkenswert w&auml;re. Ich verhaspele mich auch derzeit etwas. Ich arbeitete an zwei Serien von Aufs&auml;tzen &#8211; &uuml;ber die x86 Serie (da bin ich gerade beim Pentium) &uuml;ber die Vektorrechner von Cray (bei der Cray 3, aber die Serie von Cray Research [&hellip;]<\/p>\n","protected":false},"author":169,"featured_media":0,"comment_status":"open","ping_status":"open","sticky":false,"template":"","format":"standard","meta":{"_jetpack_memberships_contains_paid_content":false,"footnotes":""},"categories":[1,1402],"tags":[1719,3703,3702,3704,3701],"class_list":["post-10298","post","type-post","status-publish","format-standard","hentry","category-allgemein","category-raetsel","tag-abba","tag-annett-louisan","tag-faye-dunaway","tag-ksatrin-bauernfeind","tag-terry-o-neil","entry"],"a3_pvc":{"activated":false,"total_views":987,"today_views":0},"jetpack_featured_media_url":"","jetpack-related-posts":[{"id":18389,"url":"https:\/\/www.bernd-leitenberger.de\/blog\/2025\/09\/17\/die-glorreichen-10-die-besten-deutschen-panzer-im-zweiten-weltkrieg\/","url_meta":{"origin":10298,"position":0},"title":"Die glorreichen 10 &#8211; Die besten deutschen Panzer im Zweiten Weltkrieg","author":"Bernd Leitenberger","date":"17. September 2025","format":false,"excerpt":"Heute wieder ein neuer Blog im allseits beliebten Format \"Die glorreichen 10\". Diesmal geht es um die Panzer der Wehrmacht im Zweiten Weltkrieg. Deutschland sticht hier heraus, weil es im Zweiten Weltkrieg sehr viele Modelle einsetzte \u2013 sechs Hauptlinien mit mehreren Submodifikationen und daraus abgeleitet noch zahlreiche andere Modelle. Bei\u2026","rel":"","context":"In &quot;Die Glorreichen 10&quot;","block_context":{"text":"Die Glorreichen 10","link":"https:\/\/www.bernd-leitenberger.de\/blog\/category\/allgemein\/die-glorreichen-10\/"},"img":{"alt_text":"","src":"https:\/\/vg02.met.vgwort.de\/na\/8ae7f5ac55f14b0282aac782fa596ba3","width":350,"height":200},"classes":[]},{"id":18539,"url":"https:\/\/www.bernd-leitenberger.de\/blog\/2026\/02\/24\/die-thor-delta-entwicklung-kompakt\/","url_meta":{"origin":10298,"position":1},"title":"Die Thor-Delta Entwicklung &#8211; kompakt","author":"Bernd Leitenberger","date":"24. Februar 2026","format":false,"excerpt":"Was die Delta von allen anderen Tr\u00e4gerasketen, nicht nur der USA, sondern auch weltweit, unterscheidet ist die enorme Anzahl an Versionen. Selbst wenn man die milit\u00e4rischen Varianten ausklammert, gibt es elf Versionen bei der Buchstabennummerierung und (wenn man die Delta 3 ausklammert, weil sie keine Delta-Stufe mehr einsetzt) acht Versionen\u2026","rel":"","context":"In &quot;Raumfahrt&quot;","block_context":{"text":"Raumfahrt","link":"https:\/\/www.bernd-leitenberger.de\/blog\/category\/raumfahrt\/"},"img":{"alt_text":"","src":"https:\/\/vg07.met.vgwort.de\/na\/59224b87a3b84e6fb74064a0157d7cfa","width":350,"height":200},"classes":[]},{"id":18627,"url":"https:\/\/www.bernd-leitenberger.de\/blog\/2026\/04\/05\/artemis-ii\/","url_meta":{"origin":10298,"position":2},"title":"Artemis II","author":"Bernd Leitenberger","date":"5. April 2026","format":false,"excerpt":"Seit gestern ist nun die Artemis II Mission auf dem Mond, wenige Tage zuvor hat NASA Administrator Isaac Jaredmann neue Pl\u00e4ne ank\u00fcndigt. Zeit mal was dazu zu schreiben. Ich fange aber mit was an was zusammenh\u00e4ngt: Die Verseichtung. Keine Ahnung ob es den Begriff schon gibt, ich beschreibe damit das\u2026","rel":"","context":"In &quot;Raumfahrt&quot;","block_context":{"text":"Raumfahrt","link":"https:\/\/www.bernd-leitenberger.de\/blog\/category\/raumfahrt\/"},"img":{"alt_text":"","src":"https:\/\/vg07.met.vgwort.de\/na\/9a9d83018f8447148efa0d8328798e18","width":350,"height":200},"classes":[]},{"id":18485,"url":"https:\/\/www.bernd-leitenberger.de\/blog\/2026\/01\/13\/programm-437\/","url_meta":{"origin":10298,"position":3},"title":"Programm 437","author":"Bernd Leitenberger","date":"13. Januar 2026","format":false,"excerpt":"Ich wei\u00df, ich mache mich in den letzten Wochen etwas rar. Daf\u00fcr gibt es zwei Gr\u00fcnde. Da ist zum einen die gesamte politische Lage. Prim\u00e4r nat\u00fcrlich in dem Land des unbegrenzten Irrsinns. Wenn der Machthaber von Venezuela entf\u00fchrt wird und unter falscher Begr\u00fcndung angeklagt wird - weil es ja in\u2026","rel":"","context":"In &quot;Raumfahrt&quot;","block_context":{"text":"Raumfahrt","link":"https:\/\/www.bernd-leitenberger.de\/blog\/category\/raumfahrt\/"},"img":{"alt_text":"","src":"https:\/\/vg06.met.vgwort.de\/na\/3d6eb16326d743baa56f5ece884b5d21","width":350,"height":200},"classes":[]},{"id":18637,"url":"https:\/\/www.bernd-leitenberger.de\/blog\/2026\/04\/14\/galileo-galilei\/","url_meta":{"origin":10298,"position":4},"title":"Galileo Galilei","author":"Bernd Leitenberger","date":"14. April 2026","format":false,"excerpt":"Auch heute wieder ein kleiner Ausschnitt aus dem aktuellen Manuskript an dem ich arbeite. Als ich an ihm arbeitete, fielen mir die Paralellen zur heutigen Trumpregierung auf und ich habe meinen Text unten noch um einen Absatz \u00fcber heute erg\u00e4nzt, der im Buch fehlt und dort auch nicht erscheint, es\u2026","rel":"","context":"In &quot;Allgemein&quot;","block_context":{"text":"Allgemein","link":"https:\/\/www.bernd-leitenberger.de\/blog\/category\/allgemein\/"},"img":{"alt_text":"","src":"https:\/\/vg06.met.vgwort.de\/na\/e4f9253ed58c476b8b2cfc206b9a6fb5","width":350,"height":200},"classes":[]},{"id":18502,"url":"https:\/\/www.bernd-leitenberger.de\/blog\/2026\/01\/22\/der-ariane-kompatible-orbit\/","url_meta":{"origin":10298,"position":5},"title":"Der Ariane-Kompatible Orbit","author":"Bernd Leitenberger","date":"22. Januar 2026","format":false,"excerpt":"Heute wieder ein Grundlagenblog f\u00fcr alle, die die Grundlagen auf der Website noch nicht entdeckt haben, oder sie ihnen zu detailliert sind oder die einfach nur den Blog lesen. Es geht um einen Begriff, den man heute kaum noch h\u00f6rt, der aber mal das Ma\u00df der Dinge war und was\u2026","rel":"","context":"In &quot;Allgemein&quot;","block_context":{"text":"Allgemein","link":"https:\/\/www.bernd-leitenberger.de\/blog\/category\/allgemein\/"},"img":{"alt_text":"","src":"https:\/\/vg06.met.vgwort.de\/na\/901d5ccaac304c8baace44abf9e7aebe","width":350,"height":200},"classes":[]}],"jetpack_sharing_enabled":true,"amp_enabled":true,"_links":{"self":[{"href":"https:\/\/www.bernd-leitenberger.de\/blog\/wp-json\/wp\/v2\/posts\/10298","targetHints":{"allow":["GET"]}}],"collection":[{"href":"https:\/\/www.bernd-leitenberger.de\/blog\/wp-json\/wp\/v2\/posts"}],"about":[{"href":"https:\/\/www.bernd-leitenberger.de\/blog\/wp-json\/wp\/v2\/types\/post"}],"author":[{"embeddable":true,"href":"https:\/\/www.bernd-leitenberger.de\/blog\/wp-json\/wp\/v2\/users\/169"}],"replies":[{"embeddable":true,"href":"https:\/\/www.bernd-leitenberger.de\/blog\/wp-json\/wp\/v2\/comments?post=10298"}],"version-history":[{"count":0,"href":"https:\/\/www.bernd-leitenberger.de\/blog\/wp-json\/wp\/v2\/posts\/10298\/revisions"}],"wp:attachment":[{"href":"https:\/\/www.bernd-leitenberger.de\/blog\/wp-json\/wp\/v2\/media?parent=10298"}],"wp:term":[{"taxonomy":"category","embeddable":true,"href":"https:\/\/www.bernd-leitenberger.de\/blog\/wp-json\/wp\/v2\/categories?post=10298"},{"taxonomy":"post_tag","embeddable":true,"href":"https:\/\/www.bernd-leitenberger.de\/blog\/wp-json\/wp\/v2\/tags?post=10298"}],"curies":[{"name":"wp","href":"https:\/\/api.w.org\/{rel}","templated":true}]}}