{"id":10309,"date":"2014-07-23T22:00:07","date_gmt":"2014-07-23T20:00:07","guid":{"rendered":"http:\/\/www.bernd-leitenberger.de\/blog\/?p=10309"},"modified":"2014-07-23T22:00:07","modified_gmt":"2014-07-23T20:00:07","slug":"die-tuecken-des-deutschen-rechts","status":"publish","type":"post","link":"https:\/\/www.bernd-leitenberger.de\/blog\/2014\/07\/23\/die-tuecken-des-deutschen-rechts\/","title":{"rendered":"Die T&uuml;cken des deutschen Rechts"},"content":{"rendered":"<p>Das deutsche Recht ist schon sehr komisch. Da kam am Freitag in einer Sendung ein Fall, den man zuerst f&uuml;r einen Schildb&uuml;rgerstreich h&auml;lt. Eine Frau will ihr Haus verkaufen, weil sie altersbedingt nicht mehr die Treppen rauf kommt. Der Immobilienmakler m&ouml;chte einen Flurplan, Also geht sie zur Beh&ouml;rde. Die fragen aber nur nach der Baugenehmigung. Die hat sie nicht. Wie sich sp&auml;ter herausstellt, hat das im Jahr 1944 gebaute Haus keine Baugenehmigung. Das soll w&auml;hrend des Krieges &ouml;fters vorgekommen sein, eventuell hatten da die Beh&ouml;rden bei Bombenangriffe gr&ouml;&szlig;ere Probleme als die heutigen Beh&ouml;rden.<!--more--><\/p>\n<p>Doch das dicke Ende kommt noch: die Beh&ouml;rde will nun das l&auml;cherliche 70 Jahre alte Haus abrei&szlig;en! Man fasst es nicht. Wenn der, der das Haus 1944 gebaut hat jemanden im Affekt get&ouml;tet hat, dann w&auml;re das als Totschlag nach 15 Jahren verj&auml;hrt. Aber ein &#8222;illegal&#8220; gebautes Haus darf nach 70 Jahren abgerissen werden. Da hakts doch. Noch besser: das Haus ist ja nicht unbekannt. Es ist nicht illegal im Wald gebaut worden, sondern steht ordentlich in einer Stra&szlig;e mit anderen H&auml;usern. Denn alle Besitzer d&uuml;rften jahrzehntelang Abgaben, Grunst&uuml;ckssteuer und andere Zahlungen leisten. Woanders w&uuml;rde ich so was als &#8222;stillschweigendes Anerkenntnis des Status Quo&#8220; bezeichnen, aber nicht bei Beh&ouml;rden. Anscheinend geht es auch einfach ein Haus abzurei&szlig;en. Wer dagegen einen Mieter hat der partout nicht ausziehen will, trotz K&uuml;ndigung wei&szlig; dagegen, wie lange das bei einem Mietsverh&auml;ltnis dauert. aber einen Hauseigent&uuml;mer kann man wohl so von heute auf morgen das Heim &#8222;entsorgen&#8220;.<\/p>\n<p>Mir schwante ja so was schon bei der Aberkennung des Doktortitels von Ex-Ministerin Schawan. Den konnte man auch nach knapp 30 Jahren aberkennen. Nun ist das im weitesten Sinne Betrug, aber normaler Betrug verj&auml;hrt nach 5 Jahren. Nicht, dass man das durchgehen lassen soll. Aber in manchen Dingen ist unser Recht auch schon komisch. Das zeigte sich auch als man vor einigen Monaten Kunstwerke aus der Nazizeit bei einem Sammler gefunden hat. Da drehte sich es darum ob es Beutekunst ist (enteignet) oder nur f&uuml;r ein Appel und ein Ei gekaufte Kunst. Das erste scheint auch 70 Jahre nach Kriegsende nicht verj&auml;hrt, das andere ist l&auml;ngst verj&auml;hrt.<\/p>\n<p>Was mich doch etwas beunruhigt ist die abh&auml;ngig von Dokumenten. In diesem Falle einer Baugenehmigung. Gottseidank wurde unser Haus 1982 umgebaut und daher gibt es bei uns eine Baugenehmigung. Aber was wenn nicht? Sollten nicht die Beh&ouml;rden eine haben? So langsam verstehe ich auch warum mir mein Vater mit 18 meine Geburtsurkunde feierlich &uuml;bergab. Anders k&ouml;nnte ich wohl sonst nicht beweisen, dass ich lebe &#8230;.<\/p>\n","protected":false},"excerpt":{"rendered":"<p>Das deutsche Recht ist schon sehr komisch. Da kam am Freitag in einer Sendung ein Fall, den man zuerst f&uuml;r einen Schildb&uuml;rgerstreich h&auml;lt. Eine Frau will ihr Haus verkaufen, weil sie altersbedingt nicht mehr die Treppen rauf kommt. Der Immobilienmakler m&ouml;chte einen Flurplan, Also geht sie zur Beh&ouml;rde. Die fragen aber nur nach der Baugenehmigung. [&hellip;]<\/p>\n","protected":false},"author":169,"featured_media":0,"comment_status":"open","ping_status":"open","sticky":false,"template":"","format":"standard","meta":{"_jetpack_memberships_contains_paid_content":false,"footnotes":""},"categories":[1],"tags":[],"class_list":["post-10309","post","type-post","status-publish","format-standard","hentry","category-allgemein","entry"],"a3_pvc":{"activated":false,"total_views":830,"today_views":0},"jetpack_featured_media_url":"","jetpack-related-posts":[{"id":18643,"url":"https:\/\/www.bernd-leitenberger.de\/blog\/2026\/04\/22\/reiches-endlager\/","url_meta":{"origin":10309,"position":0},"title":"Reiches Endlager","author":"Bernd Leitenberger","date":"22. April 2026","format":false,"excerpt":"Man ist ja von der derzeitigen Bundeswirtschaftsministerin Katherina Reiche einiges gewohnt. Mal will sie 40 neue Gaskraftwerke bauen, dann die F\u00f6rderung regenerativer Energien ab dem 1. Januar 2027 einstellen, schon jetzt bekommen nach einer Gesetzesreform Betreiber von Windkraftanlagen keine Verg\u00fctung mehr f\u00fcr Strom. den sie nicht einspeisen k\u00f6nnen, weil die\u2026","rel":"","context":"In &quot;M\u00fcnchhausens Kolumne&quot;","block_context":{"text":"M\u00fcnchhausens Kolumne","link":"https:\/\/www.bernd-leitenberger.de\/blog\/category\/satire\/muenchhausen\/"},"img":{"alt_text":"","src":"","width":0,"height":0},"classes":[]},{"id":18389,"url":"https:\/\/www.bernd-leitenberger.de\/blog\/2025\/09\/17\/die-glorreichen-10-die-besten-deutschen-panzer-im-zweiten-weltkrieg\/","url_meta":{"origin":10309,"position":1},"title":"Die glorreichen 10 &#8211; Die besten deutschen Panzer im Zweiten Weltkrieg","author":"Bernd Leitenberger","date":"17. September 2025","format":false,"excerpt":"Heute wieder ein neuer Blog im allseits beliebten Format \"Die glorreichen 10\". Diesmal geht es um die Panzer der Wehrmacht im Zweiten Weltkrieg. Deutschland sticht hier heraus, weil es im Zweiten Weltkrieg sehr viele Modelle einsetzte \u2013 sechs Hauptlinien mit mehreren Submodifikationen und daraus abgeleitet noch zahlreiche andere Modelle. Bei\u2026","rel":"","context":"In &quot;Die Glorreichen 10&quot;","block_context":{"text":"Die Glorreichen 10","link":"https:\/\/www.bernd-leitenberger.de\/blog\/category\/allgemein\/die-glorreichen-10\/"},"img":{"alt_text":"","src":"https:\/\/vg02.met.vgwort.de\/na\/8ae7f5ac55f14b0282aac782fa596ba3","width":350,"height":200},"classes":[]},{"id":18627,"url":"https:\/\/www.bernd-leitenberger.de\/blog\/2026\/04\/05\/artemis-ii\/","url_meta":{"origin":10309,"position":2},"title":"Artemis II","author":"Bernd Leitenberger","date":"5. April 2026","format":false,"excerpt":"Seit gestern ist nun die Artemis II Mission auf dem Mond, wenige Tage zuvor hat NASA Administrator Isaac Jaredmann neue Pl\u00e4ne ank\u00fcndigt. Zeit mal was dazu zu schreiben. Ich fange aber mit was an was zusammenh\u00e4ngt: Die Verseichtung. Keine Ahnung ob es den Begriff schon gibt, ich beschreibe damit das\u2026","rel":"","context":"In &quot;Raumfahrt&quot;","block_context":{"text":"Raumfahrt","link":"https:\/\/www.bernd-leitenberger.de\/blog\/category\/raumfahrt\/"},"img":{"alt_text":"","src":"https:\/\/vg07.met.vgwort.de\/na\/9a9d83018f8447148efa0d8328798e18","width":350,"height":200},"classes":[]},{"id":18605,"url":"https:\/\/www.bernd-leitenberger.de\/blog\/2026\/03\/13\/artemis-berechnungen\/","url_meta":{"origin":10309,"position":3},"title":"Artemis-Berechnungen","author":"Bernd Leitenberger","date":"13. M\u00e4rz 2026","format":false,"excerpt":"Wie ihr vielleicht schon mitbekommen habt, gibt es im Artemisprogramm Neuigkeiten. Da wurde zuerst eine neue Erdorbitmission zur Erprobung der Lander eingeschoben, Artemis III wird also nicht auf dem Mond landen. Die zweite Neuerung war das die Oberstufe EUS wegf\u00e4llt. Zuerst mal dazu. Ein Bericht des OMG, so eine Art\u2026","rel":"","context":"In &quot;Raumfahrt&quot;","block_context":{"text":"Raumfahrt","link":"https:\/\/www.bernd-leitenberger.de\/blog\/category\/raumfahrt\/"},"img":{"alt_text":"","src":"https:\/\/vg07.met.vgwort.de\/na\/8003982d62154aaf9914aedb1248c232","width":350,"height":200},"classes":[]},{"id":18603,"url":"https:\/\/www.bernd-leitenberger.de\/blog\/2026\/03\/12\/politikverdruss\/","url_meta":{"origin":10309,"position":4},"title":"Politikverdruss","author":"Bernd Leitenberger","date":"12. M\u00e4rz 2026","format":false,"excerpt":"Bei uns wurde in BW gew\u00e4hlt und nat\u00fcrlich gab es jede Menge Sendungen im Radio und Fernsehen mit den Spitzenkandidaten. Ich habe mir die SWR1 Reihe \"Leute\", ein Radio-Talkformat mit den Spitzenkandidaten angeh\u00f6rt und nehme das mal als Aufh\u00e4nger etwas \u00fcber das zu schreiben was mich an der Politik in\u2026","rel":"","context":"In &quot;Allgemein&quot;","block_context":{"text":"Allgemein","link":"https:\/\/www.bernd-leitenberger.de\/blog\/category\/allgemein\/"},"img":{"alt_text":"","src":"https:\/\/vg07.met.vgwort.de\/na\/9297ac798f9047d9a27f46008ab7fa99","width":350,"height":200},"classes":[]},{"id":4557,"url":"https:\/\/www.bernd-leitenberger.de\/blog\/2011\/04\/03\/atom-und-wahlnachlese\/","url_meta":{"origin":10309,"position":5},"title":"Atom- und Wahlnachlese","author":"Bernd Leitenberger","date":"3. April 2011","format":false,"excerpt":"Nun einige Wochen nach dem Super-Gau von Japan wird es an der Zeit f?r eine Nachlese und zwar eine etwas allgemeiner gehaltene. Ich m?chte an dieser Stelle mal meine Einstellung zur Kernkraft in den letzten Jahrzehnten reflektieren. Ich war urspr?nglich f?r Kernkraft. Wie viele andere, glaubte ich an umweltfreundliche Energie\u2026","rel":"","context":"In &quot;Allgemein&quot;","block_context":{"text":"Allgemein","link":"https:\/\/www.bernd-leitenberger.de\/blog\/category\/allgemein\/"},"img":{"alt_text":"","src":"","width":0,"height":0},"classes":[]}],"jetpack_sharing_enabled":true,"amp_enabled":true,"_links":{"self":[{"href":"https:\/\/www.bernd-leitenberger.de\/blog\/wp-json\/wp\/v2\/posts\/10309","targetHints":{"allow":["GET"]}}],"collection":[{"href":"https:\/\/www.bernd-leitenberger.de\/blog\/wp-json\/wp\/v2\/posts"}],"about":[{"href":"https:\/\/www.bernd-leitenberger.de\/blog\/wp-json\/wp\/v2\/types\/post"}],"author":[{"embeddable":true,"href":"https:\/\/www.bernd-leitenberger.de\/blog\/wp-json\/wp\/v2\/users\/169"}],"replies":[{"embeddable":true,"href":"https:\/\/www.bernd-leitenberger.de\/blog\/wp-json\/wp\/v2\/comments?post=10309"}],"version-history":[{"count":0,"href":"https:\/\/www.bernd-leitenberger.de\/blog\/wp-json\/wp\/v2\/posts\/10309\/revisions"}],"wp:attachment":[{"href":"https:\/\/www.bernd-leitenberger.de\/blog\/wp-json\/wp\/v2\/media?parent=10309"}],"wp:term":[{"taxonomy":"category","embeddable":true,"href":"https:\/\/www.bernd-leitenberger.de\/blog\/wp-json\/wp\/v2\/categories?post=10309"},{"taxonomy":"post_tag","embeddable":true,"href":"https:\/\/www.bernd-leitenberger.de\/blog\/wp-json\/wp\/v2\/tags?post=10309"}],"curies":[{"name":"wp","href":"https:\/\/api.w.org\/{rel}","templated":true}]}}