{"id":10718,"date":"2015-01-02T00:11:13","date_gmt":"2015-01-01T23:11:13","guid":{"rendered":"http:\/\/www.bernd-leitenberger.de\/blog\/?p=10718"},"modified":"2015-01-01T15:20:05","modified_gmt":"2015-01-01T14:20:05","slug":"anstatt-einem-vorausblick-auf-2015","status":"publish","type":"post","link":"https:\/\/www.bernd-leitenberger.de\/blog\/2015\/01\/02\/anstatt-einem-vorausblick-auf-2015\/","title":{"rendered":"Anstatt einem Vorausblick auf 2015"},"content":{"rendered":"<p>Ich muss gestehen, in den letzten Jahren besch&auml;ftige ich mich weniger mit zuk&uuml;nftigen Raumfahrtmissionen so ist mir nicht so viel eingefallen zumindest nicht, dass es f&uuml;r einen ganzen Blog reicht. Also wir h&auml;tten da den von diesem November auf Februar verschobenen Testflug des europ&auml;ischen Testgleiter IXV, dann wird so um den M&auml;rz herum Dawn Ceres erreichen und dann im Juli <a href=\"\/new-horizons3.shtml\" target=\"_blank\">New Horizons <\/a>Pluto. Dank der IAO und <a href=\"\/dawn.shtml\" target=\"_blank\">Dawn <\/a>ist es weder der Besuch des letzten Planeten noch der erste eines Zwergplaneten.<!--more--><\/p>\n<p>Ich habe mir deswegen was anderes vorgenommen. Ich hatte ja schon angek&uuml;ndigt das ich mich n&auml;chsten Jahr mehr auf die B&uuml;cher konzentrieren will. Mit selbst viel schon auf, das ich da viel Schleifen lies in diesem Jahr. Dabei habe ich im Gegenzug nicht mal viel an der Webseite gemacht. Es gibt daf&uuml;r verschiedene Gr&uuml;nde, auch private die ich nicht beeinflussen kann, aber ich habe auch viel Zeit vertr&ouml;delt. F&uuml;r das n&auml;chste Jahr habe ich mir daher fest vorgenommen, alles was derzeit angefangen oder angedacht ist im n&auml;chsten Jahr zu vollenden. Und als kleinen Druck hier einige verbindliche Termine:<\/p>\n<ul>\n<li>Neue ATV-Auflage: +1 Monat nach ATV Wiedereintritt (der ist derzeit f&uuml;r Mitte Februar geplant)<\/li>\n<li>Neue Auflage Zusatzstoffe: 1.4.2015<\/li>\n<li>Neue Auflage Europ&auml;ische Tr&auml;gerraketen Teil 2: 1.7.2015<\/li>\n<li>Neue Auflage Internationale Tr&auml;gerraketen: 1.10.2015<\/li>\n<li>Neues Buch &#8222;Ern&auml;hrungslehre&#8220; (genauer Titel steht noch nicht fest): 1.12.2015<\/li>\n<\/ul>\n<p>Und als kleinen Ansporn gibt es, wenn ich das Datum eines oder mehrerer B&uuml;cher nicht einhalt,e f&uuml;r den der das als erstes entdeckt und meldet ein kostenloses Buch aus meiner Schreibe nach seiner Wahl.<\/p>\n<p>Daf&uuml;r will ich beim Blog k&uuml;rzer treten. Angek&uuml;ndigt habe ich das ja schon lange, aber es wird Zeit es auch zu tun. Ich habe schon seit Jahren das Gef&uuml;hl das es eigentlich immer dieselben Themen sind die auftauchen, auch weil ich meistens einen Blog schnell wieder vergesse. So wird es einige L&uuml;cken geben, denn die Hoffnung das Gastautoren die L&uuml;cke auff&uuml;llen k&ouml;nnten habe ich inzwischen aufgegeben.<\/p>\n<p>&nbsp;<\/p>\n","protected":false},"excerpt":{"rendered":"<p>Ich muss gestehen, in den letzten Jahren besch&auml;ftige ich mich weniger mit zuk&uuml;nftigen Raumfahrtmissionen so ist mir nicht so viel eingefallen zumindest nicht, dass es f&uuml;r einen ganzen Blog reicht. Also wir h&auml;tten da den von diesem November auf Februar verschobenen Testflug des europ&auml;ischen Testgleiter IXV, dann wird so um den M&auml;rz herum Dawn Ceres [&hellip;]<\/p>\n","protected":false},"author":169,"featured_media":0,"comment_status":"open","ping_status":"open","sticky":false,"template":"","format":"standard","meta":{"_jetpack_memberships_contains_paid_content":false,"footnotes":""},"categories":[1,704],"tags":[3813,3812],"class_list":["post-10718","post","type-post","status-publish","format-standard","hentry","category-allgemein","category-buecher","tag-3813","tag-vorausblick","entry"],"a3_pvc":{"activated":false,"total_views":382,"today_views":0},"jetpack_featured_media_url":"","jetpack-related-posts":[{"id":18485,"url":"https:\/\/www.bernd-leitenberger.de\/blog\/2026\/01\/13\/programm-437\/","url_meta":{"origin":10718,"position":0},"title":"Programm 437","author":"Bernd Leitenberger","date":"13. Januar 2026","format":false,"excerpt":"Ich wei\u00df, ich mache mich in den letzten Wochen etwas rar. Daf\u00fcr gibt es zwei Gr\u00fcnde. Da ist zum einen die gesamte politische Lage. Prim\u00e4r nat\u00fcrlich in dem Land des unbegrenzten Irrsinns. Wenn der Machthaber von Venezuela entf\u00fchrt wird und unter falscher Begr\u00fcndung angeklagt wird - weil es ja in\u2026","rel":"","context":"In &quot;Raumfahrt&quot;","block_context":{"text":"Raumfahrt","link":"https:\/\/www.bernd-leitenberger.de\/blog\/category\/raumfahrt\/"},"img":{"alt_text":"","src":"https:\/\/vg06.met.vgwort.de\/na\/3d6eb16326d743baa56f5ece884b5d21","width":350,"height":200},"classes":[]},{"id":18488,"url":"https:\/\/www.bernd-leitenberger.de\/blog\/2026\/01\/16\/die-raumfahrtnachlese-2025\/","url_meta":{"origin":10718,"position":1},"title":"Die Raumfahrtnachlese 2025","author":"Bernd Leitenberger","date":"16. Januar 2026","format":false,"excerpt":"Ich schiebe etwas sp\u00e4t eine kurze Raumfahrtnachlese f\u00fcr 2025 nach. Das auff\u00e4lligste ist nat\u00fcrlich der rasante Anstieg der Starts bzw. Startversuche, 325 waren es letztes Jahr. Eine Steigerung um 58 gegen\u00fcber letztem Jahr und damit nicht nur in der H\u00f6he ein Rekord, sondern auch im Zuwachs. Nur mal als Vergleich\u2026","rel":"","context":"In &quot;Raumfahrt&quot;","block_context":{"text":"Raumfahrt","link":"https:\/\/www.bernd-leitenberger.de\/blog\/category\/raumfahrt\/"},"img":{"alt_text":"","src":"https:\/\/vg06.met.vgwort.de\/na\/25bb1cf6b21949af835bc77482e531d6","width":350,"height":200},"classes":[]},{"id":12013,"url":"https:\/\/www.bernd-leitenberger.de\/blog\/2016\/09\/27\/entstehung-von-leben-auf-der-erde-und-im-sonnensystem\/","url_meta":{"origin":10718,"position":2},"title":"Entstehung von Leben auf der Erde und im Sonnensystem","author":"Bernd Leitenberger","date":"27. September 2016","format":false,"excerpt":"Eines der Dauerbrennerthemen bei Sendungen \u00fcber Astronomie ist es, wo es noch Leben geben k\u00f6nnte. Man kann ja viel spekulieren \u00fcber fremde Planeten, doch am meisten wird nat\u00fcrlich \u00fcber Leben in unserem Sonnensystem spekuliert. Die NASA n\u00e4hrt das sehr gut, vor allem beim Mars. Auch wenn sie von \"Der Suche\u2026","rel":"","context":"In &quot;Allgemein&quot;","block_context":{"text":"Allgemein","link":"https:\/\/www.bernd-leitenberger.de\/blog\/category\/allgemein\/"},"img":{"alt_text":"","src":"http:\/\/vg02.met.vgwort.de\/na\/4e11b05707214a29aee07687a953aec8","width":350,"height":200},"classes":[]},{"id":18637,"url":"https:\/\/www.bernd-leitenberger.de\/blog\/2026\/04\/14\/galileo-galilei\/","url_meta":{"origin":10718,"position":3},"title":"Galileo Galilei","author":"Bernd Leitenberger","date":"14. April 2026","format":false,"excerpt":"Auch heute wieder ein kleiner Ausschnitt aus dem aktuellen Manuskript an dem ich arbeite. Als ich an ihm arbeitete, fielen mir die Paralellen zur heutigen Trumpregierung auf und ich habe meinen Text unten noch um einen Absatz \u00fcber heute erg\u00e4nzt, der im Buch fehlt und dort auch nicht erscheint, es\u2026","rel":"","context":"In &quot;Allgemein&quot;","block_context":{"text":"Allgemein","link":"https:\/\/www.bernd-leitenberger.de\/blog\/category\/allgemein\/"},"img":{"alt_text":"","src":"https:\/\/vg06.met.vgwort.de\/na\/e4f9253ed58c476b8b2cfc206b9a6fb5","width":350,"height":200},"classes":[]},{"id":18385,"url":"https:\/\/www.bernd-leitenberger.de\/blog\/2025\/09\/07\/spacex-splitter\/","url_meta":{"origin":10718,"position":4},"title":"SpaceX-Splitter","author":"Bernd Leitenberger","date":"7. September 2025","format":false,"excerpt":"Der heutige Blog ist nicht neu, das, was ich schreibe habe ich schon einige Male geschrieben, aber ebenso wie ich zum wiederholten Male Artikel \u00fcber den Fortschritt oder fehlenden Fortschritt in anderen Webseiten lese, denke ich kann man einiges noch mal aufkochen. Ich will das als eine Folge von fiktiven\u2026","rel":"","context":"In &quot;SpaceX&quot;","block_context":{"text":"SpaceX","link":"https:\/\/www.bernd-leitenberger.de\/blog\/category\/raumfahrt\/spacex\/"},"img":{"alt_text":"","src":"https:\/\/vg02.met.vgwort.de\/na\/b2e94ef07fec4d7190886846bcbb4589","width":350,"height":200},"classes":[]},{"id":18432,"url":"https:\/\/www.bernd-leitenberger.de\/blog\/2025\/10\/08\/vor-dem-starship-teststart-ift-11\/","url_meta":{"origin":10718,"position":5},"title":"Vor dem Starship-Teststart  IFT-11","author":"Bernd Leitenberger","date":"8. Oktober 2025","format":false,"excerpt":"Am 13.ten Oktober plant Space den n\u00e4chsten Start eines Starships, den elften insgesamt und den letzten eines Starship V2, von dem wie vom Starship V1 sechs St\u00fcck gebaut wurden, eines wurde aber schon vor dem Start am 18. Juni bei einem Probecountdown zerst\u00f6rt, als eine Stickstoff-Druckgasflasche in der Nutzlastsektion explodierte.\u2026","rel":"","context":"In &quot;SpaceX&quot;","block_context":{"text":"SpaceX","link":"https:\/\/www.bernd-leitenberger.de\/blog\/category\/raumfahrt\/spacex\/"},"img":{"alt_text":"","src":"https:\/\/vg01.met.vgwort.de\/na\/54bff6c362394707a9e7b98da907e517","width":350,"height":200},"classes":[]}],"jetpack_sharing_enabled":true,"amp_enabled":true,"_links":{"self":[{"href":"https:\/\/www.bernd-leitenberger.de\/blog\/wp-json\/wp\/v2\/posts\/10718","targetHints":{"allow":["GET"]}}],"collection":[{"href":"https:\/\/www.bernd-leitenberger.de\/blog\/wp-json\/wp\/v2\/posts"}],"about":[{"href":"https:\/\/www.bernd-leitenberger.de\/blog\/wp-json\/wp\/v2\/types\/post"}],"author":[{"embeddable":true,"href":"https:\/\/www.bernd-leitenberger.de\/blog\/wp-json\/wp\/v2\/users\/169"}],"replies":[{"embeddable":true,"href":"https:\/\/www.bernd-leitenberger.de\/blog\/wp-json\/wp\/v2\/comments?post=10718"}],"version-history":[{"count":0,"href":"https:\/\/www.bernd-leitenberger.de\/blog\/wp-json\/wp\/v2\/posts\/10718\/revisions"}],"wp:attachment":[{"href":"https:\/\/www.bernd-leitenberger.de\/blog\/wp-json\/wp\/v2\/media?parent=10718"}],"wp:term":[{"taxonomy":"category","embeddable":true,"href":"https:\/\/www.bernd-leitenberger.de\/blog\/wp-json\/wp\/v2\/categories?post=10718"},{"taxonomy":"post_tag","embeddable":true,"href":"https:\/\/www.bernd-leitenberger.de\/blog\/wp-json\/wp\/v2\/tags?post=10718"}],"curies":[{"name":"wp","href":"https:\/\/api.w.org\/{rel}","templated":true}]}}