{"id":10852,"date":"2015-03-08T11:30:49","date_gmt":"2015-03-08T10:30:49","guid":{"rendered":"http:\/\/www.bernd-leitenberger.de\/blog\/?p=10852"},"modified":"2015-03-18T11:46:08","modified_gmt":"2015-03-18T10:46:08","slug":"noch-eine-fragenrunde","status":"publish","type":"post","link":"https:\/\/www.bernd-leitenberger.de\/blog\/2015\/03\/08\/noch-eine-fragenrunde\/","title":{"rendered":"Noch eine Fragenrunde"},"content":{"rendered":"<p>Ich m&ouml;chte gerne die zweite Auflage meines &#8222;Ern&auml;hrungs-FAQ&#8220; Buchs (<a href=\"http:\/\/www.amazon.de\/gp\/product\/3732239691\/ref=as_li_tl?ie=UTF8&amp;camp=1638&amp;creative=19454&amp;creativeASIN=3732239691&amp;linkCode=as2&amp;tag=berndleitenbs-21&amp;linkId=UONHKK6UT7JCS3QL\">Was Sie schon immer &uuml;ber Lebensmittel und Ern&auml;hrung wissen wollten<\/a><img loading=\"lazy\" decoding=\"async\" style=\"border: none !important; margin: 0px !important;\" src=\"http:\/\/ir-de.amazon-adsystem.com\/e\/ir?t=berndleitenbs-21&amp;l=as2&amp;o=3&amp;a=3732239691\" alt=\"\" width=\"1\" height=\"1\" border=\"0\" \/>) um einige neue Fragen erweitern. Es gab ja schon mal zwei Runden, bei der ich die meisten Fragen auch aufgegriffen und beantwortet habe (nicht nur im Buch, sondern auch im Blog).\u00a0F&uuml;r die Erg&auml;nzung suche ich daher neue Fragen. Also her damit. Keine Angst ob es die Frage schon gab (das bemerke ich dann schon) oder sie zu speziell ist. Das kann ich dann schon selbst entscheiden.<\/p>\n<p>Der Themenbereich um den es geht ist:<\/p>\n<ul>\n<li>Lebensmittel und ihre Bestandteile<\/li>\n<li>Ern&auml;hrung<\/li>\n<li>Lebensmittelrecht (Deklaration, Werbung etc.)<\/li>\n<li>Zusatzstoffe, R&uuml;ckst&auml;nde, Kontaminationen etc.<\/li>\n<\/ul>\n<p>Damit das auch alle durchlesen, bleibt dieser Punkt f&uuml;r eine Woche in der Topposition im Blog.<\/p>\n<p>&nbsp;<\/p>\n","protected":false},"excerpt":{"rendered":"<p>Ich m&ouml;chte gerne die zweite Auflage meines &#8222;Ern&auml;hrungs-FAQ&#8220; Buchs (Was Sie schon immer &uuml;ber Lebensmittel und Ern&auml;hrung wissen wollten) um einige neue Fragen erweitern. Es gab ja schon mal zwei Runden, bei der ich die meisten Fragen auch aufgegriffen und beantwortet habe (nicht nur im Buch, sondern auch im Blog).\u00a0F&uuml;r die Erg&auml;nzung suche ich daher [&hellip;]<\/p>\n","protected":false},"author":169,"featured_media":0,"comment_status":"open","ping_status":"open","sticky":false,"template":"","format":"standard","meta":{"_jetpack_memberships_contains_paid_content":false,"footnotes":""},"categories":[276],"tags":[3420,2562],"class_list":["post-10852","post","type-post","status-publish","format-standard","hentry","category-ernaehrung","tag-ernaehrungsfragen","tag-fragen","entry"],"a3_pvc":{"activated":false,"total_views":8264,"today_views":0},"jetpack_featured_media_url":"","jetpack-related-posts":[{"id":18415,"url":"https:\/\/www.bernd-leitenberger.de\/blog\/2025\/10\/01\/die-groessten-raetsel-in-der-fruehen-erdgeschichte-2\/","url_meta":{"origin":10852,"position":0},"title":"Die gr&ouml;&szlig;ten R&auml;tsel in der fr&uuml;hen Erdgeschichte (2)","author":"Bernd Leitenberger","date":"1. Oktober 2025","format":false,"excerpt":"So weiter geht es mit dem Artikel zu fragen oder R\u00e4tseln der fr\u00fchen Erdgeschichte also vor dem Kambrium. Dieser Teil schlie\u00dft inhaltlich an den ersten Teil von gestern an. Die langsame Evolution der Eukaryoten Biologen unterscheiden zwischen Prokaryonten und Eukaryoten. Alle Bakterien, einschlie\u00dflich der Cyanobakterien, sind Prokaryoten \u2013 Zellen ohne\u2026","rel":"","context":"In &quot;Chemie&quot;","block_context":{"text":"Chemie","link":"https:\/\/www.bernd-leitenberger.de\/blog\/category\/chemie\/"},"img":{"alt_text":"","src":"https:\/\/vg01.met.vgwort.de\/na\/e534ab16d0564d968b03e686e6c982bb","width":350,"height":200},"classes":[]},{"id":16031,"url":"https:\/\/www.bernd-leitenberger.de\/blog\/2022\/08\/15\/nicht-so-tasty\/","url_meta":{"origin":10852,"position":1},"title":"Nicht so Tasty","author":"Bernd Leitenberger","date":"15. August 2022","format":false,"excerpt":"Letzte Woche gab es von der Aldi Marke \u201eMucci\u201c die energiereduzierten Eisvariationen der Marke \u201eLess & Tasty\u201c im Angebot. Regul\u00e4r kostet ein Becher von 500 ml 2,89 Euro und damit erheblich mehr als das normale Eis der Eigenmarke \u201eMucci\u201c. Ich habe mir mal zwei Becher gekauft und zwar \u201eWalnuss Vanille\u201c\u2026","rel":"","context":"In &quot;Ern\u00e4hrung&quot;","block_context":{"text":"Ern\u00e4hrung","link":"https:\/\/www.bernd-leitenberger.de\/blog\/category\/ernaehrung\/"},"img":{"alt_text":"","src":"https:\/\/vg05.met.vgwort.de\/na\/f94905129aca445eb5f4b5305dd72217","width":350,"height":200},"classes":[]},{"id":18436,"url":"https:\/\/www.bernd-leitenberger.de\/blog\/2025\/10\/11\/intransparenz-bei-omega-3-praeparaten\/","url_meta":{"origin":10852,"position":2},"title":"Intransparenz bei Omega-3 Pr&auml;paraten","author":"Bernd Leitenberger","date":"11. Oktober 2025","format":false,"excerpt":"Ich habe schon ein paar Mal \u00fcber die Omega-3-Fetts\u00e4uren geschrieben. Diesmal m\u00f6chte ich mich relativ kurz fassen und nur auf einen besonderen Aspekt eingehen, n\u00e4mlich den Gehalt an Omega-3-Fetts\u00e4uren in k\u00e4uflichen Pr\u00e4paraten. Aber zuerst ein paar Grundlagen. In der organischen Chemie gibt es ein Nomenklatursystem, um Chemikalien und Substanzen genau\u2026","rel":"","context":"In &quot;Ern\u00e4hrung&quot;","block_context":{"text":"Ern\u00e4hrung","link":"https:\/\/www.bernd-leitenberger.de\/blog\/category\/ernaehrung\/"},"img":{"alt_text":"","src":"https:\/\/vg01.met.vgwort.de\/na\/c87d2dda0f864e3e9949f7cb7c09df0d","width":350,"height":200},"classes":[]},{"id":18627,"url":"https:\/\/www.bernd-leitenberger.de\/blog\/2026\/04\/05\/artemis-ii\/","url_meta":{"origin":10852,"position":3},"title":"Artemis II","author":"Bernd Leitenberger","date":"5. April 2026","format":false,"excerpt":"Seit gestern ist nun die Artemis II Mission auf dem Mond, wenige Tage zuvor hat NASA Administrator Isaac Jaredmann neue Pl\u00e4ne ank\u00fcndigt. Zeit mal was dazu zu schreiben. Ich fange aber mit was an was zusammenh\u00e4ngt: Die Verseichtung. Keine Ahnung ob es den Begriff schon gibt, ich beschreibe damit das\u2026","rel":"","context":"In &quot;Raumfahrt&quot;","block_context":{"text":"Raumfahrt","link":"https:\/\/www.bernd-leitenberger.de\/blog\/category\/raumfahrt\/"},"img":{"alt_text":"","src":"https:\/\/vg07.met.vgwort.de\/na\/9a9d83018f8447148efa0d8328798e18","width":350,"height":200},"classes":[]},{"id":12013,"url":"https:\/\/www.bernd-leitenberger.de\/blog\/2016\/09\/27\/entstehung-von-leben-auf-der-erde-und-im-sonnensystem\/","url_meta":{"origin":10852,"position":4},"title":"Entstehung von Leben auf der Erde und im Sonnensystem","author":"Bernd Leitenberger","date":"27. September 2016","format":false,"excerpt":"Eines der Dauerbrennerthemen bei Sendungen \u00fcber Astronomie ist es, wo es noch Leben geben k\u00f6nnte. Man kann ja viel spekulieren \u00fcber fremde Planeten, doch am meisten wird nat\u00fcrlich \u00fcber Leben in unserem Sonnensystem spekuliert. Die NASA n\u00e4hrt das sehr gut, vor allem beim Mars. Auch wenn sie von \"Der Suche\u2026","rel":"","context":"In &quot;Allgemein&quot;","block_context":{"text":"Allgemein","link":"https:\/\/www.bernd-leitenberger.de\/blog\/category\/allgemein\/"},"img":{"alt_text":"","src":"http:\/\/vg02.met.vgwort.de\/na\/4e11b05707214a29aee07687a953aec8","width":350,"height":200},"classes":[]},{"id":18406,"url":"https:\/\/www.bernd-leitenberger.de\/blog\/2025\/09\/23\/der-blogautor-von-der-ki-beurteilt\/","url_meta":{"origin":10852,"position":5},"title":"Der Blogautor von der KI beurteilt","author":"Bernd Leitenberger","date":"23. September 2025","format":false,"excerpt":"Ich nutze inzwischen auch eine KI. Prim\u00e4r zu Recherche, im Browser https:\/\/www.perplexity.ai die f\u00fcr Recherchen (nach Eigenauskunft) spezialisiert ist. Seit ich vor mehr als zwei Jahren die KI zum ersten Mal getestet habe, hat diese sich enorm gebessert. Sie fabuliert weniger und ist intelligenter. Damals konnte man noch die AI\u2026","rel":"","context":"In &quot;Allgemein&quot;","block_context":{"text":"Allgemein","link":"https:\/\/www.bernd-leitenberger.de\/blog\/category\/allgemein\/"},"img":{"alt_text":"","src":"https:\/\/vg01.met.vgwort.de\/na\/c334c52e97b74da9b82424a9e80c6d97","width":350,"height":200},"classes":[]}],"jetpack_sharing_enabled":true,"amp_enabled":true,"_links":{"self":[{"href":"https:\/\/www.bernd-leitenberger.de\/blog\/wp-json\/wp\/v2\/posts\/10852","targetHints":{"allow":["GET"]}}],"collection":[{"href":"https:\/\/www.bernd-leitenberger.de\/blog\/wp-json\/wp\/v2\/posts"}],"about":[{"href":"https:\/\/www.bernd-leitenberger.de\/blog\/wp-json\/wp\/v2\/types\/post"}],"author":[{"embeddable":true,"href":"https:\/\/www.bernd-leitenberger.de\/blog\/wp-json\/wp\/v2\/users\/169"}],"replies":[{"embeddable":true,"href":"https:\/\/www.bernd-leitenberger.de\/blog\/wp-json\/wp\/v2\/comments?post=10852"}],"version-history":[{"count":0,"href":"https:\/\/www.bernd-leitenberger.de\/blog\/wp-json\/wp\/v2\/posts\/10852\/revisions"}],"wp:attachment":[{"href":"https:\/\/www.bernd-leitenberger.de\/blog\/wp-json\/wp\/v2\/media?parent=10852"}],"wp:term":[{"taxonomy":"category","embeddable":true,"href":"https:\/\/www.bernd-leitenberger.de\/blog\/wp-json\/wp\/v2\/categories?post=10852"},{"taxonomy":"post_tag","embeddable":true,"href":"https:\/\/www.bernd-leitenberger.de\/blog\/wp-json\/wp\/v2\/tags?post=10852"}],"curies":[{"name":"wp","href":"https:\/\/api.w.org\/{rel}","templated":true}]}}