{"id":124,"date":"2008-03-07T15:36:04","date_gmt":"2008-03-07T13:36:04","guid":{"rendered":"http:\/\/bernd-leitenberger.de\/blog\/2008\/03\/07\/ich-bin-ein-technikmuffel\/"},"modified":"2010-05-23T18:27:02","modified_gmt":"2010-05-23T16:27:02","slug":"ich-bin-ein-technikmuffel","status":"publish","type":"post","link":"https:\/\/www.bernd-leitenberger.de\/blog\/2008\/03\/07\/ich-bin-ein-technikmuffel\/","title":{"rendered":"Ich bin ein Technikmuffel&#8230;."},"content":{"rendered":"\n<p>&#8230; zu dieser Einsicht bin ich bei dem Durchlesen der Neuigkeiten der CeBIT gekommen. Ich   dachte bisher ich w&auml;re sehr an Computern interessiert und aufgeschlossen gegen&uuml;ber Neuerungen,   doch diesmal ist nichts dabei das ich wirklich haben m&uuml;sste. Weder das iPhone, weil ich nicht   verstehe warum ich mir auf einem Winzigdisplay Videos und Webseiten anschauen soll, die ich doch   viel einfacher auf dem Computer sehen kann. Noch die verschiedenen Multimediaerweiterungen f&uuml;r   mein Heim um Videos und Audio &uuml;berall anzusehen, zu streamen oder aufzunehmen &#8211; Wenn ich mal eine   Fernsehsendung verpasst habe, dann schaue ich sie am Computer w&auml;hrend ich was anderes mache   parallel an und dort spiele ich auch die MP3 Songs ab. Noch lockt mich ein neuer   Flachbildfernseher &#8211; zumindest so lange bis nicht HDTV den Regelbetrieb bei uns aufgenommen hat,   was nicht vor den olympischen Winterspielen 2010 also in 2 Jahren sein d&uuml;rfte.<\/p>\n<p><!--more--><\/p>\n<p>Meine Ausfl&uuml;ge ins Web 2.0 habe ich hinter mir. Chat habe ich als einen ziemlichen Zeitfresser   erkannt und beschr&auml;nke mich darauf es f&uuml;r wichtige Nachrichten innerhalb der Familie oder zu   Kollegen bei der Arbeit zu nutzen, und welchen Sinn es haben sollte von sich Bilder, Profile oder   &auml;hnliches in Myspace, StudiVZ oder anderem zu posten ist mir noch nicht so richtig aufgegangen.   Dabei hat das letzte nat&uuml;rlich nicht so viel mit Technik dazu, denn f&uuml;r diese Dienste und   Communities braucht man ja keine spezielle neue Hardware, sondern es ist nur eine andere Nutzung   schon vorhandener Technologien.<\/p>\n<p>Aber seien wir doch ehrlich: So viel neues gibt s seit Jahren nicht mehr auf der CeBIT.   Prozessoren werden schneller, Speicherriegel haben mehr Speicher und Festplatten werden auch   leistungsf&auml;higer. Aber es fehlt so der echte Durchbruch, das komplett neue, das einen vom Hocker   reist. Das muss nicht etwas weltbewegendes sein. Ich denke das letzte was es da gab war z.B. der   MP3 Spieler. An und f&uuml;r sich was simples. Aber er erm&ouml;glicht es Musik mit einem winzig kleinen   Ger&auml;t zu h&ouml;ren, unempfindlich gegen St&ouml;&szlig;e ohne bewegliche Teile, einfach von jedem am Computer   erf&uuml;llbar ohne CD&#8217;s zu brennen oder Kassetten zu bespielen. Oder der USB Stick, der es erlaubt   wichtige Programme und Dokumente mitzunehmen wohin man will und dann vom Stick aus zu starten und   zu bearbeiten. Ich denke dieser hat auch noch eine Zukunft vor sich wenn er in nicht allzu ferner   Zeit so gro&szlig; ist, dass er eine Betriebssysteminstallation speichern kann. Dann wird man ein Linux   booten k&ouml;nnen und dort in gewohnter Umgebung arbeiten, auch wenn man im Urlaub ist oder mit   wechselnden Ger&auml;ten. Das ganze ginge sicher auch mit Windows, nur passt das wahrscheinlich nicht   zu Microsofts Politik mit der Registrierung und der Hardwareverkn&uuml;pfung von Windows.<\/p>\n<p>Solange dem so ist bleibe ich ein Technikmuffel &#8211; das spart auch eine ganze Menge Geld, denn   die Early Adapters setzen gerne viel Geld in den Sand. Aktuelles Beispiel: Das Ende der HD-DVD.   Dabei bin ich froh, dass nun ein Format gesiegt hat, bevor die Ger&auml;te in den Preisbereich rutschen   wo sie f&uuml;r jedermann erschwinglich sind. Denn bei HD-DVD und BlueRay durfte zumindest beim Brennen   inkompatibel und man muss sich f&uuml;r ein Format entscheiden &#8211; das ist mehr wie bei Videostandards   VHS, Betamax und video2000 als wie bei den DVD R-, R+ und RAM Formaten die sich (mit Ausnahme der   DVD-RAM) nur in Kleinigkeiten unterschieden.<\/p>\n<p>Doch auch BlueRay prophezeie ich in Deutschland erst ab 2010 einen gro&szlig;en Run &#8211; au&szlig;er   Enthusiasten werden sich die meisten erst dann einen HD f&auml;higen Fernseher kaufen wenn auch das   Fernsehprogramm in HD ausgestrahlt wird. 2007 verkaufte man in den USA pro Monat noch erheblich   mehr DVD Spieler als HD-DVD und Blue Ray Ger&auml;te zusammen im ganzen Jahr. In diesem Sinne- mal   sehen was es auf der n&auml;chsten CeBIT gibt.<\/p>\n","protected":false},"excerpt":{"rendered":"<p>&#8230; zu dieser Einsicht bin ich bei dem Durchlesen der Neuigkeiten der CeBIT gekommen. Ich dachte bisher ich w&auml;re sehr an Computern interessiert und aufgeschlossen gegen&uuml;ber Neuerungen, doch diesmal ist nichts dabei das ich wirklich haben m&uuml;sste. Weder das iPhone, weil ich nicht verstehe warum ich mir auf einem Winzigdisplay Videos und Webseiten anschauen soll, [&hellip;]<\/p>\n","protected":false},"author":169,"featured_media":0,"comment_status":"open","ping_status":"open","sticky":false,"template":"","format":"standard","meta":{"_jetpack_memberships_contains_paid_content":false,"footnotes":""},"categories":[4],"tags":[1059],"class_list":["post-124","post","type-post","status-publish","format-standard","hentry","category-computer","tag-technik","entry"],"a3_pvc":{"activated":false,"total_views":442,"today_views":0},"jetpack_featured_media_url":"","jetpack-related-posts":[{"id":18380,"url":"https:\/\/www.bernd-leitenberger.de\/blog\/2025\/09\/03\/die-glorreichen-10-das-war-mal-weg-pc-hardware\/","url_meta":{"origin":124,"position":0},"title":"Die glorreichen 10 &#8211; Das war mal weg: PC Hardware","author":"Bernd Leitenberger","date":"3. September 2025","format":false,"excerpt":"Ich will heute mal zwei ZDF Info \/ Neo Sendungen verbinden. Die glorreichen 10, die bei mir als Vorlage f\u00fcr einige Blogs dienten und die von mir noch mehr gesch\u00e4tzte Sendung \"Das war mal weg\", wo es um Dinge geht, die fr\u00fcher fast jeder hatte und die heute aus unserem\u2026","rel":"","context":"In &quot;Die Glorreichen 10&quot;","block_context":{"text":"Die Glorreichen 10","link":"https:\/\/www.bernd-leitenberger.de\/blog\/category\/allgemein\/die-glorreichen-10\/"},"img":{"alt_text":"","src":"https:\/\/vg02.met.vgwort.de\/na\/876c61d389304d98aa0332fadd769381","width":350,"height":200},"classes":[]},{"id":18610,"url":"https:\/\/www.bernd-leitenberger.de\/blog\/2026\/03\/27\/galileos-cds-teil-1\/","url_meta":{"origin":124,"position":1},"title":"Galileos CDS &#8211; Teil 1","author":"Bernd Leitenberger","date":"27. M\u00e4rz 2026","format":false,"excerpt":"Hall\u00f6chen, es wird Zeit das ich mich mal wieder melde. Es gab zwei Gr\u00fcnde, warum ich mich so rar gemacht habe. Das eine ist das es gerade nicht so viel aktuelles gibt, au\u00dfer einem Update zu Artemis, zu dem ich vielleicht noch etwas schreibe. W\u00e4hrend Trump das ganze Programm nach\u2026","rel":"","context":"In &quot;Raumfahrt&quot;","block_context":{"text":"Raumfahrt","link":"https:\/\/www.bernd-leitenberger.de\/blog\/category\/raumfahrt\/"},"img":{"alt_text":"","src":"https:\/\/vg07.met.vgwort.de\/na\/4fb81c7bafbd4d9d88b5695abdb33d29","width":350,"height":200},"classes":[]},{"id":18627,"url":"https:\/\/www.bernd-leitenberger.de\/blog\/2026\/04\/05\/artemis-ii\/","url_meta":{"origin":124,"position":2},"title":"Artemis II","author":"Bernd Leitenberger","date":"5. April 2026","format":false,"excerpt":"Seit gestern ist nun die Artemis II Mission auf dem Mond, wenige Tage zuvor hat NASA Administrator Isaac Jaredmann neue Pl\u00e4ne ank\u00fcndigt. Zeit mal was dazu zu schreiben. Ich fange aber mit was an was zusammenh\u00e4ngt: Die Verseichtung. Keine Ahnung ob es den Begriff schon gibt, ich beschreibe damit das\u2026","rel":"","context":"In &quot;Raumfahrt&quot;","block_context":{"text":"Raumfahrt","link":"https:\/\/www.bernd-leitenberger.de\/blog\/category\/raumfahrt\/"},"img":{"alt_text":"","src":"https:\/\/vg07.met.vgwort.de\/na\/9a9d83018f8447148efa0d8328798e18","width":350,"height":200},"classes":[]},{"id":18396,"url":"https:\/\/www.bernd-leitenberger.de\/blog\/2025\/09\/19\/die-falcon-9-eine-nachlese-2\/","url_meta":{"origin":124,"position":3},"title":"Die Falcon 9 \u2013 eine Nachlese (2)","author":"Bernd Leitenberger","date":"19. September 2025","format":false,"excerpt":"So und hier folgt der zweite Teil der Nachbetrachtung der Falcon 9, er schlie\u00dft an den ersten Teil von gestern an. Den ganzen Artikel gibt es auch auf der Website. Nutzlastverkleidung Ein einziges System wurde beim \u00dcbergang von der ersten zur heutigen Version kleiner: Die Nutzlastverkleidung wurde von 15,24 auf\u2026","rel":"","context":"In &quot;SpaceX&quot;","block_context":{"text":"SpaceX","link":"https:\/\/www.bernd-leitenberger.de\/blog\/category\/raumfahrt\/spacex\/"},"img":{"alt_text":"","src":"https:\/\/vg02.met.vgwort.de\/na\/56024d59119b4e4685580cdc237045c2","width":350,"height":200},"classes":[]},{"id":18612,"url":"https:\/\/www.bernd-leitenberger.de\/blog\/2026\/03\/28\/galileos-cds-teil-2\/","url_meta":{"origin":124,"position":4},"title":"Galileos CDS \u2013 Teil 2","author":"Bernd Leitenberger","date":"28. M\u00e4rz 2026","format":false,"excerpt":"So, heute geht es weiter mit Teil 2 \u00fcber Galileos CDS, dieser Beitrag schlie\u00dft nahtlos an den ersten Beitrag von gestern an, wie man schon an der ersten Textzeile sieht. Nach der Einleitung im ersten Teil geht es heute weiter damit warum der RCA 1802 genutzt wurde und was seine\u2026","rel":"","context":"In &quot;Raumfahrt&quot;","block_context":{"text":"Raumfahrt","link":"https:\/\/www.bernd-leitenberger.de\/blog\/category\/raumfahrt\/"},"img":{"alt_text":"","src":"https:\/\/vg07.met.vgwort.de\/na\/191e4b0728de42829cf656027b84dc82","width":350,"height":200},"classes":[]},{"id":18419,"url":"https:\/\/www.bernd-leitenberger.de\/blog\/2025\/10\/02\/der-neue-rekordhalter-bei-der-bemannten-raumfahrt\/","url_meta":{"origin":124,"position":5},"title":"Der neue Rekordhalter bei der bemannten Raumfahrt","author":"Bernd Leitenberger","date":"2. Oktober 2025","format":false,"excerpt":"\u2026 ist unfreiwillig Oleg Popolow. Die Geschichte zeigt, wo Russland heute in der Raumfahrt steht. Sie beginnt am 22. September 2022. Russland f\u00fchrt seit rund sieben Monaten Krieg gegen die Ukraine und hat Tausende Gefallene, Verwundete und gefangene Soldaten zu beklagen. Um die Verluste auszugleichen, wurde an diesem Tag eine\u2026","rel":"","context":"In &quot;M\u00fcnchhausens Kolumne&quot;","block_context":{"text":"M\u00fcnchhausens Kolumne","link":"https:\/\/www.bernd-leitenberger.de\/blog\/category\/satire\/muenchhausen\/"},"img":{"alt_text":"","src":"https:\/\/vg01.met.vgwort.de\/na\/6566478af4c24587a85b9f439288056d","width":350,"height":200},"classes":[]}],"jetpack_sharing_enabled":true,"amp_enabled":true,"_links":{"self":[{"href":"https:\/\/www.bernd-leitenberger.de\/blog\/wp-json\/wp\/v2\/posts\/124","targetHints":{"allow":["GET"]}}],"collection":[{"href":"https:\/\/www.bernd-leitenberger.de\/blog\/wp-json\/wp\/v2\/posts"}],"about":[{"href":"https:\/\/www.bernd-leitenberger.de\/blog\/wp-json\/wp\/v2\/types\/post"}],"author":[{"embeddable":true,"href":"https:\/\/www.bernd-leitenberger.de\/blog\/wp-json\/wp\/v2\/users\/169"}],"replies":[{"embeddable":true,"href":"https:\/\/www.bernd-leitenberger.de\/blog\/wp-json\/wp\/v2\/comments?post=124"}],"version-history":[{"count":0,"href":"https:\/\/www.bernd-leitenberger.de\/blog\/wp-json\/wp\/v2\/posts\/124\/revisions"}],"wp:attachment":[{"href":"https:\/\/www.bernd-leitenberger.de\/blog\/wp-json\/wp\/v2\/media?parent=124"}],"wp:term":[{"taxonomy":"category","embeddable":true,"href":"https:\/\/www.bernd-leitenberger.de\/blog\/wp-json\/wp\/v2\/categories?post=124"},{"taxonomy":"post_tag","embeddable":true,"href":"https:\/\/www.bernd-leitenberger.de\/blog\/wp-json\/wp\/v2\/tags?post=124"}],"curies":[{"name":"wp","href":"https:\/\/api.w.org\/{rel}","templated":true}]}}