{"id":13625,"date":"2018-12-01T18:46:02","date_gmt":"2018-12-01T17:46:02","guid":{"rendered":"https:\/\/www.bernd-leitenberger.de\/blog\/?p=13625"},"modified":"2018-12-01T18:46:02","modified_gmt":"2018-12-01T17:46:02","slug":"die-problematik-der-benennung-nach-bekannten-persoenlichkeiten","status":"publish","type":"post","link":"https:\/\/www.bernd-leitenberger.de\/blog\/2018\/12\/01\/die-problematik-der-benennung-nach-bekannten-persoenlichkeiten\/","title":{"rendered":"Die Problematik der Benennung nach bekannten Pers&ouml;nlichkeiten"},"content":{"rendered":"<p>Ich bin k&uuml;rzlich durch Zufall &uuml;ber Heinrich L&uuml;bke gestorben, den ehemaligen Bundespr&auml;sidenten. Ich lass da mit Erstaunen, dass er bei der Heeresversuchsanstalt Peenem&uuml;nde f&uuml;r den <a href=\"https:\/\/de.wikipedia.org\/wiki\/Heinrich_L&uuml;bke#Zeit_des_Nationalsozialismus\">Einsatz von KZ-H&auml;ftlingen verantwortlich war<\/a> und danach noch f&uuml;r die Verlegung der Flugzeugproduktion in Stollen, wof&uuml;r dann auch KZ-H&auml;ftlingen genutzt wurden. Wie bei vielen dieser Arbeiten &uuml;berlebten viele diese Arbeiten nicht.<img loading=\"lazy\" decoding=\"async\" src=\"https:\/\/vg08.met.vgwort.de\/na\/79f97d7d6883459a9a1d23d866ae964d\" width=\"1\" height=\"1\" alt=\"\"\/><!--more--><\/p>\n<p>Das erinnerte mich an eine <a href=\"https:\/\/amzn.to\/2Pcticn\">Denkschrift von Horst K&ouml;hler <\/a>(nicht der Ex-Bundespr&auml;sident, sondern der Fachjournalist), in der er vergeblich gegen die Umbenennung der letzten Schule k&auml;mpfte, die von Brauns Namen tr&auml;gt. Es erinnerte mich auch an unseren neuen Stadtteil. Er entstand seit 1992 aus einer ehemaligen US-Kaserne. Noch fr&uuml;her war es ein Institut der Luftwaffe \u201eForschungsinstitut Graf Zeppelin\u201c. Die neuen Stra&szlig;en hat man dann in Anlehnung an diese Geschichte nach Flugzeugpionieren wie Heinkel und Dornier und anderen Pers&ouml;nlichkeiten aus diesem Bereich wie Rudolf Diesel benannt. Vor einigen Jahren hat man das revidiert, nachdem mehr &uuml;ber die Zwangsarbeiter bekannt wurde, die praktisch in allen Flugzeugproduzenten w&auml;hrend des Dritten Reichs arbeiteten.<\/p>\n<p>Umgekehrt gibt es wie ich feststellte noch mindestens eine Heinrich-L&uuml;bke-Schule, ich m&ouml;chte nicht wissen, wie viele Stra&szlig;en nach ihm benannt wurden. Das gleich gilt sicher auch f&uuml;r andere Politiker die eine Nazi-Vergangenheit haben. Genauer gesagt eine einschl&auml;gige Nazivergangenheit. Also verstrickt in Verbrechen des Regimes wie Filbinger. Filbinger war als Richter an mindestens 234 Strafverfahren in der Marine, beteiligt, vier Todesurteile hat er unterzeichnet.<\/p>\n<p>Ich finde es erstaunlich, dass man sich bei Politikern viel leichter mit der Vergangenheit tut als bei Wissenschaftler oder Wirtschaftsgr&ouml;&szlig;en. Einfacher haben es noch K&uuml;nstler oder Vertreter der Geisteswissenschaften. Nehmen wir das Paar von Braun und L&uuml;bke. Beide haben ja an derselben Stelle gewirkt. Von Braun war wissenschaftlicher Leiter von Peenem&uuml;nde, L&uuml;bke war f&uuml;r zwei KZ-Lager dort zust&auml;ndig. Man wei&szlig; heute, dass von Braun nicht nur von Zwangsabreitern und KZ-H&auml;ftlingen wusste, das gab er ja noch zu Lebzeiten zu. Er hat auch Leute angefordert. Er war aber organisatorisch davon getrennt. Das war Sache der SS, die ja auch den wissenschaftlichen Teil der Versuchsanstalt unter Kontrolle bringen wollte. Es gibt heute wenig nach von Braun benannt wurde und in allen deutschen Dokumentationen, in der er eine Rolle spielt (und das sind, wegen des Mondprogramms nicht wenige) kommt das Thema zur Sprache. US-Dokumentationen, die es ja auch gibt, sehen das durchaus anders. Sie vertreten die Ansicht, dass von Braun sein Ziel Raketen f&uuml;r die bemannte Raumfahrt zu entwickeln verfolgte und er nicht direkt in Verbrechen verstrickt sei, was f&uuml;r die US-Dokumentationen wesentliche ist. Nur in Deutschland ist man der Meinung, dass man im Dritten Reich entweder Widerstandsk&auml;mpfer oder 12 Jahre im Koma sein muss, um nicht in Naziverbrechen verstrickt zu sein. Das ist heute wichtiger als die pers&ouml;nliche Leistung. Hier mal zwei Beispiele. Es gibt bei uns ein <a href=\"https:\/\/de.wikipedia.org\/wiki\/Otto_Hahn\">Otto-Hahn<\/a>-Gymnasium. Nicht nur bei uns, es gibt etliche Schulen, die nach Otto Hahn benannt sind. Er hat einige Isotope und das Element Protactium entdeckt. Seine bedeutendste Entdeckung war aber die Kernspaltung, die schlussendlich wenige Jahre sp&auml;ter zur Atombombe f&uuml;hrte. Otto Hahn ist, obwohl das im Dritten Reich stattfand , aber \u201epolitisch sauber\u201c, denn er sch&uuml;tzte solange es ging seine j&uuml;dische Mitarbeiterin Lise Meitner vor dem Regime. <a href=\"https:\/\/de.wikipedia.org\/wiki\/Werner_Heisenberg\">Werner Heisenberg<\/a>, ebenfalls Physiker arbeitete dagegen bereitwillig mit dem Regime zusammen, um weiterhin seiner Forschung nachgehen zu k&ouml;nnen. Was w&auml;re die Alternative gewesen? 12 Jahre lang nichts tun? Damit w&auml;re seine wissenschaftliche Karriere beendet gewesen. Heisenberg nahm auch gerne Geld und forschte an einem deutschen Forschungsreaktor, versprach dem Regime auch eine Atombombe ohne aber jemals konkret an einer zu arbeiten. Nach dem Krieg wandte er sich vehement gegen die Aufr&uuml;stung mit Atombomben und f&uuml;r Kernreaktoren zur Stromversorgung. Heisenbergs Einfluss auf die Physik ist durch seine Forschungen am Atommodell und die nach ihm benannte Unsch&auml;rferelation (wie man auch an dem <a href=\"https:\/\/de.wikipedia.org\/wiki\/Plancksches_Wirkungsquantum\">Planckschen Wirkungsquantum<\/a> das den Buchstaben h nach Heisenberg bekam sieht) viel gr&ouml;&szlig;er als die Zufallsentdeckung von Hahn. Aber wegen der Zusammenarbeit mit den Nazis sind wesentlich weniger Geb&auml;ude nach ihm benannt. Wikipedia f&uuml;hrt 34 Otto Hahn Schulen aber nur 10 Werner Heisenbergschulen auf.<\/p>\n<p>Wenn man gegen die Nazis war, gibt es eine Benennungschwemme, offensichtlich hat man es damit in Deutschland besonders. Ganz besonders beliebt: die Geschwister Scholl. Nach Wikipedia tragen 187 Schulen diesen Namen, pro Jahr kommen zwei weitere hinzu. Okay, ich mache mich jetzt mal unbeliebt: aber die einzige \u201eLeistung\u201c die das Geschwisterpaar vorweisen kann, ist eine Flugblattaktion, die dann auch zu ihrer Verhaftung f&uuml;hrte. Graf Stauffenberg f&uuml;hrte ein Attentat aus, um auch wirklich Hitler zu beseitigen und nach ihm ist wesentlich weniger benannt. Wohl, weil er Wehrmachtsangeh&ouml;riger war und mit dem Attentat bis 1944 gewartet hat. Ebenso Johann Georg Elser, der nahezu unbekannt ist und 1939 ein Bombenattentat auf Hitler ver&uuml;bte, das deswegen scheiterte, weil er die Veranstaltung vorzeitig verlie&szlig;. Im Gegensatz zu den Geschwistern scholl haben Stauffenberg und Elsner aktiv etwas getan, um wirklich die Herrschaft Hitlers zu beenden. Ich vermute bei den Geschwistern Scholl schwingt einiges mit, das aus heutiger Sichtweise positiv ist: Sie waren als Studenten noch jung genug, um nicht in den Jahren von 1933 bis 1943 irgendwie in das Regime verstrickt zu sein. Wie schon gesagt. Bei Stauffenberg gibt es immer den Vorwurf, das er ja als Wehrmachtsangeh&ouml;riger indirekt den Krieg am Laufen hielt, vielleicht von den Verbrechen wusste und ein Attentat erst durchf&uuml;hrte, als nach der Landung der Alliierten der Krieg verloren war (als Milit&auml;rangeh&ouml;riger h&auml;tte er wissen m&uuml;ssen, dass er eigentlich schon ab 1943 verloren war). Das zweite und wohl Wichtigere ist, dass der Verstand einen Bombenanschlag, auch wenn er das Ziel hat, einen Verbrecher zu beseitigen, ablehnt. Bomben sind unspezifisch und eine Waffe f&uuml;r Feige, die jemanden nicht direkt t&ouml;ten wollen. Anders ging es aber sicher nicht. Es gab ja &uuml;berwall Wachen und vor Gericht stellen h&auml;tte man Hitler kaum k&ouml;nnen. Dagegen ist ein Todesurteil nur wegen einiger Flugbl&auml;tter etwas, wor&uuml;ber sich jeder emp&ouml;rt. Es ist v&ouml;llig unverh&auml;ltnism&auml;&szlig;ig. So ist es dann leicht, Schulen nach dem Martyrer-Geschwisterpaar zu benennen.<\/p>\n<p>Ich w&uuml;rde, wenn man Schulen, Stra&szlig;en oder andere &ouml;ffentliche Geb&auml;ude und Pl&auml;tze benennen, wie nat&uuml;rlich auch die politische Dimension zu betrachten. Ich w&auml;re z. B. Dagegen nach <a href=\"https:\/\/de.wikipedia.org\/wiki\/Fritz_Haber\">Fritz Haber<\/a> zu benennen. Fritz Haber hat zusammen mit <a href=\"https:\/\/de.wikipedia.org\/wiki\/Haber-Bosch-Verfahren\">Carl Bosch<\/a> (die Firma Bosch wurde von Robert Bosch gegr&uuml;ndet, das ist nur eine Namens&auml;hnlichkeit)das <a href=\"https:\/\/de.wikipedia.org\/wiki\/Haber-Bosch-Verfahren\">Haber-Bosch-Verfahren<\/a> entwickelt. Es erlaubt die Gewinnung von Stickstoffverbindungen aus dem Stickstoff der Luft. Das erm&ouml;glichte zum einen die Produktion von Kunstd&uuml;nger, ohne die man heute nur einen Bruchteil des Getreides ernten k&ouml;nnte. Es erm&ouml;glichte aber auch dem Kaiserreich den Krieg vier Jahre lang durchzuhalten, obwohl man von der Einfuhr von Salpeter f&uuml;r die Produktion von Schie&szlig;pulver und andere Explosivstoffen wie Dynamit abgeschnitten war. Daf&uuml;r konnte Haber nichts, aber seinen Ruf hat er sich ruiniert, weil sich Haber aktiv daf&uuml;r ausgesprochen hat, Chlorgas im Krieg einzusetzen und den Einsatz sogar leitete, womit der Gaskrieg begann. Dabei ist Haber als Jude auch ein Opfer der Nazis, er emigrierte 1933 nach England und starb ein Jahr sp&auml;ter im Exil.<\/p>\n<p>Vor allem aber ist die Lebensleistung ma&szlig;geblich. Bei den Stra&szlig;en ist auch eine Felix-Wankel-Stra&szlig;e \u2013 nichts gegen Felix Wankel, aber sein von ihm erfundener <a href=\"https:\/\/de.wikipedia.org\/wiki\/Wankelmotor\">Motor<\/a> hat sich eben nicht durchgesetzt. Im Allgemeinen gibt es meiner Ansicht nach zu wenige Naturwissenschaftler bei den Namensgebern f&uuml;r Pl&auml;tze und Geb&auml;ude. Wie viele Benennungen nach Schiller, Goethe, Kant gibt es und wie viele nach Kepler, Frauenhofer, Koch?<\/p>\n<p>Vor allem dominieren viele Personen der j&uuml;ngeren Vergangenheit, die Gr&ouml;&szlig;en der vergangenen Jahrhunderte sind fast vergessen.<\/p>\n","protected":false},"excerpt":{"rendered":"<p>Ich bin k&uuml;rzlich durch Zufall &uuml;ber Heinrich L&uuml;bke gestorben, den ehemaligen Bundespr&auml;sidenten. Ich lass da mit Erstaunen, dass er bei der Heeresversuchsanstalt Peenem&uuml;nde f&uuml;r den Einsatz von KZ-H&auml;ftlingen verantwortlich war und danach noch f&uuml;r die Verlegung der Flugzeugproduktion in Stollen, wof&uuml;r dann auch KZ-H&auml;ftlingen genutzt wurden. Wie bei vielen dieser Arbeiten &uuml;berlebten viele diese Arbeiten [&hellip;]<\/p>\n","protected":false},"author":169,"featured_media":0,"comment_status":"open","ping_status":"open","sticky":false,"template":"","format":"standard","meta":{"_jetpack_memberships_contains_paid_content":false,"footnotes":""},"categories":[1],"tags":[4304,4303,4305,3991],"class_list":["post-13625","post","type-post","status-publish","format-standard","hentry","category-allgemein","tag-geschwister-scholl","tag-luebke","tag-stauffenberg","tag-von-braun","entry"],"a3_pvc":{"activated":false,"total_views":624,"today_views":0},"jetpack_featured_media_url":"","jetpack-related-posts":[{"id":13740,"url":"https:\/\/www.bernd-leitenberger.de\/blog\/2019\/02\/17\/die-2019-er-spacex-wette\/","url_meta":{"origin":13625,"position":0},"title":"Die 2019-er SpaceX Wette","author":"Bernd Leitenberger","date":"17. Februar 2019","format":false,"excerpt":"Wer mich kennt, wei\u00df, dass ich jedes Jahr eine Wette mit SpaceX eingehe. Das System ist eigentlich sehr einfach: Ich nehme nur eine SpaceX-Aussage und wette dagegen, also, dass sie nicht stimmt oder nicht erreicht wird. Das mache ich schon seit einigen Jahren und bisher habe ich mit einer Ausnahme\u2026","rel":"","context":"In &quot;SpaceX&quot;","block_context":{"text":"SpaceX","link":"https:\/\/www.bernd-leitenberger.de\/blog\/category\/raumfahrt\/spacex\/"},"img":{"alt_text":"","src":"https:\/\/vg06.met.vgwort.de\/na\/7955f286a7004559b4ddbb5d8b481043","width":350,"height":200},"classes":[]},{"id":18393,"url":"https:\/\/www.bernd-leitenberger.de\/blog\/2025\/09\/18\/die-falcon-9-eine-nachlese\/","url_meta":{"origin":13625,"position":1},"title":"Die Falcon 9 &#8211; eine Nachlese (1)","author":"Bernd Leitenberger","date":"18. September 2025","format":false,"excerpt":"Nachdem \"SimonVR\" mich darauf aufmerksam gemacht hat, dass mein Falcon 9 Artikel sowie der \u00fcber die Entwicklung der Falcon 9 doch etwas abgehangen ist, denke ich, mache ich mal einen Blog dazu. Zuerst mal, worum es hier NICHT geht: n\u00e4mlich eine Einsatzgeschichte der Falcon 9. Ebenso habe ich die wirtschaftliche\u2026","rel":"","context":"In &quot;SpaceX&quot;","block_context":{"text":"SpaceX","link":"https:\/\/www.bernd-leitenberger.de\/blog\/category\/raumfahrt\/spacex\/"},"img":{"alt_text":"","src":"https:\/\/vg02.met.vgwort.de\/na\/8d7fcc876a9d4ed4b27890b8d59e8e87","width":350,"height":200},"classes":[]},{"id":18439,"url":"https:\/\/www.bernd-leitenberger.de\/blog\/2025\/10\/14\/nachlese-elfter-teststart-des-starships-ift-11\/","url_meta":{"origin":13625,"position":2},"title":"Nachlese elfter Teststart des Starships IFT-11","author":"Bernd Leitenberger","date":"14. Oktober 2025","format":false,"excerpt":"Die Nachlese zum gestrigen Starship-Start kann ich recht kurz machen, denn diesmal klappte noch mehr als beim letzten Mal. Dauerhaft, zusammen mit dem Artikel f\u00fcr den Flugplan und Abbildungen findet ihr das ganze auch auf der Website. Drei Dinge fielen mir auf: Beim Boostback-Burn der Super Heavy schaltete eines der\u2026","rel":"","context":"In &quot;SpaceX&quot;","block_context":{"text":"SpaceX","link":"https:\/\/www.bernd-leitenberger.de\/blog\/category\/raumfahrt\/spacex\/"},"img":{"alt_text":"","src":"https:\/\/vg04.met.vgwort.de\/na\/d237e8ebe33746ddb174f7e072b94b6c","width":350,"height":200},"classes":[]},{"id":18380,"url":"https:\/\/www.bernd-leitenberger.de\/blog\/2025\/09\/03\/die-glorreichen-10-das-war-mal-weg-pc-hardware\/","url_meta":{"origin":13625,"position":3},"title":"Die glorreichen 10 &#8211; Das war mal weg: PC Hardware","author":"Bernd Leitenberger","date":"3. September 2025","format":false,"excerpt":"Ich will heute mal zwei ZDF Info \/ Neo Sendungen verbinden. Die glorreichen 10, die bei mir als Vorlage f\u00fcr einige Blogs dienten und die von mir noch mehr gesch\u00e4tzte Sendung \"Das war mal weg\", wo es um Dinge geht, die fr\u00fcher fast jeder hatte und die heute aus unserem\u2026","rel":"","context":"In &quot;Die Glorreichen 10&quot;","block_context":{"text":"Die Glorreichen 10","link":"https:\/\/www.bernd-leitenberger.de\/blog\/category\/allgemein\/die-glorreichen-10\/"},"img":{"alt_text":"","src":"https:\/\/vg02.met.vgwort.de\/na\/876c61d389304d98aa0332fadd769381","width":350,"height":200},"classes":[]},{"id":4557,"url":"https:\/\/www.bernd-leitenberger.de\/blog\/2011\/04\/03\/atom-und-wahlnachlese\/","url_meta":{"origin":13625,"position":4},"title":"Atom- und Wahlnachlese","author":"Bernd Leitenberger","date":"3. April 2011","format":false,"excerpt":"Nun einige Wochen nach dem Super-Gau von Japan wird es an der Zeit f?r eine Nachlese und zwar eine etwas allgemeiner gehaltene. Ich m?chte an dieser Stelle mal meine Einstellung zur Kernkraft in den letzten Jahrzehnten reflektieren. Ich war urspr?nglich f?r Kernkraft. Wie viele andere, glaubte ich an umweltfreundliche Energie\u2026","rel":"","context":"In &quot;Allgemein&quot;","block_context":{"text":"Allgemein","link":"https:\/\/www.bernd-leitenberger.de\/blog\/category\/allgemein\/"},"img":{"alt_text":"","src":"","width":0,"height":0},"classes":[]},{"id":14393,"url":"https:\/\/www.bernd-leitenberger.de\/blog\/2019\/11\/06\/warum-tut-man-sich-so-schwer-auf-etwas-voellig-ueberfluessiges-zu-verzichten\/","url_meta":{"origin":13625,"position":5},"title":"Warum tut man sich so schwer, auf etwas v&ouml;llig &Uuml;berfl&uuml;ssiges zu verzichten?","author":"Bernd Leitenberger","date":"6. November 2019","format":false,"excerpt":"Gestern war erneut das \u201eKlimakabinett\u201c aktiv. Sie haben den Ausbau der Ladeinfrastruktur und des Netzes an Wasserstoffnetzen beschlossen. Mal abgesehen davon das dies nicht in den Verantwortungsbereich der Bundesregierung, sondern der Betreiber der entsprechenden Stationen f\u00e4llt, ist das wieder ein Beispiel f\u00fcr Aktionismus. Genauso wie die nun erh\u00f6hte Elektroautopr\u00e4mie. Wer\u2026","rel":"","context":"In &quot;Allgemein&quot;","block_context":{"text":"Allgemein","link":"https:\/\/www.bernd-leitenberger.de\/blog\/category\/allgemein\/"},"img":{"alt_text":"","src":"https:\/\/vg02.met.vgwort.de\/na\/a4a87b4f3c004c9ba9d11e2f979f8aac","width":350,"height":200},"classes":[]}],"jetpack_sharing_enabled":true,"amp_enabled":true,"_links":{"self":[{"href":"https:\/\/www.bernd-leitenberger.de\/blog\/wp-json\/wp\/v2\/posts\/13625","targetHints":{"allow":["GET"]}}],"collection":[{"href":"https:\/\/www.bernd-leitenberger.de\/blog\/wp-json\/wp\/v2\/posts"}],"about":[{"href":"https:\/\/www.bernd-leitenberger.de\/blog\/wp-json\/wp\/v2\/types\/post"}],"author":[{"embeddable":true,"href":"https:\/\/www.bernd-leitenberger.de\/blog\/wp-json\/wp\/v2\/users\/169"}],"replies":[{"embeddable":true,"href":"https:\/\/www.bernd-leitenberger.de\/blog\/wp-json\/wp\/v2\/comments?post=13625"}],"version-history":[{"count":0,"href":"https:\/\/www.bernd-leitenberger.de\/blog\/wp-json\/wp\/v2\/posts\/13625\/revisions"}],"wp:attachment":[{"href":"https:\/\/www.bernd-leitenberger.de\/blog\/wp-json\/wp\/v2\/media?parent=13625"}],"wp:term":[{"taxonomy":"category","embeddable":true,"href":"https:\/\/www.bernd-leitenberger.de\/blog\/wp-json\/wp\/v2\/categories?post=13625"},{"taxonomy":"post_tag","embeddable":true,"href":"https:\/\/www.bernd-leitenberger.de\/blog\/wp-json\/wp\/v2\/tags?post=13625"}],"curies":[{"name":"wp","href":"https:\/\/api.w.org\/{rel}","templated":true}]}}