{"id":13964,"date":"2019-05-19T00:31:12","date_gmt":"2019-05-18T22:31:12","guid":{"rendered":"https:\/\/www.bernd-leitenberger.de\/blog\/?p=13964"},"modified":"2019-05-19T06:58:13","modified_gmt":"2019-05-19T04:58:13","slug":"ein-monat-mit-der-pv-anlage","status":"publish","type":"post","link":"https:\/\/www.bernd-leitenberger.de\/blog\/2019\/05\/19\/ein-monat-mit-der-pv-anlage\/","title":{"rendered":"Ein Monat mit der PV-Anlage"},"content":{"rendered":"<p><img loading=\"lazy\" decoding=\"async\" class=\"alignright\" style=\"float: right;\" src=\"\/img\/pv-anlage2.png\" alt=\"\" width=\"692\" height=\"300\" \/>Heute ist der erste Monat vorbei, in dem meine PV-Anlage Strom liefert, wenn auch erst seit dem 7.5.2019 er bezahlt wird. Zeit eine erste Bilanz zu ziehen. Gewonnen habe ich nun im ersten Monat 782,2 kWh. Der Eigenverbrauch sank auf 52 kwh. Nat&uuml;rlich ist das nicht repr&auml;sentativ. Vor allem der Eigenverbrauch (er sollte wenn ich\u00a0 meine 1874 kwh vom letzten Jahr &uuml;ber die Zeit mittele 152 kWh betragen, aber das ist angesichts von 14 bis 15 Sonnenstunden pro Tag nat&uuml;rlich ein gesch&ouml;ntes Ergebnis, das im Winter ganz anders aussieht. Der Gro&szlig;teil gelangte unbezahlt ins Netz. Seit ich am 7.5.2019 den Z&auml;hler erhielt waren dies nur 269 kWh bei einem Eigenverbrauch von 23 kWh.<\/p>\n<p>Wer mal eine Anlage plant, wird feststellen, dass es massive Unterschiede in den Prognosedaten gibt. Daher war ich daran interessiert, eine Ertragsprognose f&uuml;r das Jahr zu bekommen. Vor allem \u201eOnline Rechner\u201c die mehr oder weniger kommerziell sind, mit dem Ziel an Vermittlungen zu verdienen sind &uuml;beroptimistisch. Ich habe mich im Folgenden auf das PV-System der EU (PVGIS: PHOTOVOLTAIC GEOGRAPHICAL INFORMATION SYSTEM) bezogen, das es aber auch in zwei Versionen gibt und es gibt mehrere Datenbanken, die man in den beiden Versionen selektieren kann. Das macht es nicht einfach. Hier mal ein Vergleich der Prognosen f&uuml;r meinen Ort, meine Dachneigung und Ausrichtung bei 7,1 kWP (genau sind es nach den Lieferzertifikat 7.197 Watt Peakleistung, doch da man das nicht eingeben kann, habe ich nach unten abgerundet, gekauft habe ich eine 6,9 kwP Anlage doch die Plus-Zertifizierten Module liefern 4,1 % mehr).<img loading=\"lazy\" decoding=\"async\" src=\"https:\/\/vg01.met.vgwort.de\/na\/cc4270bfe9494b7a8292d987d3807a5b\" alt=\"\" width=\"1\" height=\"1\" \/><!--more--><\/p>\n<table>\n<thead>\n<tr>\n<th>Datenbank<\/th>\n<th>Gesamtertrag<\/th>\n<th>Davon Mitte April\/Mai<\/th>\n<\/tr>\n<\/thead>\n<tbody>\n<tr>\n<td>PVGIS-Cosmo<\/td>\n<td>8077 kWh<\/td>\n<td>962 kWh<\/td>\n<\/tr>\n<tr>\n<td>PVGIS-ERA5<\/td>\n<td>7510 kWh<\/td>\n<td>895,5 kWh<\/td>\n<\/tr>\n<tr>\n<td>PVFGIS-SARAH<\/td>\n<td>7080 kWh<\/td>\n<td>823 kWh<\/td>\n<\/tr>\n<tr>\n<td>PVGIS-CMSAF<\/td>\n<td>6910 kWh<\/td>\n<td>839 kWh<\/td>\n<\/tr>\n<tr>\n<td>PVGIS-CMSAF (V4)<\/td>\n<td>6880 kWh<\/td>\n<td>818,5 kWh<\/td>\n<\/tr>\n<tr>\n<td>PVGIS-CLASSIC<\/td>\n<td>6120 kWh<\/td>\n<td>725 kWh<\/td>\n<\/tr>\n<\/tbody>\n<\/table>\n<p><img loading=\"lazy\" decoding=\"async\" class=\"alignleft\" style=\"float: left;\" src=\"\/img\/pv-anlage-nesselwang1.jpg\" alt=\"\" width=\"800\" height=\"600\" \/>Die Datenbanken unterscheiden sich in der Herleitung der Daten, der r&auml;umlichen Aufl&ouml;sung und des Zeitraums. Die am h&ouml;chsten aufgel&ouml;ste Datenbank und mit dem k&uuml;rzesten Zeitraum ist die Cosmo. Sie liefert auch die \u201eg&uuml;nstigste\u201c Prognose. Das korrespondiert mit Medienberichten, dass durch den Klimawandel es auch mehr Sonnenstunden gibt, also PV-Anlagen finanziell immer attraktiver werden.<\/p>\n<p>Ein weiterer, aber wichtiger Punkt, den diese Datenbanken nicht ber&uuml;cksichtigen, ist die 70%-Kappung per Gesetz in Deutschland seit 2012.<\/p>\n<p>Die beiden Berechnungen von Anlagenbauern, die ich im Vorfeld hatte, waren 6.060 kWh\/Jahr und 6.405 kWh\/Jahr. Das liegt also deutlich unter den Prognosen nach Datenbank.<\/p>\n<p>Die Differenzen zwischen den Datenbanken werden aber kleiner, wenn ich die gewonnene Strommenge mit dem Mittel aus April\/Mai nach den Datenbanken vergleiche. Mittel, weil eben der erste Tage mit voller Leistung am 19.4.2019 gerade in der Monatsmitte liegt. Bildet man den Quotienten aus Monatsertrag und theoretischem Ertrag nach der Datenbank und multipliziert man das mit dem theoretischen Jahresertrag, so hat man eine erste Sch&auml;tzung:<\/p>\n<table>\n<thead>\n<tr>\n<th>Datenbank<\/th>\n<th>Gesamtertragsprognose basierend auf 782,2 kWh<\/th>\n<th>Mittel April\/Mai<\/th>\n<\/tr>\n<\/thead>\n<tbody>\n<tr>\n<td>PVGIS-Cosmo<\/td>\n<td>6567,39<\/td>\n<td>962 kWh<\/td>\n<\/tr>\n<tr>\n<td>PVGIS-ERA5<\/td>\n<td>6556,16<\/td>\n<td>895,5 kWh<\/td>\n<\/tr>\n<tr>\n<td>PVFGIS-SARAH<\/td>\n<td>6729,01<\/td>\n<td>823 kWh<\/td>\n<\/tr>\n<tr>\n<td>PVGIS-CMSAF<\/td>\n<td>6442,2<\/td>\n<td>839 kWh<\/td>\n<\/tr>\n<tr>\n<td>PVGIS-CMSAF (V4)<\/td>\n<td>6570,86<\/td>\n<td>818,5 kWh<\/td>\n<\/tr>\n<tr>\n<td>PVGIS-CLASSIC<\/td>\n<td>6602,85<\/td>\n<td>725 kWh<\/td>\n<\/tr>\n<\/tbody>\n<\/table>\n<p><img loading=\"lazy\" decoding=\"async\" class=\"alignleft\" style=\"float: left;\" src=\"\/img\/pv-anlage-nesselwang2.jpg\" alt=\"\" width=\"800\" height=\"600\" \/>Diese Sch&auml;tzungen liegen gar nicht mehr so weit auseinander zwischen 6442 und 6729 kWh. Also sogar eher mehr als die Prognose der Anlagenbauer. Im Mittel sind es 6577 kWh\/Jahr, was auch ganz gut zu drei der Prognosen passt.<\/p>\n<p>Ich hoffe im Jahr auf mehr, weil ich die vergangenen 30 Tage als untypisch betrachte. Es war sehr oft der Himmel bedeckt, obwohl nicht mal so viel Regen gefallen ist und es war zu kalt.<\/p>\n<p>Inzwischen macht mein Ziel \u201ekohlendioxidfrei zu werden\u201c Fortschritte. Ich habe gestern Fotos von der Montage meiner zweiten Anlage, nun auf meinem Ferienhaus mit 9,92 kWP, bekommen. Sie d&uuml;rfte Anfang Juni ans Netz gehen. Inzwischen bin ich bei zwei B&uuml;rgerenergien mit 11.000 \u20ac beteiligt und der Strom ist auf &Ouml;kostrom umgestellt, was zum 1.8. einritt. Damit d&uuml;rfte ich zu dem Zeitpunkt \u201ekohlendioxidneutral\u201c sein. Ein Ziel, wof&uuml;r die BRD nach Merkels Willen 60-mal l&auml;nger braucht. Ich plane trotzdem noch den Kauf von Indexzertifikaten auf CO2 Emissionsrechte. Das ist der FDP-Weg f&uuml;r den Kohlendioxidausstieg. Zum einen, weil das Geld bei den B&uuml;rgerenergien zuerst mal nur auf dem Bankkonto parkt, zum anderen sehe ich dies als Anlagem&ouml;glichkeit, denn ein Zertifikat der Commerzbank (WKN: <a href=\"https:\/\/www.google.com\/search?q=DR1WBM&amp;ie=utf-8&amp;oe=utf-8\"> DR1WBM<\/a>), das ich mir angesehen habe, ist in 3 Jahren von 5 auf rund 20 Euro gestiegen.<\/p>\n<p>Vor allem auf die Ertr&auml;ge der zweiten Anlage bin ich gespannt. Nach den Erfahrungen mit der Kappung bei meiner Anlage auf dem Haus die Mitte April schon um 9:30 begann und dann bis um 13:30 dauerte, bin ich dort auf die Idee gekommen, doch einige Paneele auf die Westseite zu legen. Das Dach ist dort genauso wie hier in Richtung S&uuml;d-Ost orientiert, was auf der Westseite nur 70 % des Ertrags der Ostseite erwarten l&auml;sst. Allerdings ist der Winkel g&uuml;nstiger (rund 30 bis 35 Grad). Vor allem erwarte ich dadurch, das es eine Gesamtanlage ist, einen weitestgehenden Wegfall der Kappung, da nur um den Mittag beide Seiten Strom liefern. Die wegfallende Kappung der Ostseite sollte den geringeren Ertrag der Westseite ausgleichen. So sind \u00be der Paneele auf der Ost- und \u00bc auf der Westseite montiert. Ich habe auch bei meiner bestehenden Anlage noch mal den Bauer kontaktiert, ob eine Erweiterung um 3 kWh auf der Ostseite zu einem vern&uuml;nftigen Preis m&ouml;glich ist. Leider ging dies nur mit zwei Wechselrichtern und damit zwei Kappungen und dann lohnt es sich nicht mehr. Doch da so ein Wechselrichter nicht ewig h&auml;lt, denke ich, wird wenn er den Geist aufgibt, die zweite Seite auch noch belegt werden.<\/p>\n","protected":false},"excerpt":{"rendered":"<p>Heute ist der erste Monat vorbei, in dem meine PV-Anlage Strom liefert, wenn auch erst seit dem 7.5.2019 er bezahlt wird. Zeit eine erste Bilanz zu ziehen. Gewonnen habe ich nun im ersten Monat 782,2 kWh. Der Eigenverbrauch sank auf 52 kwh. Nat&uuml;rlich ist das nicht repr&auml;sentativ. Vor allem der Eigenverbrauch (er sollte wenn ich\u00a0 [&hellip;]<\/p>\n","protected":false},"author":169,"featured_media":0,"comment_status":"open","ping_status":"open","sticky":false,"template":"","format":"standard","meta":{"_jetpack_memberships_contains_paid_content":false,"footnotes":""},"categories":[1],"tags":[4353,145,4352,4337],"class_list":["post-13964","post","type-post","status-publish","format-standard","hentry","category-allgemein","tag-co2","tag-kohlendioxid","tag-photvoltaik","tag-pv-anlage","entry"],"a3_pvc":{"activated":false,"total_views":352,"today_views":0},"jetpack_featured_media_url":"","jetpack-related-posts":[{"id":18603,"url":"https:\/\/www.bernd-leitenberger.de\/blog\/2026\/03\/12\/politikverdruss\/","url_meta":{"origin":13964,"position":0},"title":"Politikverdruss","author":"Bernd Leitenberger","date":"12. M\u00e4rz 2026","format":false,"excerpt":"Bei uns wurde in BW gew\u00e4hlt und nat\u00fcrlich gab es jede Menge Sendungen im Radio und Fernsehen mit den Spitzenkandidaten. Ich habe mir die SWR1 Reihe \"Leute\", ein Radio-Talkformat mit den Spitzenkandidaten angeh\u00f6rt und nehme das mal als Aufh\u00e4nger etwas \u00fcber das zu schreiben was mich an der Politik in\u2026","rel":"","context":"In &quot;Allgemein&quot;","block_context":{"text":"Allgemein","link":"https:\/\/www.bernd-leitenberger.de\/blog\/category\/allgemein\/"},"img":{"alt_text":"","src":"https:\/\/vg07.met.vgwort.de\/na\/9297ac798f9047d9a27f46008ab7fa99","width":350,"height":200},"classes":[]},{"id":18511,"url":"https:\/\/www.bernd-leitenberger.de\/blog\/2026\/01\/27\/musks-ki-rechenzentren-im-orbit\/","url_meta":{"origin":13964,"position":1},"title":"Musks KI-Rechenzentren im Orbit","author":"Bernd Leitenberger","date":"27. Januar 2026","format":false,"excerpt":"Bei meinem regelm\u00e4\u00dfigen Besuch des Space Reviews stie\u00df ich auf diesen Artikel: SpaceX, orbital data centers, and the journey to Mars. Ich hatte in meiner Nachlese schon erw\u00e4hnt das Elon Musk, nachdem er dies lange verschoben hat nun plant SpaceX an die B\u00f6rse zu bringen. Ich meinte aber, das l\u00e4ge\u2026","rel":"","context":"In &quot;SpaceX&quot;","block_context":{"text":"SpaceX","link":"https:\/\/www.bernd-leitenberger.de\/blog\/category\/raumfahrt\/spacex\/"},"img":{"alt_text":"","src":"https:\/\/vg06.met.vgwort.de\/na\/0ee72da693054bc3b5c3f00214a7e2b3","width":350,"height":200},"classes":[]},{"id":18542,"url":"https:\/\/www.bernd-leitenberger.de\/blog\/2026\/02\/25\/mush-schleuder-auf-dem-mond\/","url_meta":{"origin":13964,"position":2},"title":"Musks &#8222;Schleuder&#8220; auf dem Mond","author":"Bernd Leitenberger","date":"25. Februar 2026","format":false,"excerpt":"Da k\u00fcndigt Jeff Bezos am 31.1.2026 an, das Blue Origin den Suborbitaltourismus f\u00fcr mindestens zwei Jahre einstellen will, um sich ganz auf den Blue Moon Mondlander zu konzentrieren. Und kaum ist das gesackt, will nun Elon Musk dann gleich eine ganze Stadt auf dem Mond bauen. (9.2.2026). Zufall? Anstatt das\u2026","rel":"","context":"In &quot;Raumfahrt&quot;","block_context":{"text":"Raumfahrt","link":"https:\/\/www.bernd-leitenberger.de\/blog\/category\/raumfahrt\/"},"img":{"alt_text":"","src":"https:\/\/vg07.met.vgwort.de\/na\/64ef0834094b4d9b9af02f70b7ad22f7","width":350,"height":200},"classes":[]},{"id":14393,"url":"https:\/\/www.bernd-leitenberger.de\/blog\/2019\/11\/06\/warum-tut-man-sich-so-schwer-auf-etwas-voellig-ueberfluessiges-zu-verzichten\/","url_meta":{"origin":13964,"position":3},"title":"Warum tut man sich so schwer, auf etwas v&ouml;llig &Uuml;berfl&uuml;ssiges zu verzichten?","author":"Bernd Leitenberger","date":"6. November 2019","format":false,"excerpt":"Gestern war erneut das \u201eKlimakabinett\u201c aktiv. Sie haben den Ausbau der Ladeinfrastruktur und des Netzes an Wasserstoffnetzen beschlossen. Mal abgesehen davon das dies nicht in den Verantwortungsbereich der Bundesregierung, sondern der Betreiber der entsprechenden Stationen f\u00e4llt, ist das wieder ein Beispiel f\u00fcr Aktionismus. Genauso wie die nun erh\u00f6hte Elektroautopr\u00e4mie. Wer\u2026","rel":"","context":"In &quot;Allgemein&quot;","block_context":{"text":"Allgemein","link":"https:\/\/www.bernd-leitenberger.de\/blog\/category\/allgemein\/"},"img":{"alt_text":"","src":"https:\/\/vg02.met.vgwort.de\/na\/a4a87b4f3c004c9ba9d11e2f979f8aac","width":350,"height":200},"classes":[]},{"id":18430,"url":"https:\/\/www.bernd-leitenberger.de\/blog\/2025\/10\/06\/treibstoffgewinnung-auf-dem-mars\/","url_meta":{"origin":13964,"position":4},"title":"Treibstoffgewinnung auf dem Mars","author":"Bernd Leitenberger","date":"6. Oktober 2025","format":false,"excerpt":"Bis es eine Kolonie auf dem Mars gibt wird es sicher noch Jahrzehnte dauern, wenn \u00fcberhaupt. Ich bin jetzt 60 und glaube nicht, das ich dies noch erleben werde. Chancen g\u00e4be es f\u00fcr eine Expedition, also einen Flug zum Mars, einen Aufenthalt dort, der aus himmelsmechanischen Gr\u00fcnden etwa eineinhalb Jahre\u2026","rel":"","context":"In &quot;Chemie&quot;","block_context":{"text":"Chemie","link":"https:\/\/www.bernd-leitenberger.de\/blog\/category\/chemie\/"},"img":{"alt_text":"","src":"https:\/\/vg01.met.vgwort.de\/na\/1098a0be1f3743bcb77eed3bd08301c5","width":350,"height":200},"classes":[]},{"id":18485,"url":"https:\/\/www.bernd-leitenberger.de\/blog\/2026\/01\/13\/programm-437\/","url_meta":{"origin":13964,"position":5},"title":"Programm 437","author":"Bernd Leitenberger","date":"13. Januar 2026","format":false,"excerpt":"Ich wei\u00df, ich mache mich in den letzten Wochen etwas rar. Daf\u00fcr gibt es zwei Gr\u00fcnde. Da ist zum einen die gesamte politische Lage. Prim\u00e4r nat\u00fcrlich in dem Land des unbegrenzten Irrsinns. Wenn der Machthaber von Venezuela entf\u00fchrt wird und unter falscher Begr\u00fcndung angeklagt wird - weil es ja in\u2026","rel":"","context":"In &quot;Raumfahrt&quot;","block_context":{"text":"Raumfahrt","link":"https:\/\/www.bernd-leitenberger.de\/blog\/category\/raumfahrt\/"},"img":{"alt_text":"","src":"https:\/\/vg06.met.vgwort.de\/na\/3d6eb16326d743baa56f5ece884b5d21","width":350,"height":200},"classes":[]}],"jetpack_sharing_enabled":true,"amp_enabled":true,"_links":{"self":[{"href":"https:\/\/www.bernd-leitenberger.de\/blog\/wp-json\/wp\/v2\/posts\/13964","targetHints":{"allow":["GET"]}}],"collection":[{"href":"https:\/\/www.bernd-leitenberger.de\/blog\/wp-json\/wp\/v2\/posts"}],"about":[{"href":"https:\/\/www.bernd-leitenberger.de\/blog\/wp-json\/wp\/v2\/types\/post"}],"author":[{"embeddable":true,"href":"https:\/\/www.bernd-leitenberger.de\/blog\/wp-json\/wp\/v2\/users\/169"}],"replies":[{"embeddable":true,"href":"https:\/\/www.bernd-leitenberger.de\/blog\/wp-json\/wp\/v2\/comments?post=13964"}],"version-history":[{"count":0,"href":"https:\/\/www.bernd-leitenberger.de\/blog\/wp-json\/wp\/v2\/posts\/13964\/revisions"}],"wp:attachment":[{"href":"https:\/\/www.bernd-leitenberger.de\/blog\/wp-json\/wp\/v2\/media?parent=13964"}],"wp:term":[{"taxonomy":"category","embeddable":true,"href":"https:\/\/www.bernd-leitenberger.de\/blog\/wp-json\/wp\/v2\/categories?post=13964"},{"taxonomy":"post_tag","embeddable":true,"href":"https:\/\/www.bernd-leitenberger.de\/blog\/wp-json\/wp\/v2\/tags?post=13964"}],"curies":[{"name":"wp","href":"https:\/\/api.w.org\/{rel}","templated":true}]}}