{"id":14037,"date":"2019-06-28T10:03:48","date_gmt":"2019-06-28T08:03:48","guid":{"rendered":"https:\/\/www.bernd-leitenberger.de\/blog\/?p=14037"},"modified":"2019-06-28T10:03:48","modified_gmt":"2019-06-28T08:03:48","slug":"werbungssplitter","status":"publish","type":"post","link":"https:\/\/www.bernd-leitenberger.de\/blog\/2019\/06\/28\/werbungssplitter\/","title":{"rendered":"Werbungssplitter"},"content":{"rendered":"<p>Als kleiner Zwischenblog, mit keinem gro&szlig;artigem Thema einige Dinge, die mir in der Radiowerbung und so aufgefallen sind.<\/p>\n<p>Da gibt es die Werbung von Meica f&uuml;r ihre Bratw&uuml;rste wie den \u201eBruzzler\u201c oder \u201eBratmaxe\u201c. Die ist mehrgleisig. Zum einen mit Prominenten wie Atze Schr&ouml;der und Dieter Bohlen, zum anderen mit Normalos. Beide haben aber eine Gemeinsamkeit. Sie sind irgendwie proletenhaft. Gut mit Atze Schr&ouml;der kann es nicht anders laufen. Das ist schlie&szlig;lich seine von ihm kreierte Figur selbst. Aber die anderen Spots? Kostprobe: \u201eK&ouml;nnen wir am Vatertag mal was anderes machen als Grillen?\u201c \u201eHmmm k&ouml;nnten wir (Pause) machen wir aber nicht BRATMAXE\u201c oder \u201eLiebling auf dem Einkufszettel steht nur \u201aGrillen\u2018. Was soll das hei&szlig;en\u201c Nat&uuml;rlich BRATMAXE\u201c. Das Gro&szlig;geschriebene dann jeweils gebr&uuml;llt. Also auf mich wirkt das proletenhaft. Ich wei&szlig; auch nicht ob das das Publikum anspricht. Klar, das Produkt ist nicht f&uuml;r jeden etwas \u2013 ich w&uuml;rde, wenn man schon im freien grillt, Fleisch bevorzugen, da meiner Erfahrung nach gegrillte W&uuml;rste nicht viel anders schmecken als wie gebratene. Aber ich kann mir nicht vorstellen, dass es eine K&auml;ufergruppe gibt, die gerne Bratw&uuml;rste isst und auf diese Werbung steht.<img loading=\"lazy\" decoding=\"async\" src=\"https:\/\/vg01.met.vgwort.de\/na\/04dcbfc5aaf240e9a54e6f8ce70f8b2f\" alt=\"\" width=\"1\" height=\"1\" \/><!--more--><\/p>\n<p>Der zweite Werbungssplitter zaubert mir jeden Tag ein Schmunzeln auf das Gesicht. Es ist die Werbung eines Outlet-Zentrum. Und es ist wegen dem Ort, der erw&auml;hnt wird: \u201eRobbenheim des Style Outlets\u201c. Da man sich ja nicht die M&uuml;he gegeben hat, den zweiten Teil einzudeutschen komme ich immer darauf auch den ersten Teil als englisches Wort zu sehen und \u201erob\u201c hei&szlig;t ja r&auml;ubern bekannt von Filmen wie \u201eRob roy\u201c. Also &uuml;ber setzt mein Gehirn immer Robbenheim mit \u201eR&auml;uberheim\u201c und das zusammen mit einem Verkauf ist nicht gerade gut f&uuml;r den Verk&auml;ufer.<\/p>\n<p>Dann gibt es die Discounterrivalen ALDI und LIDL. Hier verlaufen deren Strategien v&ouml;llig entgegengesetzt. Zur Erkl&auml;rung: Ostfildern ist eine durch Zusammenschluss entstandene Kreisstadt mit 6 separaten Ortsteilen. LIDL war zuerst da mit Filialen in Ruit, wo ich wohne und einer anderen Gemeinde. Als der sechste Stadtteil entstand (vorher war dort eine US-Kaserne) hat Lidl die Filialen geschlossen und dort eine neue aufgemacht \u2013 klar beim Bau auf der gr&uuml;nen Weise hat man mehr Platz. Macht die Kette aber nicht sympathischer. ALDI kam erst danach und hat inzwischen zwei Filialen in Ostfildern. Darunter netterweise auch eine in Ruit. Seitdem kaufe ich nat&uuml;rlich dort ein. In den letzten Jahren haben sich zumindest hier die beiden Discounter in zwei unterschiedliche Richtungen entwickelt. ALDI will seine Filialen nach und nach umr&uuml;sten in Richtung hochwertiges Image. Dazu geh&ouml;rt vor allem Optik. Aber es wird weniger Plastik z. B. Beim Gem&uuml;sestand. Die Filiale in Ruit ist da Vorreiter sie wurde im April umgebaut. Schon vorher waren wir bei anderen Innovationen wie Backstation anstatt Backautomat (allerdings nur bei den kleinen Backwaren \u2013 das Brot wird nach wie vor schon vorgebacken, tiefgefroren angeliefert) bei den ersten Filialen in der Umgebung. LIDL ver&auml;rgert mich dagegen durch Umstellung der Anordnung alle paar Jahre, d.h. man r&auml;umt alle paar Jahre die Regale um und es dauert Wochen, bis ich wieder das finde, was ich suche. Vor allem wird der Markt hier immer \u201ekruschteliger\u201c. Es gibt immer mehr Regale. Dadurch anstatt wie bei ALDI viel Platz zwischen den Regalen wird es eng, mit den Folgen, das man anderen Kunden dauernd ausweichen muss. Vor allem gibt es keine Systematik. Kaffee gibt es im Regal neben der Marmelade \u2013 aber auch in einem Aktionsregal irgendwo anders. Mensch, r&auml;umt die Aktionsware doch zur regul&auml;ren rein. Kurz, ich kaufe inzwischen nur noch ungern bei Lidl im Laden ein und dann nur um dort was einzukaufen das ich beim ALDI nicht bekomme, weil das Sortiment gr&ouml;&szlig;er ist. Daf&uuml;r scheint ALDI den Online-Trend verschlafen zu haben. LIDL hat einen eigenen Shop. Dort gibt es weitaus mehr als im Laden. Und es gibt dort Dinge, die man im Laden nicht verkaufen kann wie Gartenm&ouml;bel oder Fahrr&auml;der. Den nutze ich inzwischen recht h&auml;ufig. Man ist nicht abh&auml;ngig von Aktionswochen, den die dortigen Artikel gibt es meist viel l&auml;nger als in der Filiale. ALDI hat so was nicht. Nur sperrige oder teure Artikel gibt es neuerdings per \u201eALDI liefert\u201c. Aber auch nur wenige. Mein Vorschlag: weitet das aus. Zumindest auf Artikel, die sperrig sind. Denn einen Kundenstamm scheinen beide Discounter nicht im Blick zu haben: Fu&szlig;g&auml;nger und Fahrradfahrer. Bei beiden Discounter gibt es einen Fahrradstellplatz der so gro&szlig; ist wie zwei Autoparkpl&auml;tze und f&uuml;r acht Fahrr&auml;der reicht. Dagegen gibt es (gesch&auml;tzt) rund 50 Parkpl&auml;tze f&uuml;r Autos. Jetzt im Sommer sind die immer voll, wenn ich hinkomme. Unverst&auml;ndlich, vor allem bei der ALDI-Filialie die ja erst vor einigen Monaten umgebaut wurde \u2013 warum nicht zwei weitere Parkpl&auml;tze f&uuml;r Autos opfern und die doppelte Zahl an Fahrradstellpl&auml;tzen zur Verf&uuml;gung stellen? Es lohnt sich doch, denn man kann so viermal mehr Kunden mit Stellpl&auml;tzen versorgen. Vor allem geht der Trend ja zu dem E-Bike und da sind immer mehr unterwegs, die sonst selten Fahrradfahren. Jedes Zweite, das ich sehe, ist schon ein E-Bike und es wird immer voller. Fahrradfahrer (aber auch Fu&szlig;g&auml;nger) k&ouml;nnen aber nicht alles kaufen. Alles, was sperrig ist, scheidet, aus. Zumindest das sollte ALDI in seinem \u201eALDI lieferet Service aufnehmen\u201c. Zum Schluss f&auml;llt mir aber noch was ein, was bei LIDL besser ist: Sei haben kleine Einkaufswagen. Die normalen Einkaufswagen sind ja \u201eSchlachtschiffe\u201c. Riesengro&szlig;. Ab und an finde ich ja Kunden, die sie wirklich voll bekommen, wenn das dann auf dem Band landet, r&auml;tsele ich immer, ob es eine Gro&szlig;familie ist oder sie f&uuml;r eine Jugendgruppe einkaufen oder f&uuml;r eine Gastst&auml;tte (h&auml;ngt von den Waren ab. Wenn jemand der s&uuml;dl&auml;ndisch aussieht, bei einer Aktionswoche jede Menge italienischer Pasta kauf,t tippe ich dann eher auf Gastst&auml;tte). Ich glaube zumindest f&uuml;r die meisten Ein- bis Zweipersonenhaushalt reichen die kleineren Einkaufswagen, die auch nicht kleiner sind, als die, die ich von meiner Jugend kenne und da kaufte ich damit f&uuml;r drei bis vier Personen ein v&ouml;llig aus. Da man mit ihnen viel besser vorw&auml;rtskommt und sie auch weniger Platz wegnehmen sowohl drau&szlig;en wie im Laden verstehe ich nicht, warum sie bei Lidl noch eine Ausnahme sind (eine von vier Reihen) und es bei ALDI sie gar nicht gibt.<\/p>\n","protected":false},"excerpt":{"rendered":"<p>Als kleiner Zwischenblog, mit keinem gro&szlig;artigem Thema einige Dinge, die mir in der Radiowerbung und so aufgefallen sind. Da gibt es die Werbung von Meica f&uuml;r ihre Bratw&uuml;rste wie den \u201eBruzzler\u201c oder \u201eBratmaxe\u201c. Die ist mehrgleisig. Zum einen mit Prominenten wie Atze Schr&ouml;der und Dieter Bohlen, zum anderen mit Normalos. Beide haben aber eine Gemeinsamkeit. [&hellip;]<\/p>\n","protected":false},"author":169,"featured_media":0,"comment_status":"open","ping_status":"open","sticky":false,"template":"","format":"standard","meta":{"_jetpack_memberships_contains_paid_content":false,"footnotes":""},"categories":[1],"tags":[],"class_list":["post-14037","post","type-post","status-publish","format-standard","hentry","category-allgemein","entry"],"a3_pvc":{"activated":false,"total_views":873,"today_views":0},"jetpack_featured_media_url":"","jetpack-related-posts":[{"id":18472,"url":"https:\/\/www.bernd-leitenberger.de\/blog\/2025\/12\/16\/die-deutsche-automobilindustrie-2\/","url_meta":{"origin":14037,"position":0},"title":"Die Deutsche Automobilindustrie.","author":"Bernd Leitenberger","date":"16. Dezember 2025","format":false,"excerpt":"Ich wei\u00df, ich habe lange nichts von mir h\u00f6ren lassen. Ich lebe aber noch. Ich arbeite derzeit viel an dem neuen Buch \u00fcber die Thor- und Delta-Tr\u00e4gerraketen. Leider sto\u00dfe ich auf immer mehr Material und das nimmt sehr viel Arbeit in Anspruch, um mich einzuarbeiten und zu schreiben. Jetzt schon\u2026","rel":"","context":"In &quot;Politik&quot;","block_context":{"text":"Politik","link":"https:\/\/www.bernd-leitenberger.de\/blog\/category\/politik\/"},"img":{"alt_text":"","src":"https:\/\/vg04.met.vgwort.de\/na\/98960bbbe1644c829b9337b57667bf6c","width":350,"height":200},"classes":[]},{"id":18485,"url":"https:\/\/www.bernd-leitenberger.de\/blog\/2026\/01\/13\/programm-437\/","url_meta":{"origin":14037,"position":1},"title":"Programm 437","author":"Bernd Leitenberger","date":"13. Januar 2026","format":false,"excerpt":"Ich wei\u00df, ich mache mich in den letzten Wochen etwas rar. Daf\u00fcr gibt es zwei Gr\u00fcnde. Da ist zum einen die gesamte politische Lage. Prim\u00e4r nat\u00fcrlich in dem Land des unbegrenzten Irrsinns. Wenn der Machthaber von Venezuela entf\u00fchrt wird und unter falscher Begr\u00fcndung angeklagt wird - weil es ja in\u2026","rel":"","context":"In &quot;Raumfahrt&quot;","block_context":{"text":"Raumfahrt","link":"https:\/\/www.bernd-leitenberger.de\/blog\/category\/raumfahrt\/"},"img":{"alt_text":"","src":"https:\/\/vg06.met.vgwort.de\/na\/3d6eb16326d743baa56f5ece884b5d21","width":350,"height":200},"classes":[]},{"id":18630,"url":"https:\/\/www.bernd-leitenberger.de\/blog\/2026\/04\/08\/am-weitesten-von-der-erde-entfernt\/","url_meta":{"origin":14037,"position":2},"title":"Am weitesten von der Erde entfernt &#8230;","author":"Bernd Leitenberger","date":"8. April 2026","format":false,"excerpt":"Seit gestern ist die Orion wieder auf dem Weg zur\u00fcck zur Erde. Wieder kam in \"Heute\" und den Tagesthemen als gaaaaaanz wichtige Sache, das die Mission weiter weg war als bisher jede andere Mission. Rund 6000 km mehr als bei Apollo 13 oder 1,5 % der Maximaldistanz. Das die Leute\u2026","rel":"","context":"In &quot;Raumfahrt&quot;","block_context":{"text":"Raumfahrt","link":"https:\/\/www.bernd-leitenberger.de\/blog\/category\/raumfahrt\/"},"img":{"alt_text":"","src":"https:\/\/vg06.met.vgwort.de\/na\/1e3b293e46514c4290683dcabb375461","width":350,"height":200},"classes":[]},{"id":18393,"url":"https:\/\/www.bernd-leitenberger.de\/blog\/2025\/09\/18\/die-falcon-9-eine-nachlese\/","url_meta":{"origin":14037,"position":3},"title":"Die Falcon 9 &#8211; eine Nachlese (1)","author":"Bernd Leitenberger","date":"18. September 2025","format":false,"excerpt":"Nachdem \"SimonVR\" mich darauf aufmerksam gemacht hat, dass mein Falcon 9 Artikel sowie der \u00fcber die Entwicklung der Falcon 9 doch etwas abgehangen ist, denke ich, mache ich mal einen Blog dazu. Zuerst mal, worum es hier NICHT geht: n\u00e4mlich eine Einsatzgeschichte der Falcon 9. Ebenso habe ich die wirtschaftliche\u2026","rel":"","context":"In &quot;SpaceX&quot;","block_context":{"text":"SpaceX","link":"https:\/\/www.bernd-leitenberger.de\/blog\/category\/raumfahrt\/spacex\/"},"img":{"alt_text":"","src":"https:\/\/vg02.met.vgwort.de\/na\/8d7fcc876a9d4ed4b27890b8d59e8e87","width":350,"height":200},"classes":[]},{"id":13740,"url":"https:\/\/www.bernd-leitenberger.de\/blog\/2019\/02\/17\/die-2019-er-spacex-wette\/","url_meta":{"origin":14037,"position":4},"title":"Die 2019-er SpaceX Wette","author":"Bernd Leitenberger","date":"17. Februar 2019","format":false,"excerpt":"Wer mich kennt, wei\u00df, dass ich jedes Jahr eine Wette mit SpaceX eingehe. Das System ist eigentlich sehr einfach: Ich nehme nur eine SpaceX-Aussage und wette dagegen, also, dass sie nicht stimmt oder nicht erreicht wird. Das mache ich schon seit einigen Jahren und bisher habe ich mit einer Ausnahme\u2026","rel":"","context":"In &quot;SpaceX&quot;","block_context":{"text":"SpaceX","link":"https:\/\/www.bernd-leitenberger.de\/blog\/category\/raumfahrt\/spacex\/"},"img":{"alt_text":"","src":"https:\/\/vg06.met.vgwort.de\/na\/7955f286a7004559b4ddbb5d8b481043","width":350,"height":200},"classes":[]},{"id":18502,"url":"https:\/\/www.bernd-leitenberger.de\/blog\/2026\/01\/22\/der-ariane-kompatible-orbit\/","url_meta":{"origin":14037,"position":5},"title":"Der Ariane-Kompatible Orbit","author":"Bernd Leitenberger","date":"22. Januar 2026","format":false,"excerpt":"Heute wieder ein Grundlagenblog f\u00fcr alle, die die Grundlagen auf der Website noch nicht entdeckt haben, oder sie ihnen zu detailliert sind oder die einfach nur den Blog lesen. Es geht um einen Begriff, den man heute kaum noch h\u00f6rt, der aber mal das Ma\u00df der Dinge war und was\u2026","rel":"","context":"In &quot;Allgemein&quot;","block_context":{"text":"Allgemein","link":"https:\/\/www.bernd-leitenberger.de\/blog\/category\/allgemein\/"},"img":{"alt_text":"","src":"https:\/\/vg06.met.vgwort.de\/na\/901d5ccaac304c8baace44abf9e7aebe","width":350,"height":200},"classes":[]}],"jetpack_sharing_enabled":true,"amp_enabled":true,"_links":{"self":[{"href":"https:\/\/www.bernd-leitenberger.de\/blog\/wp-json\/wp\/v2\/posts\/14037","targetHints":{"allow":["GET"]}}],"collection":[{"href":"https:\/\/www.bernd-leitenberger.de\/blog\/wp-json\/wp\/v2\/posts"}],"about":[{"href":"https:\/\/www.bernd-leitenberger.de\/blog\/wp-json\/wp\/v2\/types\/post"}],"author":[{"embeddable":true,"href":"https:\/\/www.bernd-leitenberger.de\/blog\/wp-json\/wp\/v2\/users\/169"}],"replies":[{"embeddable":true,"href":"https:\/\/www.bernd-leitenberger.de\/blog\/wp-json\/wp\/v2\/comments?post=14037"}],"version-history":[{"count":0,"href":"https:\/\/www.bernd-leitenberger.de\/blog\/wp-json\/wp\/v2\/posts\/14037\/revisions"}],"wp:attachment":[{"href":"https:\/\/www.bernd-leitenberger.de\/blog\/wp-json\/wp\/v2\/media?parent=14037"}],"wp:term":[{"taxonomy":"category","embeddable":true,"href":"https:\/\/www.bernd-leitenberger.de\/blog\/wp-json\/wp\/v2\/categories?post=14037"},{"taxonomy":"post_tag","embeddable":true,"href":"https:\/\/www.bernd-leitenberger.de\/blog\/wp-json\/wp\/v2\/tags?post=14037"}],"curies":[{"name":"wp","href":"https:\/\/api.w.org\/{rel}","templated":true}]}}