{"id":14196,"date":"2019-08-04T09:33:37","date_gmt":"2019-08-04T07:33:37","guid":{"rendered":"https:\/\/www.bernd-leitenberger.de\/blog\/?p=14196"},"modified":"2019-08-04T16:13:51","modified_gmt":"2019-08-04T14:13:51","slug":"mord-und-totschlag","status":"publish","type":"post","link":"https:\/\/www.bernd-leitenberger.de\/blog\/2019\/08\/04\/mord-und-totschlag\/","title":{"rendered":"Mord und Totschlag"},"content":{"rendered":"<p>Man gestatte mir heute mal wieder einen reinen Meinungsblog. Es geht um etwas, was mir in den letzten Jahren aufgefallen ist: eine Ver&auml;nderung der Nachrichten. Was mir \u2013 zumindest bei meinem Hausradiosender SW1 \u2013 auff&auml;llt, ist, dass es immer mehr Meldungen &uuml;ber Morde und andere schwere Verbrechen gibt. Die letzte Woche sogar zwei. Zuerst &uuml;ber einen Mann, der eine Frau und ihr Kind vor einen heranfahrenden Zug in Frankfurt stie&szlig;, dann &uuml;ber einen der einen ehemaligen Mitbewohner mit einer Stichwaffe in Stuttgart t&ouml;tete. Das ist ein Beispiel. Es g&auml;be noch weitere, wie &uuml;ber Gruppenvergewaltigungen, Kindesmissbrauch. Es sind auch nicht nur die Verbrechen selbst, die eine einmalige Meldung erzeugen. Sondern in den n&auml;chsten Tagen kommen dann noch Meldungen &uuml;ber den Fortgang der Ermittlungen und die reisen auch nicht ab. So in dem Fall &uuml;ber Kindesmissbrauch auf einem Campingplatz, wo es alle paar Monate neue Meldungen gibt. Sei es &uuml;ber verschwundene CDs mit Tatvideos oder die Ermittlung eines weiteren Tatverd&auml;chtigen und schlie&szlig;lich dann noch Meldungen &uuml;ber die Prozesse: Prozessbeginn, Prozessverlauf, Urteil.<img loading=\"lazy\" decoding=\"async\" src=\"https:\/\/vg02.met.vgwort.de\/na\/0d69a0932bc24a49b6b69df32a5d2e7b\" alt=\"\" width=\"1\" height=\"1\" \/><!--more--><\/p>\n<p>Ich frage mich in letzter Zeit, warum diese Meldungen zugenommen haben und was ihr tieferer Sinn ist. Es gab fr&uuml;her auch schon Verbrechen, doch wurde &uuml;ber Mord nur selten berichtet. Heute ist das anders. Meine Vorstellung: durch die terroristischen Attentate hat sich irgendwie die Wahrnehmung bei der Bev&ouml;lkerung, aber auch Redakteuren ver&auml;ndert. Nun erscheinen solche Taten viel bedrohlicher als vorher, wo sie auch vorkamen, aber eben nicht so stark wahrgenommen werden. Nehme ich nur die Statistiken, so sind die Morde von 1994 bis 2014 von 1194 auf 664 F&auml;lle zur&uuml;ckgegangen. Es ist heute also fast doppelt so \u201esicher\u201c wie vor 20 Jahren. In den Nachrichten ist das genaue Gegenteil der Fall. Damals wurde kaum &uuml;ber Einzeltaten berichtet, au&szlig;er sie hatten regionale Bedeutung. Ein Redakteur w&uuml;rde nun sicher sagen, das ist &Ouml;ffentlichkeitsinteresse. Kurz die Leute interessieren sich daf&uuml;r. Das ist ein Argument, denn es wird auch &uuml;ber Dinge berichtet, die ich f&uuml;r v&ouml;llig unn&ouml;tig halte wie irgendwelche Hochzeiten oder Geburten bei K&ouml;nigsh&auml;usern. Aber es gibt einen Unterschied. Im zweiten Fall ist es mehr oder weniger Unterhaltung, man k&ouml;nnte auch sagen, eine positive Nachricht, bei Berichterstattung &uuml;ber Verbrechen ist es eine negative Nachricht. Die l&ouml;st im Unterbewusstsein etwas aus. Man f&uuml;hlt sich nicht mehr so sicher, wenn fast jede Woche &uuml;ber einen Mord berichtet wird, (rein statistisch gesehen, passiert auch jeden Tag mindestens einer). Sonst h&auml;tte man von den Taten nichts mitbekommen au&szlig;er man w&auml;re in der direkten Umgebung. Ich halte das f&uuml;r gef&auml;hrlich, denn so wird suggeriert, das es viel mehr Verbrechen gibt und das verunsichert und ver&auml;ngstigt die Leute.<\/p>\n<p>Noch etwas hat sich ge&auml;ndert. Nach jeder der Taten tritt die Politik auf. Seehofer hat seinen Urlaub unterbrochen und will, weil der T&auml;ter von Frankfurt aus der Schweiz stammt, nun verst&auml;rkte Kontrollen zur Schweiz einf&uuml;hren. Bei anderen Verbrechen in den letzten Jahren wurde nach einer Versch&auml;rfung von Gesetzen geschrien und nat&uuml;rlich dienen diese Vorf&auml;lle dazu, die &Uuml;berwachung der Bev&ouml;lkerung bzw. ihres Telefon- und Internetverkehrs zu rechtfertigen und immer mehr zu versch&auml;rfen. Die letzte deutsche Verordnung hat ja mittlerweile der EuGH kassiert.<\/p>\n<p>Ich denke Politiker wollen so zeigen, dass sie etwas tun. Aber was sie tun, ist Unsinn. Mord ist ja strafbar und das nicht erst seit heute. Wir haben f&uuml;r alle m&ouml;glichen Straftaten Gesetze, manchmal sogar ziemlich &uuml;berfl&uuml;ssige wie gegen Majest&auml;tsbeleidigung und Werbung f&uuml;r Abtreibung. Gesetze und Verordnungen verhindern aber keine Straftaten. Straftaten verhindert die Polizei durch ihre Pr&auml;senz, bzw. bei Berufskriminellen durch den Fahndungserfolg und auch der h&auml;ngt mit der Personalst&auml;rke aber auch ihrer Ausr&uuml;stung und Ausbildung zusammen. Daf&uuml;r muss man aber Geld ausgeben. Gesetze sind dagegen als Beschl&uuml;sse des Parlaments relativ g&uuml;nstig. Ich sehe das wie bei den Verkehrsregeln: die kennt auch jeder und trotzdem halten sich viele nicht daran. Daran &auml;ndern dann nur Kontrollen, &Uuml;berwachung wie Radargeschwindigkeitsmessungen oder Bu&szlig;geldbescheide etwas. Es geht nicht um versch&auml;rfte Regeln, sondern dadurch, dass man die Einhaltung auch gew&auml;hrleistet. Wie bei den Gesetzen k&ouml;nnte man auch die Verkehrsregeln entschlanken und &uuml;berfl&uuml;ssige entfernen. Aber auch hier sehen wir den Trend zu \u201ebilligen\u201c Ma&szlig;nahmen. Das sind Schilder. Wir haben &uuml;berall Schilder, bei den meisten kenne ich nicht mal die Bedeutung. Auch da w&uuml;rden einige weniger nicht schlecht sein.<\/p>\n<p>Immerhin: mein Sender hat noch nicht eine Rubrik, die der Stammsender meines Bruders \u201eAntenne 107,7\u201c hat: dort gibt es zu den Nachrichten jeweils eine Liste von Meldungen, wo Radarfallen aufgestellt sind. Ich denke das ist grenzwertig. Es ist im Prinzip eine Warnung an alle, die sich nicht an das Tempolimit halten, wo ihnen ein Bussgeld winken k&ouml;nnte. Klar wird das, wenn derselbe Sender nicht vor \u201eBlitzern&#8220;, sondern Polizeikontrollen oder -patrolien warnen w&uuml;rde. Auch diese &uuml;berwachen ja nur den Verkehr und stellen auch Geschwindigkeitsverst&ouml;&szlig;e fest. Also wenn die Sendeanstalten schon was tun wollen: bringen sie doch in den Nachrichten jeden Tag wie viele Menschen durch verkehrsunf&auml;lle heute gestorben sind. Das hat vielleicht sogar einen Nutzen, n&auml;mlich den das der eine oder andere vorsichtiger f&auml;hrt.<\/p>\n<p>Zuletzt noch ein Schmankerl: ich habe, w&auml;hrend ich den Beitrag schreib, eine Folge von TerraX &uuml;ber den Mars angeschaut. Gleich zu Beginn gab es folgende Szene, aus der ich einen Screenshot gemacht habe:<br \/>\n<img loading=\"lazy\" decoding=\"async\" class=\"alignleft size-medium\" src=\"\/img\/screenshotterrax.jpg\" width=\"1280\" height=\"720\" \/><br \/>\nF&auml;llt euch was auf? Die Venus ist leicht gr&ouml;&szlig;er als die Erde, in Wirklichkeit aber etwas kleiner. Der Mars hat etwa die halbe Erdgr&ouml;&szlig;e ist aber auf der Abbildung auch zu gro&szlig;, ebenso der Merkur. Vor allem ist die Sonne mit gesch&auml;tzt 3-4 fachem Erddurchmesser viel zu klein. Hier ein korrekter Vergleich aus der Wikipedia. Und Mars 3 machte auch nicht die erste erfolgreiche Marslandung \u2026 In der Sendung wird dann auch noch der Eindruck erweckt, das Elon Musk, dort betitelt als \u201eMultimilliard&auml;r\u201c alleine eine Marskolonisierung finanziert. Ich frage mich nur wie.<br \/>\n<img loading=\"lazy\" decoding=\"async\" class=\"alignleft size-medium\" src=\"\/img\/800px-Terrestrial_planet_size_comparisons.jpg\" width=\"800\" height=\"348\" \/><\/p>\n","protected":false},"excerpt":{"rendered":"<p>Man gestatte mir heute mal wieder einen reinen Meinungsblog. Es geht um etwas, was mir in den letzten Jahren aufgefallen ist: eine Ver&auml;nderung der Nachrichten. Was mir \u2013 zumindest bei meinem Hausradiosender SW1 \u2013 auff&auml;llt, ist, dass es immer mehr Meldungen &uuml;ber Morde und andere schwere Verbrechen gibt. Die letzte Woche sogar zwei. Zuerst &uuml;ber [&hellip;]<\/p>\n","protected":false},"author":169,"featured_media":0,"comment_status":"open","ping_status":"open","sticky":false,"template":"","format":"standard","meta":{"_jetpack_memberships_contains_paid_content":false,"footnotes":""},"categories":[1],"tags":[4382,4383,4381],"class_list":["post-14196","post","type-post","status-publish","format-standard","hentry","category-allgemein","tag-anschlaege","tag-attentat","tag-mord","entry"],"a3_pvc":{"activated":false,"total_views":332,"today_views":0},"jetpack_featured_media_url":"","jetpack-related-posts":[{"id":18472,"url":"https:\/\/www.bernd-leitenberger.de\/blog\/2025\/12\/16\/die-deutsche-automobilindustrie-2\/","url_meta":{"origin":14196,"position":0},"title":"Die Deutsche Automobilindustrie.","author":"Bernd Leitenberger","date":"16. Dezember 2025","format":false,"excerpt":"Ich wei\u00df, ich habe lange nichts von mir h\u00f6ren lassen. Ich lebe aber noch. Ich arbeite derzeit viel an dem neuen Buch \u00fcber die Thor- und Delta-Tr\u00e4gerraketen. Leider sto\u00dfe ich auf immer mehr Material und das nimmt sehr viel Arbeit in Anspruch, um mich einzuarbeiten und zu schreiben. Jetzt schon\u2026","rel":"","context":"In &quot;Politik&quot;","block_context":{"text":"Politik","link":"https:\/\/www.bernd-leitenberger.de\/blog\/category\/politik\/"},"img":{"alt_text":"","src":"https:\/\/vg04.met.vgwort.de\/na\/98960bbbe1644c829b9337b57667bf6c","width":350,"height":200},"classes":[]},{"id":18492,"url":"https:\/\/www.bernd-leitenberger.de\/blog\/2026\/01\/18\/spacex-nachlese-2025-und-vorausschau-2026\/","url_meta":{"origin":14196,"position":1},"title":"SpaceX Nachlese 2025 und Vorausschau 2026","author":"Bernd Leitenberger","date":"18. Januar 2026","format":false,"excerpt":"Nach meiner allgemeinen Nachlese nun eine spezielle f\u00fcr SpaceX. Starship Das Starship sah ja schon 2023\/2024 nicht gut aus. Gehen wir mal zur\u00fcck zur Jahreswende 2024\/25: Es gab bis dahin 6 Fl\u00fcge des Starship V1 - auch eine Neuerung des letzten Jahres, denn vorher gab es nur ein \"Starship\", nun\u2026","rel":"","context":"In &quot;SpaceX&quot;","block_context":{"text":"SpaceX","link":"https:\/\/www.bernd-leitenberger.de\/blog\/category\/raumfahrt\/spacex\/"},"img":{"alt_text":"","src":"\/img\/starship-v4-tabelle.jpg","width":350,"height":200,"srcset":"\/img\/starship-v4-tabelle.jpg 1x, \/img\/starship-v4-tabelle.jpg 1.5x, \/img\/starship-v4-tabelle.jpg 2x"},"classes":[]},{"id":18469,"url":"https:\/\/www.bernd-leitenberger.de\/blog\/2025\/11\/13\/operation-fishbowl\/","url_meta":{"origin":14196,"position":2},"title":"Operation Fishbowl","author":"Bernd Leitenberger","date":"13. November 2025","format":false,"excerpt":"Hallo, ich schreibe weiter an meinem Buch, die Auskopplung der Thor und Delta aus dem Buch \u00fcber die US-Tr\u00e4gerraketen. Und wie immer nutze ich die Zeit noch was zu erg\u00e4nzen. Seitens des Einsatzes der Thor bzw. Delta als Satellitentr\u00e4ger gibt es wenig Neues zu schreiben da habe ich schon beim\u2026","rel":"","context":"In &quot;Raumfahrt&quot;","block_context":{"text":"Raumfahrt","link":"https:\/\/www.bernd-leitenberger.de\/blog\/category\/raumfahrt\/"},"img":{"alt_text":"","src":"https:\/\/upload.wikimedia.org\/wikipedia\/commons\/e\/e2\/Radiocarbon_bomb_spike.svg","width":350,"height":200,"srcset":"https:\/\/upload.wikimedia.org\/wikipedia\/commons\/e\/e2\/Radiocarbon_bomb_spike.svg 1x, https:\/\/upload.wikimedia.org\/wikipedia\/commons\/e\/e2\/Radiocarbon_bomb_spike.svg 1.5x"},"classes":[]},{"id":18511,"url":"https:\/\/www.bernd-leitenberger.de\/blog\/2026\/01\/27\/musks-ki-rechenzentren-im-orbit\/","url_meta":{"origin":14196,"position":3},"title":"Musks KI-Rechenzentren im Orbit","author":"Bernd Leitenberger","date":"27. Januar 2026","format":false,"excerpt":"Bei meinem regelm\u00e4\u00dfigen Besuch des Space Reviews stie\u00df ich auf diesen Artikel: SpaceX, orbital data centers, and the journey to Mars. Ich hatte in meiner Nachlese schon erw\u00e4hnt das Elon Musk, nachdem er dies lange verschoben hat nun plant SpaceX an die B\u00f6rse zu bringen. Ich meinte aber, das l\u00e4ge\u2026","rel":"","context":"In &quot;SpaceX&quot;","block_context":{"text":"SpaceX","link":"https:\/\/www.bernd-leitenberger.de\/blog\/category\/raumfahrt\/spacex\/"},"img":{"alt_text":"","src":"https:\/\/vg06.met.vgwort.de\/na\/0ee72da693054bc3b5c3f00214a7e2b3","width":350,"height":200},"classes":[]},{"id":18643,"url":"https:\/\/www.bernd-leitenberger.de\/blog\/2026\/04\/22\/reiches-endlager\/","url_meta":{"origin":14196,"position":4},"title":"Reiches Endlager","author":"Bernd Leitenberger","date":"22. April 2026","format":false,"excerpt":"Man ist ja von der derzeitigen Bundeswirtschaftsministerin Katherina Reiche einiges gewohnt. Mal will sie 40 neue Gaskraftwerke bauen, dann die F\u00f6rderung regenerativer Energien ab dem 1. Januar 2027 einstellen, schon jetzt bekommen nach einer Gesetzesreform Betreiber von Windkraftanlagen keine Verg\u00fctung mehr f\u00fcr Strom. den sie nicht einspeisen k\u00f6nnen, weil die\u2026","rel":"","context":"In &quot;M\u00fcnchhausens Kolumne&quot;","block_context":{"text":"M\u00fcnchhausens Kolumne","link":"https:\/\/www.bernd-leitenberger.de\/blog\/category\/satire\/muenchhausen\/"},"img":{"alt_text":"","src":"","width":0,"height":0},"classes":[]},{"id":18419,"url":"https:\/\/www.bernd-leitenberger.de\/blog\/2025\/10\/02\/der-neue-rekordhalter-bei-der-bemannten-raumfahrt\/","url_meta":{"origin":14196,"position":5},"title":"Der neue Rekordhalter bei der bemannten Raumfahrt","author":"Bernd Leitenberger","date":"2. Oktober 2025","format":false,"excerpt":"\u2026 ist unfreiwillig Oleg Popolow. Die Geschichte zeigt, wo Russland heute in der Raumfahrt steht. Sie beginnt am 22. September 2022. Russland f\u00fchrt seit rund sieben Monaten Krieg gegen die Ukraine und hat Tausende Gefallene, Verwundete und gefangene Soldaten zu beklagen. Um die Verluste auszugleichen, wurde an diesem Tag eine\u2026","rel":"","context":"In &quot;M\u00fcnchhausens Kolumne&quot;","block_context":{"text":"M\u00fcnchhausens Kolumne","link":"https:\/\/www.bernd-leitenberger.de\/blog\/category\/satire\/muenchhausen\/"},"img":{"alt_text":"","src":"https:\/\/vg01.met.vgwort.de\/na\/6566478af4c24587a85b9f439288056d","width":350,"height":200},"classes":[]}],"jetpack_sharing_enabled":true,"amp_enabled":true,"_links":{"self":[{"href":"https:\/\/www.bernd-leitenberger.de\/blog\/wp-json\/wp\/v2\/posts\/14196","targetHints":{"allow":["GET"]}}],"collection":[{"href":"https:\/\/www.bernd-leitenberger.de\/blog\/wp-json\/wp\/v2\/posts"}],"about":[{"href":"https:\/\/www.bernd-leitenberger.de\/blog\/wp-json\/wp\/v2\/types\/post"}],"author":[{"embeddable":true,"href":"https:\/\/www.bernd-leitenberger.de\/blog\/wp-json\/wp\/v2\/users\/169"}],"replies":[{"embeddable":true,"href":"https:\/\/www.bernd-leitenberger.de\/blog\/wp-json\/wp\/v2\/comments?post=14196"}],"version-history":[{"count":0,"href":"https:\/\/www.bernd-leitenberger.de\/blog\/wp-json\/wp\/v2\/posts\/14196\/revisions"}],"wp:attachment":[{"href":"https:\/\/www.bernd-leitenberger.de\/blog\/wp-json\/wp\/v2\/media?parent=14196"}],"wp:term":[{"taxonomy":"category","embeddable":true,"href":"https:\/\/www.bernd-leitenberger.de\/blog\/wp-json\/wp\/v2\/categories?post=14196"},{"taxonomy":"post_tag","embeddable":true,"href":"https:\/\/www.bernd-leitenberger.de\/blog\/wp-json\/wp\/v2\/tags?post=14196"}],"curies":[{"name":"wp","href":"https:\/\/api.w.org\/{rel}","templated":true}]}}