{"id":14271,"date":"2019-09-07T09:32:00","date_gmt":"2019-09-07T07:32:00","guid":{"rendered":"https:\/\/www.bernd-leitenberger.de\/blog\/?p=14271"},"modified":"2019-09-07T09:32:00","modified_gmt":"2019-09-07T07:32:00","slug":"alles-nur-routine","status":"publish","type":"post","link":"https:\/\/www.bernd-leitenberger.de\/blog\/2019\/09\/07\/alles-nur-routine\/","title":{"rendered":"&#8222;Alles nur Routine&#8220;"},"content":{"rendered":"<p>\u2026 so hei&szlig;t die \u00bbLange Nacht der Programmiersprachen\u00ab mit Ihnen, die an diesem Wochenende auf beiden Wellen DLF und DLFK laufen wird.<\/p>\n<div class=\"\">\n<p>Im DLFK am Samstag, 7.9. ab 00.05 Uhr (bis 3.00 Uhr morgens); im DLF am Sonntag 8.9., ebenfalls ab 00.05 Uhr. Man kann die Sendung auch zeitprogrammiert mitschneiden, wenn man hier\u00a0<a class=\"\" href=\"https:\/\/www.deutschlandfunkkultur.de\/programmvorschau.282.de.html?drbm:date=07.09.2019\">https:\/\/www.deutschlandfunkkultur.de\/programmvorschau.282.de.html?drbm:date=07.09.2019<\/a>\u00a0den Aufnahme-Knopf dr&uuml;ckt und ein entsprechendes Tool installiert.<\/p>\n<div class=\"\">\n<div class=\"\">Als Audio zum Download wird die gesamte Sendung leider nur genau 1 Woche zur Verf&uuml;gung stehen (also bis 14.\/15.9.), man findet sie dann hier:\u00a0<a class=\"\" href=\"https:\/\/www.deutschlandfunk.de\/geschichte-n-der-programmiersprachen-in-einer-langen-nacht.704.de.html?dram:article_id=454167\">https:\/\/www.deutschlandfunk.de\/geschichte-n-der-programmiersprachen-in-einer-langen-nacht.704.de.html?dram:article_id=454167<\/a>\u00a0Das hat die bekannten urheberrechtlichen Gr&uuml;nde bzw. liegt an den Restriktionen der GEMA.<\/div>\n<div><\/div>\n<\/div>\n<hr \/>\n<\/div>\n<p>Da ich an dem Format mitgearbeitet habe, der Autor der Sendung Florian Felix Weyh hat mich vor einem Jahr etwa zwei Stunden lang interviewt, m&ouml;chte ich euch auf die Sendung aufmerksam machen. Eine kurze Fassung gab es ja schon mal, diesmal nun erheblich l&auml;nger und vielleicht auch mehr von mir. In der ersten Geschichte ging es vor allem um die Fr&uuml;hgeschichte des Computers und mich befragte der Autor vor allem &uuml;ber den PC und Programmiersprachen. Ich bin &uuml;brigens leicht am deutlich schw&auml;bischen Akzent zu erkennen, f&uuml;r den ich mich trotz Sticheleien von Katzelmacher nicht sch&auml;me. Dabei wurde ich als Kind von meinem Onkel sogar aufgezogen, weil ich f&uuml;r seine Verh&auml;ltnisse zu viel &#8222;Hochdeutsch&#8220; sprach.<\/p>\n","protected":false},"excerpt":{"rendered":"<p>\u2026 so hei&szlig;t die \u00bbLange Nacht der Programmiersprachen\u00ab mit Ihnen, die an diesem Wochenende auf beiden Wellen DLF und DLFK laufen wird. Im DLFK am Samstag, 7.9. ab 00.05 Uhr (bis 3.00 Uhr morgens); im DLF am Sonntag 8.9., ebenfalls ab 00.05 Uhr. Man kann die Sendung auch zeitprogrammiert mitschneiden, wenn man hier\u00a0https:\/\/www.deutschlandfunkkultur.de\/programmvorschau.282.de.html?drbm:date=07.09.2019\u00a0den Aufnahme-Knopf dr&uuml;ckt [&hellip;]<\/p>\n","protected":false},"author":169,"featured_media":0,"comment_status":"open","ping_status":"open","sticky":false,"template":"","format":"standard","meta":{"_jetpack_newsletter_access":"","_jetpack_dont_email_post_to_subs":false,"_jetpack_newsletter_tier_id":0,"_jetpack_memberships_contains_paywalled_content":false,"_jetpack_memberships_contains_paid_content":false,"footnotes":""},"categories":[1],"tags":[],"class_list":["post-14271","post","type-post","status-publish","format-standard","hentry","category-allgemein","entry"],"a3_pvc":{"activated":false,"total_views":475,"today_views":0},"jetpack-related-posts":[{"id":18683,"url":"https:\/\/www.bernd-leitenberger.de\/blog\/2026\/06\/01\/die-glorreichen-10-programmiersprachen-2\/","url_meta":{"origin":14271,"position":0},"title":"Die glorreichen 10 \u2013 Programmiersprachen (2)","author":"Bernd Leitenberger","date":"01.06.2026","format":false,"excerpt":"Der heutige Teil schlie\u00dft nahtlos an den ersten Teil an, der gestern erschien. Es geht um 10 Kriterien anhand derer man Programmiersprachen kategorisieren kann. Maschinennah oder universell, aber komplex Als eine maschinennahe Sprache bezeichnet man eine Sprache, die nahe den M\u00f6glichkeiten von Prozessoren ist. Das Paradebeispiel ist C. Alle Prozessoren\u2026","rel":"","context":"In &quot;Die Glorreichen 10&quot;","block_context":{"text":"Die Glorreichen 10","link":"https:\/\/www.bernd-leitenberger.de\/blog\/category\/allgemein\/die-glorreichen-10\/"},"img":{"alt_text":"","src":"https:\/\/vg09.met.vgwort.de\/na\/7f5d9cf5265047179df05b778bf455b5","width":350,"height":200},"classes":[]},{"id":18676,"url":"https:\/\/www.bernd-leitenberger.de\/blog\/2026\/05\/31\/die-glorreichen-10-programmiersprachen\/","url_meta":{"origin":14271,"position":1},"title":"Die glorreichen 10 \u2013 Programmiersprachen","author":"Bernd Leitenberger","date":"31.05.2026","format":false,"excerpt":"Ich wollte mal eine Reihe in dieser Rubrik \u00fcber Programmiersprachen machen. Zuerst dachte ich daran eine Liste nach meinen pers\u00f6nlichen Favoriten zu erstellen. Anfangs bef\u00fcrchtete ich, dass ich gar nicht auf 10 komme, aber es sind tats\u00e4chlich mehr, wenngleich ich in vielen Sprachen nur kleine Programme verfasst habe oder mich\u2026","rel":"","context":"In &quot;Die Glorreichen 10&quot;","block_context":{"text":"Die Glorreichen 10","link":"https:\/\/www.bernd-leitenberger.de\/blog\/category\/allgemein\/die-glorreichen-10\/"},"img":{"alt_text":"","src":"https:\/\/vg09.met.vgwort.de\/na\/4073c4f9dc6943a08702cdde13605d43","width":350,"height":200},"classes":[]},{"id":18888,"url":"https:\/\/www.bernd-leitenberger.de\/blog\/2026\/08\/27\/die-ki-nachlese-nach-drei-jahren\/","url_meta":{"origin":14271,"position":2},"title":"Die KI &#8211; Nachlese nach drei Jahren","author":"Bernd Leitenberger","date":"27.08.2026","format":false,"excerpt":"Als die KI vor einigen Jahren aufkam, konnte man ihr noch etliche Tatsachen unterschieben. Ich empfehle, meinen Beitrag \u201eMariner\u202f10 und ChatGPT\u201c mal durchzulesen. Der Beitrag ist sehr humorvoll zu lesen, weil die KI fabuliert und sich auch entschuldigt, wenn man der KI v\u00f6lligen Unsinn als Tatsache vorsetzt. Selbst Bilder waren\u2026","rel":"","context":"In &quot;KI&quot;","block_context":{"text":"KI","link":"https:\/\/www.bernd-leitenberger.de\/blog\/category\/ki\/"},"img":{"alt_text":"","src":"\/img\/nightcafebild.jpg","width":350,"height":200,"srcset":"\/img\/nightcafebild.jpg 1x, \/img\/nightcafebild.jpg 1.5x, \/img\/nightcafebild.jpg 2x, \/img\/nightcafebild.jpg 3x"},"classes":[]},{"id":18614,"url":"https:\/\/www.bernd-leitenberger.de\/blog\/2026\/03\/29\/galileos-cds-teil-3\/","url_meta":{"origin":14271,"position":3},"title":"Galileos CDS &#8211; Teil 3","author":"Bernd Leitenberger","date":"29.03.2026","format":false,"excerpt":"So nun zum dritten Teil \u00fcber das prim\u00e4re Computersystem von Galileo, das CDS. Nachdem sich die ersten beiden Teile nur mit dem RCA 1802, warum er gew\u00e4hlt wurde und seiner Architektur befassten geht es heute um das Computersystem selbst. Der Artikel schlie\u00dft so an seine beiden Vorg\u00e4nger gestern und vorgestern\u2026","rel":"","context":"In &quot;Raumfahrt&quot;","block_context":{"text":"Raumfahrt","link":"https:\/\/www.bernd-leitenberger.de\/blog\/category\/raumfahrt\/"},"img":{"alt_text":"","src":"https:\/\/vg07.met.vgwort.de\/na\/6e7f572a246b4ac395de9c260733b707","width":350,"height":200},"classes":[]},{"id":18380,"url":"https:\/\/www.bernd-leitenberger.de\/blog\/2025\/09\/03\/die-glorreichen-10-das-war-mal-weg-pc-hardware\/","url_meta":{"origin":14271,"position":4},"title":"Die glorreichen 10 &#8211; Das war mal weg: PC Hardware","author":"Bernd Leitenberger","date":"03.09.2025","format":false,"excerpt":"Ich will heute mal zwei ZDF Info \/ Neo Sendungen verbinden. Die glorreichen 10, die bei mir als Vorlage f\u00fcr einige Blogs dienten und die von mir noch mehr gesch\u00e4tzte Sendung \"Das war mal weg\", wo es um Dinge geht, die fr\u00fcher fast jeder hatte und die heute aus unserem\u2026","rel":"","context":"In &quot;Die Glorreichen 10&quot;","block_context":{"text":"Die Glorreichen 10","link":"https:\/\/www.bernd-leitenberger.de\/blog\/category\/allgemein\/die-glorreichen-10\/"},"img":{"alt_text":"","src":"https:\/\/vg02.met.vgwort.de\/na\/876c61d389304d98aa0332fadd769381","width":350,"height":200},"classes":[]},{"id":18406,"url":"https:\/\/www.bernd-leitenberger.de\/blog\/2025\/09\/23\/der-blogautor-von-der-ki-beurteilt\/","url_meta":{"origin":14271,"position":5},"title":"Der Blogautor von der KI beurteilt","author":"Bernd Leitenberger","date":"23.09.2025","format":false,"excerpt":"Ich nutze inzwischen auch eine KI. Prim\u00e4r zu Recherche, im Browser https:\/\/www.perplexity.ai die f\u00fcr Recherchen (nach Eigenauskunft) spezialisiert ist. Seit ich vor mehr als zwei Jahren die KI zum ersten Mal getestet habe, hat diese sich enorm gebessert. Sie fabuliert weniger und ist intelligenter. Damals konnte man noch die AI\u2026","rel":"","context":"In &quot;Allgemein&quot;","block_context":{"text":"Allgemein","link":"https:\/\/www.bernd-leitenberger.de\/blog\/category\/allgemein\/"},"img":{"alt_text":"","src":"https:\/\/vg01.met.vgwort.de\/na\/c334c52e97b74da9b82424a9e80c6d97","width":350,"height":200},"classes":[]}],"jetpack_sharing_enabled":true,"amp_enabled":true,"jetpack_featured_media_url":"","_links":{"self":[{"href":"https:\/\/www.bernd-leitenberger.de\/blog\/wp-json\/wp\/v2\/posts\/14271","targetHints":{"allow":["GET"]}}],"collection":[{"href":"https:\/\/www.bernd-leitenberger.de\/blog\/wp-json\/wp\/v2\/posts"}],"about":[{"href":"https:\/\/www.bernd-leitenberger.de\/blog\/wp-json\/wp\/v2\/types\/post"}],"author":[{"embeddable":true,"href":"https:\/\/www.bernd-leitenberger.de\/blog\/wp-json\/wp\/v2\/users\/169"}],"replies":[{"embeddable":true,"href":"https:\/\/www.bernd-leitenberger.de\/blog\/wp-json\/wp\/v2\/comments?post=14271"}],"version-history":[{"count":0,"href":"https:\/\/www.bernd-leitenberger.de\/blog\/wp-json\/wp\/v2\/posts\/14271\/revisions"}],"wp:attachment":[{"href":"https:\/\/www.bernd-leitenberger.de\/blog\/wp-json\/wp\/v2\/media?parent=14271"}],"wp:term":[{"taxonomy":"category","embeddable":true,"href":"https:\/\/www.bernd-leitenberger.de\/blog\/wp-json\/wp\/v2\/categories?post=14271"},{"taxonomy":"post_tag","embeddable":true,"href":"https:\/\/www.bernd-leitenberger.de\/blog\/wp-json\/wp\/v2\/tags?post=14271"}],"curies":[{"name":"wp","href":"https:\/\/api.w.org\/{rel}","templated":true}]}}