{"id":14440,"date":"2019-12-04T10:26:57","date_gmt":"2019-12-04T09:26:57","guid":{"rendered":"https:\/\/www.bernd-leitenberger.de\/blog\/?p=14440"},"modified":"2019-12-04T17:47:47","modified_gmt":"2019-12-04T16:47:47","slug":"die-spende-fahrradfahrer-unerwuenscht-und-ein-ueberfluessiges-danke","status":"publish","type":"post","link":"https:\/\/www.bernd-leitenberger.de\/blog\/2019\/12\/04\/die-spende-fahrradfahrer-unerwuenscht-und-ein-ueberfluessiges-danke\/","title":{"rendered":"Die Spende, Fahrradfahrer unerw&uuml;nscht und ein &uuml;berfl&uuml;ssiges Danke"},"content":{"rendered":"<p>Heute wieder ein kurzweilliger Blog mit nichts anderem als meiner Meinung (okay, die findet sich auch in den anderen Blogs, aber dort meistens noch in Mischung mit einem Sachthema), Es sind drei Splitter die mir auffielen und wenn mir was auff&auml;llt dann negativ.<img loading=\"lazy\" decoding=\"async\" src=\"https:\/\/vg01.met.vgwort.de\/na\/ecf54fe29afa4bcf818c299ba01b47b7\" alt=\"\" width=\"1\" height=\"1\" \/><!--more--><\/p>\n<p>Das Erste war eine Aktion, die ich zuerst bei Lidl gesehen habe und nun auch bei ALDI. Da soll man einen Gutschein kaufen und f&uuml;r das Geld gehen dann Lebensmittel an die Tafel. Ich habe mich schon bei Lidl gefragt \u201ewas soll das?\u201c aber da nun ALDI auf den Zug aufspringt, denke ich, ist es Zeit zu kommentieren. Bei uns wird viel <a href=\"https:\/\/www.bmel.de\/SharedDocs\/Downloads\/Ernaehrung\/WvL\/Studie_Lebensmittelabfaelle_Kurzfassung.pdf;jsessionid=0A6DD2AC8AD7C7EC1C16B653E5A750C7.2_cid376?__blob=publicationFile\">weggeschmissen<\/a>. Es sind 85,3 kg im Jahr pro Person, 12,7 Millionen Tonnen insgesamt. Der gr&ouml;&szlig;te Teil entf&auml;llt auf die Verbraucher, der Handel \u2013 und dazu geh&ouml;ren ALDI und Lidl \u2013 macht nur 5 % aus. Klar, dort wird nicht auf Vorrat gekauft und wenn etwas l&auml;nger herumliegt, der Preis gesenkt. Doch immerhin sind das auch 600.000 t pro Jahr und ALDI und Lidl haben als gr&ouml;&szlig;te Handelsketten in Deutschland gewiss einen gro&szlig;en Anteil. Aber das ich nun als Verbraucher Gutscheine erwerben soll, damit ALDI die Lebensmittel an die Tafel abgibt? Sorry, aber das ist unversch&auml;mt. Wenn ich die Tafel unterst&uuml;tzen will, dann kann ich das direkt tun und die k&ouml;nnen mit dem Geld machen, was ihnen sinnvoll erscheint, nicht nur die Lebensmittel kaufen wie wirklich ben&ouml;tigt werden und nicht das was der Gutscheink&auml;ufer festlegt, sondern auch andere Ausgaben f&uuml;r Einrichtung etc. t&auml;tigen.<\/p>\n<p>Konsequenter f&auml;nde ich es, wenn die Ketten alles was sie sonst in den M&uuml;ll schmei&szlig;en, an die Tafel abgeben w&uuml;rden, sofern es noch okay ist. Das Kriterium daf&uuml;r ist relativ einfach: Steht ein Verbauchdatum drauf, dann muss es in den M&uuml;ll, bei einem Mindesthaltbarkeitsdatum kann es zur Tafel, bzw. wenn es offen ist, dann kann man auch riechen oder draufsehen, auf die Sinne kann man sich da verlassen. Sehr oft werden Obst und Gem&uuml;sepackungen weggeworfen, wo eine Frucht von vielen schlecht ist oder eben Brot, das zu viel gebacken wurde. Allerdings wird das auch optimiert, in meinem ALDI, der bis 21 Uhr offen hat, gibt es um 19:00 kaum noch Backwaren. F&uuml;r eine Spende an die Tafel ist die L&ouml;sung, die Lidl an ihren Getr&auml;nkeflaschenr&uuml;cknahmeautomaten hat, die bessere \u2013 da gibt es auch einen Spendenknopf. Ist wenig Aufwand und die Hemmschwelle ist, weil es um Centbetr&auml;ge geht, klein, aber viele kleine Spenden machen auch einen gr&ouml;&szlig;eren Betrag aus.<\/p>\n<p>Auch in anderer Hinsicht hat zumindest ALDI ein Problem mit Lebensmittel die nicht in Ordnung sind. Als ich mal an der Kasse war fiel der Kassiererin auf dass einer von sieben doer acht Pfirsichen nicht in Ordnung war. Sie fragte dann ob ich mir eine neue Packung holen will. Wollte ich aber nicht, aber diese Packung d&uuml;rfte sie mir so nicht verkaufen. Die m&uuml;sste man entsorgen. Auch nicht schenken, ich h&auml;tte sie problemlos genommen. So produziert man unn&ouml;tigen Lebensmittelm&uuml;ll.<\/p>\n<p>Ich denke hier ist der Gesetzgeber gefordert, der sich ja bei uns schwer tut v&ouml;llig unsinnige Gesetze abzuschaffen. Ich muss nur mal an die <a href=\"https:\/\/de.wikipedia.org\/wiki\/B&ouml;hmermann-Aff&auml;re\">Aff&auml;re B&ouml;hmermann<\/a>. Da wurde er ja wegen \u00a7103 StGB angeklagt, der die Beleidigung ausl&auml;ndischer Staatsoberh&auml;upter unter Strafe stellt. Erst nach der Aff&auml;re wurde der Paragraf 103 abgeschafft. Der Paragraph 90 ist aber noch in Kraft, wer den <a href=\"https:\/\/de.wikipedia.org\/wiki\/Verunglimpfung_des_Bundespr&auml;sidenten\">Bundespr&auml;sidenten oder sein Amt beleidigt<\/a> kann damit bis zu 5 Jahre in Haft kommen. Nun meine ich nicht, dass man Staatsorgane beleidigen darf, aber es gibt schon einen Schutz, der dazu f&uuml;hrt, das wenn man Polizisten beleidigt, eine h&ouml;here Strafe erwarten kann als bei einer Privatperson (noch dazu vom Staat von Amts wegen verfolgt, bei einer Privatperson m&uuml;sste diese selbst Klage erheben) und ich denke Politiker geh&ouml;ren auch zu den Staatsdienern und ben&ouml;tigen keinen besonderen Schutz vor Beleidigungen. Der Paragraph 90 ist aber noch g&uuml;ltig. Der einzige Vorteil, den ich in ihm sehe, w&auml;re, dass man mal systemisch alle Reden die AFD Politiker gehalten haben, mal auf Verst&ouml;&szlig;e gegen diesen Paragrafen abklopfen k&ouml;nnte und ich wage f&uuml;r den Fall zu prognostizieren, die Parteispitze ginge geschlossen ins Gef&auml;ngnis.<\/p>\n<p>Aber ich schweife ab. Es geht ja um den &uuml;berfl&uuml;ssigen Lebemittelm&uuml;ll. Auch das Entnehmen dessen aus der M&uuml;lltonne ist strafbar. Der \u201eM&uuml;ll\u201c ist solange Eigentum des H&auml;ndlers, bis ihn die M&uuml;llabfuhr abholt, erst dann ist, er M&uuml;ll. So gesehen ist das das <a href=\"https:\/\/www.swr.de\/swraktuell\/Lebensmittel-aus-dem-Abfall-Ist-Containern-bald-erlaubt,containern-102.html\">gleiche wie Ladendiebstahl<\/a>. Das ist einer dieser Dinge, die ich im Recht nicht verstehe, schlussendlich hat mit dem Wegwerfen er H&auml;ndler sein Eigentumsrecht ja schon aufgegeben. Das deutsche Recht kennt zahlreiche solche Spr&uuml;nge. So ist, wenn man bei einem Grab nur den Grabstein umschmei&szlig;t, das St&ouml;rung der Totenruhe, vom Ausbuddeln der &Uuml;berreste gar nicht zu reden. Sind die 25 Jahre um, f&uuml;r die man bei uns in de Regel eine Grabst&auml;tte mieten kann, dann ist das gleiche legal und der Tote kann in seiner Ruhe dann wohl nicht mehr gest&ouml;rt werden selbst wen die Knochen dann entsorgt werden, was ich pers&ouml;nlich viel schlimmer finde als einen umgeschmissenen Grabstein. Also stirbt er nach 25 Jahren ein weites Mal. Es gibt genug andere Ungereimteiten. So kann man f&uuml;r Schwarzfahren ins Gef&auml;ngnis kommen, denn auch das ist eine Straftat und keine Ordnungswidrigkeit. Und <a href=\"https:\/\/taz.de\/Haftstrafen-fuer-Schwarzfahren\/!5529577\/\">7.000 Leute sitzen deswegen auch im Gef&auml;ngnis<\/a>. Die Frage f&uuml;r mich ist es: Wem n&uuml;tzt das, das M&uuml;ll entnehmen oder Schwarzfahren strafbar ist? Niemanden. Es w&auml;re zeit das Erste zu legalisieren und das Zweite auf den Status herabzustufen den es darstellt, eine Ordnungswidrigkeit. F&uuml;r die wird man auch bestraft aber muss eben nicht ins Gef&auml;ngnis.<\/p>\n<p>In Frankreich ist es gerade umgekehrt: dort sind die H&auml;ndler verpflichtet, die Lebensmittel, die sie nicht mehr verkaufen, wollen an gemeinn&uuml;tzige Organisationen abzugeben \u2013 das w&auml;re doch ein Modell auch f&uuml;r uns.<\/p>\n<p>Das zweite was mir auff&auml;llt hat auch mit den Discountern zu tun. Auch die haben die Klimawende verschlafen. Unser Aldi hat im April\/Mai umgebaut. Eine &Auml;nderung: die Fahrradstellpl&auml;tze und die Stellpl&auml;tze, die f&uuml;r die Einkaufswagen da waren, sind von der Wandseite an der Kasse auf den Parkplatz gewandert, wof&uuml;r vier Parkpl&auml;tze geopfert wurden \u2013 zwei f&uuml;r die Einkaufswagen und zwei f&uuml;r die Fahrradst&auml;nder. &Uuml;briges nur die Einkaufswagen sind &uuml;berdacht, eine deutlicher Verschlechterung gegen&uuml;ber vorher, wo sie unterhalb des dar&uuml;ber ragenden Stockwerks regensicher waren. Ich denke neben mehr Platz f&uuml;r Pflanzen und sperrige Aktionsware war auch ein Grund, das viele Autofahrer direkt an den Einkaufswagen geparkt haben, was nicht nur f&uuml;r Fahrradfahrer l&auml;stig war, sondern weil die LKW durch diese (sonst freie) Spur durchfahren mussten, auch diese blockiert wurden. Nun ist da ein dickes \u201eParken verboten\u201c auf den Streifen aufgemalt.<\/p>\n<p>Was mich &auml;rgert: es sind nach wie vor acht Fahrradparkpl&auml;tze, die au&szlig;er im Winter immer voll sind. &Auml;hnliches beim Lidl , auch dort nur sechs Stellpl&auml;tze f&uuml;r Fahrr&auml;der und sie sind immer voll, egal wann ich komme. Beide Discounter haben aber ein riesiges Areal mit Parkpl&auml;tzen. Ich habe es bei meinem Aldi mal abgez&auml;hlt: es sind 58 Parkpl&auml;tze f&uuml;r Autos und 8 Stellpl&auml;tze f&uuml;r Fahrr&auml;der. Wollt ihr keine Kunden die Fahrr&auml;der haben? Meint ihr nur, weil jemand ein Auto hat, kauft er automatisch mehr ein? Meiner Ansicht nach, w&uuml;rdet ihr eher mehr Umsatz machen, wenn ihr zwei oder vier weitere Parkpl&auml;tze opfert und so die Zahl der Stellpl&auml;tze verdoppelt oder verdreifacht, denn die acht Stellpl&auml;tze belegen zwei Parkpl&auml;tze f&uuml;r Autos, auf der gleichen Fl&auml;che, in der man ein Auto unterbringt, haben vier Fahrr&auml;der Platz. Es kann doch nicht im Sinne des Unternehmens sein, das der halbe Parkplatz leer ist und alle Stellpl&auml;tze belegt und die Leute dann ihr Fahrrad an der Hauswand parken \u2013 so behindern sie auch die Autos beim Rangieren, erst recht wenn jemand dann in Gem&uuml;tsruhe seinen Einkaufswagen gem&uuml;tlich in Fahrradtaschen umr&auml;umt. Wenn man schon dabei ist: Bei ALDI l&auml;uft nun hinter der Kasse ein Monitor. Neben Angeboten kommt da auch ein Trickfilm, in dem jemand ohne Einkaufswagen einkauft und ihm an der Kasse, was runterf&auml;llt und er dann mit Einkaufswagen gl&uuml;cklicher ist (erinnert mich irgendwie an das HB-M&auml;nnchen). Ich geh&ouml;re auch zu denen die bei wenigen Dingen ohne Einkaufswagen unterwegs sind. Das hat aber auch einen Grund. Die sind so gro&szlig; und so sperrig das mir der Aufwand f&uuml;r die Sachen, die ich in der Hand halten kann, zu gro&szlig; ist. Lidl hat auch kleine Einkaufwagen im Angebot (&uuml;brigens waren die fr&uuml;her die normale Gr&ouml;&szlig;e) und die sind sehr gefragt. Nebenbei bemerkt, wenn es hinter der Kasse eine nennenswerte Stellfl&auml;che g&auml;be, dann w&uuml;rde auch weniger herunterfallen. Das habe ich schon &ouml;fters gesehen und auch mit Einkaufswagen f&auml;llt manches auf den Boden oder &uuml;berlebt den Fall in den Einkaufwagen nicht, wenn von der Kassiererin vorne laufend Dinge nach hinten geschoben werden und der Kunde nicht nachkommt mit dem Einr&auml;umen.<\/p>\n<p>Das letzte was mir noch auffiel war ein Trend in der Webung. Ich habe mich ja schon abgefunden, das ich wohl zu der Gruppe von Personen geh&ouml;re, die nahe am Abkratzen sind, denn sowohl im Radio, wie auch im Fernsehen kommt bei den Sendern, die ich regelm&auml;&szlig;ig anschaue, und h&ouml;re vorwiegend Werbung f&uuml;r freiverk&auml;ufliche Medikamente. Seien es Schmerzmittel, Mittel gegen Verstopfung oder gegen Vergesslichkeit. Eines viel mir auf vor einiger Zeit fing eine Firma damit an das sie den Werbespot damit beendete, das die Frau sich f&uuml;r das Schmerzmittel bedankte. \u201eDanke Doc\u201c (<a href=\"https:\/\/www.doc-gegen-schmerzen.de\/\">Doc ist der Markenname<\/a>). Das mag wegen der Doppeldeutigkeit da noch lustig gewesen sein, aber inzwischen machen das viele so. \u201eDanke Neuralgin\u201c (ein Kombinationspr&auml;parat aus ASS, Paraacetamol und Coffein. H&auml;&auml;&auml;? Was soll das? Von einer Schmerztablette erwarte ich das Sie wirkt, das sollte eigentlich normal sein, daf&uuml;r muss ich mich nicht bedanken. Vor allem nicht bei Medikamenten, die Wirkstoffe einsetzen, die uralt sind wie Ass, Ibuprufen oder Paracetamol. Bedanken m&uuml;sste ich mich h&ouml;chstens, wenn die Mittel verschenkt w&uuml;rden, dann aber nicht beim Pr&auml;parat, sondern dem, der sie abgibt. Aber es wird immer mehr Medizinwerbung. Inzwischen gibt es im Radio schon Werbung f&uuml;r extrem seltene Krankheiten, so \u201eNon24\u201c eine Krankheit die offenbar Blinde betreffen sollte oder Werbung f&uuml;r einen Patiententag f&uuml;r seltene Blutkrebserkrankungen. Geworben wird da nicht f&uuml;r ein Produkt, sondern man soll sich \u201einformieren\u201c sprich. Ein Pharmaunternehmen hat wohl ein Mittel entwickelt, von dem es meint, das es bei diesen Krankheiten wirkt, und will so Patienten mobilisieren, die es von ihren &Auml;rzten verschrieben haben wollen. Mich nerven diese Spots nur. Sie sind auch so &ouml;de gemacht. Beim Spot f&uuml;r \u201eNon24\u201c f&auml;ngt er z.B. so an \u201eDu siehst mich nicht, weil ich im Radio bin, ich sehe dich nicht, weil ich v&ouml;llig blind bin\u201c. Aha, aber sonst sieht jeder, der im Radio moderiert, dann jeden einzelnen Zuh&ouml;rer? Ich glaube ich mache zuk&uuml;nftig das Radio aus, wenn ich dusche, aufs Klo gehe oder Sex habe \u2026.<\/p>\n","protected":false},"excerpt":{"rendered":"<p>Heute wieder ein kurzweilliger Blog mit nichts anderem als meiner Meinung (okay, die findet sich auch in den anderen Blogs, aber dort meistens noch in Mischung mit einem Sachthema), Es sind drei Splitter die mir auffielen und wenn mir was auff&auml;llt dann negativ.<\/p>\n","protected":false},"author":169,"featured_media":0,"comment_status":"open","ping_status":"open","sticky":false,"template":"","format":"standard","meta":{"_jetpack_memberships_contains_paid_content":false,"footnotes":""},"categories":[1],"tags":[367,227,4424,497],"class_list":["post-14440","post","type-post","status-publish","format-standard","hentry","category-allgemein","tag-aldi","tag-lidl","tag-neuralgin","tag-werbung","entry"],"a3_pvc":{"activated":false,"total_views":693,"today_views":0},"jetpack_featured_media_url":"","jetpack-related-posts":[{"id":16031,"url":"https:\/\/www.bernd-leitenberger.de\/blog\/2022\/08\/15\/nicht-so-tasty\/","url_meta":{"origin":14440,"position":0},"title":"Nicht so Tasty","author":"Bernd Leitenberger","date":"15. August 2022","format":false,"excerpt":"Letzte Woche gab es von der Aldi Marke \u201eMucci\u201c die energiereduzierten Eisvariationen der Marke \u201eLess & Tasty\u201c im Angebot. Regul\u00e4r kostet ein Becher von 500 ml 2,89 Euro und damit erheblich mehr als das normale Eis der Eigenmarke \u201eMucci\u201c. Ich habe mir mal zwei Becher gekauft und zwar \u201eWalnuss Vanille\u201c\u2026","rel":"","context":"In &quot;Ern\u00e4hrung&quot;","block_context":{"text":"Ern\u00e4hrung","link":"https:\/\/www.bernd-leitenberger.de\/blog\/category\/ernaehrung\/"},"img":{"alt_text":"","src":"https:\/\/vg05.met.vgwort.de\/na\/f94905129aca445eb5f4b5305dd72217","width":350,"height":200},"classes":[]},{"id":18480,"url":"https:\/\/www.bernd-leitenberger.de\/blog\/2025\/12\/27\/die-umweltbilanz-der-new-shepard\/","url_meta":{"origin":14440,"position":1},"title":"Die Umweltbilanz der New Shepard","author":"Bernd Leitenberger","date":"27. Dezember 2025","format":false,"excerpt":"K\u00fcrzlich ist die deutsche Michaela Benthaus mit Blue Origin auf der Mission New Shepard NS37 geflogen. Da die Dame querschnittsgel\u00e4hmt ist, war dies den Nachrichten eine Schlagzeile wert, \u00e4hnlich wie vor einigen Monaten der Flug von Kate Perry, ebenfalls mit Blue Origin auf der New Shepard. Was dabei untergegangen ist,\u2026","rel":"","context":"In &quot;Raumfahrt&quot;","block_context":{"text":"Raumfahrt","link":"https:\/\/www.bernd-leitenberger.de\/blog\/category\/raumfahrt\/"},"img":{"alt_text":"","src":"https:\/\/vg04.met.vgwort.de\/na\/99ff84c04ca842a2baa1d4552eb54bab","width":350,"height":200},"classes":[]},{"id":18610,"url":"https:\/\/www.bernd-leitenberger.de\/blog\/2026\/03\/27\/galileos-cds-teil-1\/","url_meta":{"origin":14440,"position":2},"title":"Galileos CDS &#8211; Teil 1","author":"Bernd Leitenberger","date":"27. M\u00e4rz 2026","format":false,"excerpt":"Hall\u00f6chen, es wird Zeit das ich mich mal wieder melde. Es gab zwei Gr\u00fcnde, warum ich mich so rar gemacht habe. Das eine ist das es gerade nicht so viel aktuelles gibt, au\u00dfer einem Update zu Artemis, zu dem ich vielleicht noch etwas schreibe. W\u00e4hrend Trump das ganze Programm nach\u2026","rel":"","context":"In &quot;Raumfahrt&quot;","block_context":{"text":"Raumfahrt","link":"https:\/\/www.bernd-leitenberger.de\/blog\/category\/raumfahrt\/"},"img":{"alt_text":"","src":"https:\/\/vg07.met.vgwort.de\/na\/4fb81c7bafbd4d9d88b5695abdb33d29","width":350,"height":200},"classes":[]},{"id":13740,"url":"https:\/\/www.bernd-leitenberger.de\/blog\/2019\/02\/17\/die-2019-er-spacex-wette\/","url_meta":{"origin":14440,"position":3},"title":"Die 2019-er SpaceX Wette","author":"Bernd Leitenberger","date":"17. Februar 2019","format":false,"excerpt":"Wer mich kennt, wei\u00df, dass ich jedes Jahr eine Wette mit SpaceX eingehe. Das System ist eigentlich sehr einfach: Ich nehme nur eine SpaceX-Aussage und wette dagegen, also, dass sie nicht stimmt oder nicht erreicht wird. Das mache ich schon seit einigen Jahren und bisher habe ich mit einer Ausnahme\u2026","rel":"","context":"In &quot;SpaceX&quot;","block_context":{"text":"SpaceX","link":"https:\/\/www.bernd-leitenberger.de\/blog\/category\/raumfahrt\/spacex\/"},"img":{"alt_text":"","src":"https:\/\/vg06.met.vgwort.de\/na\/7955f286a7004559b4ddbb5d8b481043","width":350,"height":200},"classes":[]},{"id":18649,"url":"https:\/\/www.bernd-leitenberger.de\/blog\/2026\/04\/28\/die-bangles\/","url_meta":{"origin":14440,"position":4},"title":"Die Bangles","author":"Bernd Leitenberger","date":"28. April 2026","format":false,"excerpt":"Wer heute einen Blog \u00fcber Raumfahrt oder Computer erwartet, kann gleich die Seite verlassen, heute geht es um was ganz anderes n\u00e4mlich die M\u00e4dchengruppe \u201eThe Bangles\u201c. Die Bangles hatten ihre gr\u00f6\u00dften Hits zwischen 1986 und 1989 und h\u00e4tte man mich damals gefragt, (im Alter von 21 bis 24) wer wohl\u2026","rel":"","context":"In &quot;Allgemein&quot;","block_context":{"text":"Allgemein","link":"https:\/\/www.bernd-leitenberger.de\/blog\/category\/allgemein\/"},"img":{"alt_text":"","src":"https:\/\/vg06.met.vgwort.de\/na\/3105fc821fc840169501c1347f6767e5","width":350,"height":200},"classes":[]},{"id":15629,"url":"https:\/\/www.bernd-leitenberger.de\/blog\/2021\/12\/07\/der-koenig-der-coverversionen\/","url_meta":{"origin":14440,"position":5},"title":"Der K&ouml;nig der Coverversionen","author":"Bernd Leitenberger","date":"7. Dezember 2021","format":false,"excerpt":"Cover sind beliebt. Viele Interpreten, auch durchaus K\u00fcnstler mit eigenen ber\u00fchmten Songs haben ihre ersten Platten mit Covern gef\u00fcllt, so die Beatles. Andere versuchen sich auf der Spitze ihres Erfolges in Neuauflagen wie Bowie\/Jagger an Dancing in the Street und wenn es gut l\u00e4uft, ist das Cover erfolgreicher als alle\u2026","rel":"","context":"In &quot;Allgemein&quot;","block_context":{"text":"Allgemein","link":"https:\/\/www.bernd-leitenberger.de\/blog\/category\/allgemein\/"},"img":{"alt_text":"","src":"https:\/\/vg02.met.vgwort.de\/na\/3a82449d144d41f6b2a3a633a1ec60c0","width":350,"height":200},"classes":[]}],"jetpack_sharing_enabled":true,"amp_enabled":true,"_links":{"self":[{"href":"https:\/\/www.bernd-leitenberger.de\/blog\/wp-json\/wp\/v2\/posts\/14440","targetHints":{"allow":["GET"]}}],"collection":[{"href":"https:\/\/www.bernd-leitenberger.de\/blog\/wp-json\/wp\/v2\/posts"}],"about":[{"href":"https:\/\/www.bernd-leitenberger.de\/blog\/wp-json\/wp\/v2\/types\/post"}],"author":[{"embeddable":true,"href":"https:\/\/www.bernd-leitenberger.de\/blog\/wp-json\/wp\/v2\/users\/169"}],"replies":[{"embeddable":true,"href":"https:\/\/www.bernd-leitenberger.de\/blog\/wp-json\/wp\/v2\/comments?post=14440"}],"version-history":[{"count":0,"href":"https:\/\/www.bernd-leitenberger.de\/blog\/wp-json\/wp\/v2\/posts\/14440\/revisions"}],"wp:attachment":[{"href":"https:\/\/www.bernd-leitenberger.de\/blog\/wp-json\/wp\/v2\/media?parent=14440"}],"wp:term":[{"taxonomy":"category","embeddable":true,"href":"https:\/\/www.bernd-leitenberger.de\/blog\/wp-json\/wp\/v2\/categories?post=14440"},{"taxonomy":"post_tag","embeddable":true,"href":"https:\/\/www.bernd-leitenberger.de\/blog\/wp-json\/wp\/v2\/tags?post=14440"}],"curies":[{"name":"wp","href":"https:\/\/api.w.org\/{rel}","templated":true}]}}