{"id":14449,"date":"2019-12-10T08:59:59","date_gmt":"2019-12-10T07:59:59","guid":{"rendered":"https:\/\/www.bernd-leitenberger.de\/blog\/?p=14449"},"modified":"2019-12-10T10:33:14","modified_gmt":"2019-12-10T09:33:14","slug":"die-schwaebische-hausfrau-der-spd","status":"publish","type":"post","link":"https:\/\/www.bernd-leitenberger.de\/blog\/2019\/12\/10\/die-schwaebische-hausfrau-der-spd\/","title":{"rendered":"Die schw&auml;bische Hausfrau der SPD"},"content":{"rendered":"<p>Neuerdings muss \u201edie schw&auml;bische Hausfrau\u201c f&uuml;r so vieles in politischen Reden herhalten. Ich habe diese Anspielung schon ein paar Mal in der letzten Zeit geh&ouml;rt. Aber den Vogel schie&szlig;t der neue SPD-Co-Vorsitzende Norbert Walter-Borjans ab: bei einer Rede auf dem Parteitag sagt er, dass die \u201eSchwarze Null\u201c fallen m&uuml;sste und begr&uuml;ndet das, damit das die Schw&auml;bische Hausfrau ja auch nicht erst das ganze Geld zusammensparen w&uuml;rde, bevor sie sich ein Haus kauft und einen Kredit aufnimmt. Co-Vorsitzende Saskia Esken gef&auml;llt das Beispiel so gut, das sie ins gleiche Horn <a href=\"https:\/\/twitter.com\/EskenSaskia\/status\/1177584093745299456\">bl&auml;st<\/a> \u201eDie schw&auml;bische Hausfrau w&uuml;rde sich sch&auml;men, wenn sie ihren Haushalt so verkommen lassen w&uuml;rde!\u201c.<img loading=\"lazy\" decoding=\"async\" src=\"https:\/\/vg01.met.vgwort.de\/na\/f29f2e190d854ef8b1ab45f866edf97a\" alt=\"\" width=\"1\" height=\"1\" \/><!--more--><\/p>\n<p>Ah ja. Zu erst zur zweiten Aussage: Eine schwarze Null, hinter der &uuml;brigens Parteikollege Olaf Scholz steht, der trotz dessen, das er B&uuml;rgermeister eines der meistverschuldeten Bundeslandes war, seinen Job recht gut macht ist ein solider Haushalt. Unter einem \u201everkommenen Haushalt\u201c wurde ich zuerst mal an Schmutz und Dreck denken, wenn man aber die zweite Bedeutung im Sinne von Finanzplanung nimmt, w&auml;re f&uuml;r mich \u201everkommen\u201c eher, wenn man Schulden aufnimmt, als wenn man das vermeidet.<\/p>\n<p>Am meisten hat mich aber das erste Beispiel ver&auml;rgert. Grunds&auml;tzlich kann man einen &ouml;ffentlichen mit einem privaten Haushalt nicht vergleichen. H&auml;tte eine Privatperson so hohe Schulden im Vergleich zum Nettoeinkommen wie die Bundesrepublik, sie w&uuml;rde in die Schuldnerberatung gehen oder Privatinsolvenz beantragen, weil sie dann nach einigen Jahren schuldenfrei w&auml;re, aber niemals in der Zeit die Schulden abtragen k&ouml;nnte. Der Bund ist derzeit mit 1211 Mrd. Euro <a href=\"https:\/\/de.statista.com\/themen\/90\/staatsverschuldung\/\">verschuldet<\/a> (dazu kommen noch L&auml;nder und Gemeinden, doch um deren Haushalt geht es nicht). Der<a href=\"https:\/\/www.bundestag.de\/#url=L2Rva3VtZW50ZS90ZXh0YXJjaGl2LzIwMTkva3c0Ni1wYS1oYXVzaGFsdC02Njg1NzA=&amp;mod=mod531790\"> Haushalt f&uuml;r 2020<\/a> betr&auml;gt 362 Mrd. Euro. Die Verschuldung betr&auml;gt also 334 % des Einkommens. W&uuml;rde man dies auf ein einen Privathaushalt &uuml;bertragen bei dem das Nettoeinkommen 40.000 \u20ac\/Jahr betr&auml;gt, so w&auml;re das eine Verschuldung von 133.800 \u20ac. Jemand der so viele Schulden hat, w&uuml;rde bestimmt nicht neue aufnehmen und erst recht nicht einen Kredit f&uuml;r ein Haus, den er sowieso nie bek&auml;me, denn daf&uuml;r muss man gen&uuml;gend Eigenmittel und keine Schulden vorweisen. Ich wei&szlig;, der Vergleich mit Privatpersonen hinkt, was man schon daran sieht das die meisten L&auml;nder verschuldet sind, die meisten Privatpersonen aber Verm&ouml;gen haben. Doch genauso wie eine Privatperson pleitegehen kann, tut das auch der Staat. Das ist in Deutschland zweimal nach den letzten beiden Kriegen 1923 und 1948 passiert und es passiert heute noch immer wieder L&auml;ndern. Das Grundprinzip ist doch immer das gleiche: es werden immer <a href=\"https:\/\/de.wikipedia.org\/wiki\/Staatsverschuldung_Deutschlands\">mehr Schulden gemacht<\/a>. Entweder um eine Krise zu &uuml;berwinden, so 2008, als die Verschuldung der BRD innerhalb eines Jahres von 1694 auf 2011 Mrd \u20ac (Gesamtverschuldung) kletterte oder eben zu investieren oder Steuern zu senken, das soll ja auch die Wirtschaft ankurbeln. Bis 2012 gab es aber nur einen Trend und zwar den nach oben, man hat nie Schulden zur&uuml;ckgezahlt, selbst wenn die Wirtschaft brummte. Aber jeder muss Schulden begleichen, nicht nur Privatpersonen. Seit 2012 sinkt die Gesamtverschuldung der BRD (die des Bundes stagniert, die Schulden zur&uuml;ckzahlen tun vor allem die Gemeinden sie nur mit 133 Mrd verschuldet sind, obwohl sie den Gro&szlig;teil der Ausgaben schultern). Ich bin auch f&uuml;r mehr Investitionen, aber dann bitte ohne Schulden. Stattdessen soll man aufh&ouml;ren ganze Industrien wie die Kohlef&ouml;rderung oder den Automobilbau zu subventionieren und den Spitzensteuersatz wieder auf 50 % anheben \u2013 er war sogar mal h&ouml;her, dann hat man gen&uuml;gend Geld zum Investieren. Alleine die <a href=\"https:\/\/www.spiegel.de\/wirtschaft\/soziales\/deutschland-subventionen-steigen-auf-31-milliarden-euro-a-1294549.html\">Subventionen des Bundes<\/a> machen 31 Mrd. Euro aus. Und die sind 2019 sogar auf Rekordniveau.\u00a0Um auf das Beispiel der omin&ouml;sen \u201eschw&auml;bischen Hausfrau\u201c zur&uuml;ckzukommen: die w&uuml;rde sicherlich nicht <sup>1<\/sup>\/<sub>12<\/sub> ihres Nettoeinkommens f&uuml;r Million&auml;re spenden.<\/p>\n<p>Norbert Walter-Borjans ist &uuml;brigens meiner Ansicht nach der denkbar schlechteste Kandidat f&uuml;r das Thema Finanzen. Eine von ihm als NRW-Finanzminister eingef&uuml;hrte Abgabe auf &Uuml;bernachtungen in Hotels wurde als verfassungswidrig vom Gericht einkassiert. Die Haushalte von 2010,2011 und 2012 verstie&szlig;en ebenfalls gegen die Landesverfassung.<\/p>\n","protected":false},"excerpt":{"rendered":"<p>Neuerdings muss \u201edie schw&auml;bische Hausfrau\u201c f&uuml;r so vieles in politischen Reden herhalten. Ich habe diese Anspielung schon ein paar Mal in der letzten Zeit geh&ouml;rt. Aber den Vogel schie&szlig;t der neue SPD-Co-Vorsitzende Norbert Walter-Borjans ab: bei einer Rede auf dem Parteitag sagt er, dass die \u201eSchwarze Null\u201c fallen m&uuml;sste und begr&uuml;ndet das, damit das die [&hellip;]<\/p>\n","protected":false},"author":169,"featured_media":0,"comment_status":"open","ping_status":"open","sticky":false,"template":"","format":"standard","meta":{"_jetpack_memberships_contains_paid_content":false,"footnotes":""},"categories":[1],"tags":[4425,4426,55,1688],"class_list":["post-14449","post","type-post","status-publish","format-standard","hentry","category-allgemein","tag-norbert-walter-borjans","tag-saskia-esken","tag-spd","tag-staatsverschuldung","entry"],"a3_pvc":{"activated":false,"total_views":609,"today_views":0},"jetpack_featured_media_url":"","jetpack-related-posts":[{"id":18480,"url":"https:\/\/www.bernd-leitenberger.de\/blog\/2025\/12\/27\/die-umweltbilanz-der-new-shepard\/","url_meta":{"origin":14449,"position":0},"title":"Die Umweltbilanz der New Shepard","author":"Bernd Leitenberger","date":"27. Dezember 2025","format":false,"excerpt":"K\u00fcrzlich ist die deutsche Michaela Benthaus mit Blue Origin auf der Mission New Shepard NS37 geflogen. Da die Dame querschnittsgel\u00e4hmt ist, war dies den Nachrichten eine Schlagzeile wert, \u00e4hnlich wie vor einigen Monaten der Flug von Kate Perry, ebenfalls mit Blue Origin auf der New Shepard. Was dabei untergegangen ist,\u2026","rel":"","context":"In &quot;Raumfahrt&quot;","block_context":{"text":"Raumfahrt","link":"https:\/\/www.bernd-leitenberger.de\/blog\/category\/raumfahrt\/"},"img":{"alt_text":"","src":"https:\/\/vg04.met.vgwort.de\/na\/99ff84c04ca842a2baa1d4552eb54bab","width":350,"height":200},"classes":[]},{"id":18603,"url":"https:\/\/www.bernd-leitenberger.de\/blog\/2026\/03\/12\/politikverdruss\/","url_meta":{"origin":14449,"position":1},"title":"Politikverdruss","author":"Bernd Leitenberger","date":"12. M\u00e4rz 2026","format":false,"excerpt":"Bei uns wurde in BW gew\u00e4hlt und nat\u00fcrlich gab es jede Menge Sendungen im Radio und Fernsehen mit den Spitzenkandidaten. Ich habe mir die SWR1 Reihe \"Leute\", ein Radio-Talkformat mit den Spitzenkandidaten angeh\u00f6rt und nehme das mal als Aufh\u00e4nger etwas \u00fcber das zu schreiben was mich an der Politik in\u2026","rel":"","context":"In &quot;Allgemein&quot;","block_context":{"text":"Allgemein","link":"https:\/\/www.bernd-leitenberger.de\/blog\/category\/allgemein\/"},"img":{"alt_text":"","src":"https:\/\/vg07.met.vgwort.de\/na\/9297ac798f9047d9a27f46008ab7fa99","width":350,"height":200},"classes":[]},{"id":4557,"url":"https:\/\/www.bernd-leitenberger.de\/blog\/2011\/04\/03\/atom-und-wahlnachlese\/","url_meta":{"origin":14449,"position":2},"title":"Atom- und Wahlnachlese","author":"Bernd Leitenberger","date":"3. April 2011","format":false,"excerpt":"Nun einige Wochen nach dem Super-Gau von Japan wird es an der Zeit f?r eine Nachlese und zwar eine etwas allgemeiner gehaltene. Ich m?chte an dieser Stelle mal meine Einstellung zur Kernkraft in den letzten Jahrzehnten reflektieren. Ich war urspr?nglich f?r Kernkraft. Wie viele andere, glaubte ich an umweltfreundliche Energie\u2026","rel":"","context":"In &quot;Allgemein&quot;","block_context":{"text":"Allgemein","link":"https:\/\/www.bernd-leitenberger.de\/blog\/category\/allgemein\/"},"img":{"alt_text":"","src":"","width":0,"height":0},"classes":[]},{"id":18472,"url":"https:\/\/www.bernd-leitenberger.de\/blog\/2025\/12\/16\/die-deutsche-automobilindustrie-2\/","url_meta":{"origin":14449,"position":3},"title":"Die Deutsche Automobilindustrie.","author":"Bernd Leitenberger","date":"16. Dezember 2025","format":false,"excerpt":"Ich wei\u00df, ich habe lange nichts von mir h\u00f6ren lassen. Ich lebe aber noch. Ich arbeite derzeit viel an dem neuen Buch \u00fcber die Thor- und Delta-Tr\u00e4gerraketen. Leider sto\u00dfe ich auf immer mehr Material und das nimmt sehr viel Arbeit in Anspruch, um mich einzuarbeiten und zu schreiben. Jetzt schon\u2026","rel":"","context":"In &quot;Politik&quot;","block_context":{"text":"Politik","link":"https:\/\/www.bernd-leitenberger.de\/blog\/category\/politik\/"},"img":{"alt_text":"","src":"https:\/\/vg04.met.vgwort.de\/na\/98960bbbe1644c829b9337b57667bf6c","width":350,"height":200},"classes":[]},{"id":14393,"url":"https:\/\/www.bernd-leitenberger.de\/blog\/2019\/11\/06\/warum-tut-man-sich-so-schwer-auf-etwas-voellig-ueberfluessiges-zu-verzichten\/","url_meta":{"origin":14449,"position":4},"title":"Warum tut man sich so schwer, auf etwas v&ouml;llig &Uuml;berfl&uuml;ssiges zu verzichten?","author":"Bernd Leitenberger","date":"6. November 2019","format":false,"excerpt":"Gestern war erneut das \u201eKlimakabinett\u201c aktiv. Sie haben den Ausbau der Ladeinfrastruktur und des Netzes an Wasserstoffnetzen beschlossen. Mal abgesehen davon das dies nicht in den Verantwortungsbereich der Bundesregierung, sondern der Betreiber der entsprechenden Stationen f\u00e4llt, ist das wieder ein Beispiel f\u00fcr Aktionismus. Genauso wie die nun erh\u00f6hte Elektroautopr\u00e4mie. Wer\u2026","rel":"","context":"In &quot;Allgemein&quot;","block_context":{"text":"Allgemein","link":"https:\/\/www.bernd-leitenberger.de\/blog\/category\/allgemein\/"},"img":{"alt_text":"","src":"https:\/\/vg02.met.vgwort.de\/na\/a4a87b4f3c004c9ba9d11e2f979f8aac","width":350,"height":200},"classes":[]},{"id":18430,"url":"https:\/\/www.bernd-leitenberger.de\/blog\/2025\/10\/06\/treibstoffgewinnung-auf-dem-mars\/","url_meta":{"origin":14449,"position":5},"title":"Treibstoffgewinnung auf dem Mars","author":"Bernd Leitenberger","date":"6. Oktober 2025","format":false,"excerpt":"Bis es eine Kolonie auf dem Mars gibt wird es sicher noch Jahrzehnte dauern, wenn \u00fcberhaupt. Ich bin jetzt 60 und glaube nicht, das ich dies noch erleben werde. Chancen g\u00e4be es f\u00fcr eine Expedition, also einen Flug zum Mars, einen Aufenthalt dort, der aus himmelsmechanischen Gr\u00fcnden etwa eineinhalb Jahre\u2026","rel":"","context":"In &quot;Chemie&quot;","block_context":{"text":"Chemie","link":"https:\/\/www.bernd-leitenberger.de\/blog\/category\/chemie\/"},"img":{"alt_text":"","src":"https:\/\/vg01.met.vgwort.de\/na\/1098a0be1f3743bcb77eed3bd08301c5","width":350,"height":200},"classes":[]}],"jetpack_sharing_enabled":true,"amp_enabled":true,"_links":{"self":[{"href":"https:\/\/www.bernd-leitenberger.de\/blog\/wp-json\/wp\/v2\/posts\/14449","targetHints":{"allow":["GET"]}}],"collection":[{"href":"https:\/\/www.bernd-leitenberger.de\/blog\/wp-json\/wp\/v2\/posts"}],"about":[{"href":"https:\/\/www.bernd-leitenberger.de\/blog\/wp-json\/wp\/v2\/types\/post"}],"author":[{"embeddable":true,"href":"https:\/\/www.bernd-leitenberger.de\/blog\/wp-json\/wp\/v2\/users\/169"}],"replies":[{"embeddable":true,"href":"https:\/\/www.bernd-leitenberger.de\/blog\/wp-json\/wp\/v2\/comments?post=14449"}],"version-history":[{"count":0,"href":"https:\/\/www.bernd-leitenberger.de\/blog\/wp-json\/wp\/v2\/posts\/14449\/revisions"}],"wp:attachment":[{"href":"https:\/\/www.bernd-leitenberger.de\/blog\/wp-json\/wp\/v2\/media?parent=14449"}],"wp:term":[{"taxonomy":"category","embeddable":true,"href":"https:\/\/www.bernd-leitenberger.de\/blog\/wp-json\/wp\/v2\/categories?post=14449"},{"taxonomy":"post_tag","embeddable":true,"href":"https:\/\/www.bernd-leitenberger.de\/blog\/wp-json\/wp\/v2\/tags?post=14449"}],"curies":[{"name":"wp","href":"https:\/\/api.w.org\/{rel}","templated":true}]}}