{"id":15593,"date":"2021-10-29T11:40:05","date_gmt":"2021-10-29T09:40:05","guid":{"rendered":"https:\/\/www.bernd-leitenberger.de\/blog\/?p=15593"},"modified":"2021-10-29T11:40:05","modified_gmt":"2021-10-29T09:40:05","slug":"laschet-vs-soeder","status":"publish","type":"post","link":"https:\/\/www.bernd-leitenberger.de\/blog\/2021\/10\/29\/laschet-vs-soeder\/","title":{"rendered":"Laschet vs. S&ouml;der"},"content":{"rendered":"<div class=\"pvc_clear\"><\/div>\n<p id=\"pvc_stats_15593\" class=\"pvc_stats all  \" data-element-id=\"15593\" style=\"\"><i class=\"pvc-stats-icon medium\" aria-hidden=\"true\"><svg aria-hidden=\"true\" focusable=\"false\" data-prefix=\"far\" data-icon=\"chart-bar\" role=\"img\" xmlns=\"http:\/\/www.w3.org\/2000\/svg\" viewBox=\"0 0 512 512\" class=\"svg-inline--fa fa-chart-bar fa-w-16 fa-2x\"><path fill=\"currentColor\" d=\"M396.8 352h22.4c6.4 0 12.8-6.4 12.8-12.8V108.8c0-6.4-6.4-12.8-12.8-12.8h-22.4c-6.4 0-12.8 6.4-12.8 12.8v230.4c0 6.4 6.4 12.8 12.8 12.8zm-192 0h22.4c6.4 0 12.8-6.4 12.8-12.8V140.8c0-6.4-6.4-12.8-12.8-12.8h-22.4c-6.4 0-12.8 6.4-12.8 12.8v198.4c0 6.4 6.4 12.8 12.8 12.8zm96 0h22.4c6.4 0 12.8-6.4 12.8-12.8V204.8c0-6.4-6.4-12.8-12.8-12.8h-22.4c-6.4 0-12.8 6.4-12.8 12.8v134.4c0 6.4 6.4 12.8 12.8 12.8zM496 400H48V80c0-8.84-7.16-16-16-16H16C7.16 64 0 71.16 0 80v336c0 17.67 14.33 32 32 32h464c8.84 0 16-7.16 16-16v-16c0-8.84-7.16-16-16-16zm-387.2-48h22.4c6.4 0 12.8-6.4 12.8-12.8v-70.4c0-6.4-6.4-12.8-12.8-12.8h-22.4c-6.4 0-12.8 6.4-12.8 12.8v70.4c0 6.4 6.4 12.8 12.8 12.8z\" class=\"\"><\/path><\/svg><\/i> <img loading=\"lazy\" decoding=\"async\" width=\"16\" height=\"16\" alt=\"Loading\" src=\"https:\/\/www.bernd-leitenberger.de\/blog\/wp-content\/plugins\/page-views-count\/ajax-loader-2x.gif\" border=0 \/><\/p>\n<div class=\"pvc_clear\"><\/div>\n<p>Mein letzter Blog zur Wahlnachlese besch&auml;ftigt sich noch einmal mit dem Feind im eigenen Partei, respektiere Bruderpartei. Ich meine das S&ouml;der mit seinen Sticheleien oder offenen Angriffen gegen Laschet einen guten Teil der Verantwortung f&uuml;r das Wahlergebnis tr&auml;gt. In Teilen der CDU h&auml;lt man ihn ja f&uuml;r den besseren Mann, manch einer meint, mit ihm w&auml;re das Debakel nicht gro&szlig; gewesen. Nun kann man vielerlei Meinung sein, man kann aber auch Fakten bem&uuml;hen. Beide sind ja Ministerpr&auml;sidenten und jede Wahl ist auch eine Abstimmung &uuml;ber die Politik im eigenen Land. Ich habe mir mal die Wahlergebnisse aller Wahlen rausgesucht, seit die beiden antreten, jeweils bezogen auf das eigene Bundesland.<img loading=\"lazy\" decoding=\"async\" src=\"https:\/\/vg09.met.vgwort.de\/na\/1d33a8104d164ac7b24ca7d27dcd33de\" width=\"1\" height=\"1\" alt=\"\"\/><!--more--><\/p>\n<h3 class=\"western\">Laschet<\/h3>\n<table width=\"100%\" cellspacing=\"0\" cellpadding=\"0\">\n<tbody>\n<tr valign=\"top\">\n<th width=\"25%\">Wahl<\/th>\n<th width=\"25%\">CDU NRW vorher<\/th>\n<th width=\"25%\">CDU NRW nachher<\/th>\n<th width=\"25%\">Ver&auml;nderung<\/th>\n<\/tr>\n<tr valign=\"top\">\n<td width=\"25%\">Landtagswahl 14.4.2017<\/td>\n<td width=\"25%\">26,3 Prozent<\/td>\n<td width=\"25%\">33,0 Prozent<\/td>\n<td width=\"25%\">+6,7 Prozent<\/td>\n<\/tr>\n<tr valign=\"top\">\n<td width=\"25%\">Europawahl 2019 NRW<\/td>\n<td width=\"25%\">35,6 Prozent<\/td>\n<td width=\"25%\">27,9 Prozent<\/td>\n<td width=\"25%\">-7,7 Prozent<\/td>\n<\/tr>\n<tr valign=\"top\">\n<td width=\"25%\">Kommunalwahl 2020<\/td>\n<td width=\"25%\">37,5 Prozent<\/td>\n<td width=\"25%\">34,3 Prozent<\/td>\n<td width=\"25%\">-3,2 Prozent<\/td>\n<\/tr>\n<tr valign=\"top\">\n<td width=\"25%\">Bundestagswahl 2021<\/td>\n<td width=\"25%\">33,7 Prozent<\/td>\n<td width=\"25%\">26,0 Prozent<\/td>\n<td width=\"25%\">-6,7 Prozent<\/td>\n<\/tr>\n<tr valign=\"top\">\n<td width=\"25%\">Mittelwert:<\/td>\n<td width=\"25%\"><\/td>\n<td width=\"25%\"><\/td>\n<td width=\"25%\">-2,7 Prozent<\/td>\n<\/tr>\n<\/tbody>\n<\/table>\n<h3 class=\"western\">S&ouml;der<\/h3>\n<table width=\"100%\" cellspacing=\"0\" cellpadding=\"0\">\n<tbody>\n<tr valign=\"top\">\n<th width=\"26%\">Wahl<\/th>\n<th width=\"24%\">CSU Bayern vorher<\/th>\n<th width=\"25%\">CSU Bayern nachher<\/th>\n<th width=\"25%\">Ver&auml;nderung<\/th>\n<\/tr>\n<tr valign=\"top\">\n<td width=\"26%\">Landtagswahl 14.10.2018<\/td>\n<td width=\"24%\">47,5 Prozent<\/td>\n<td width=\"25%\">37,2 Prozent<\/td>\n<td width=\"25%\">-10,5 Prozent<\/td>\n<\/tr>\n<tr valign=\"top\">\n<td width=\"26%\">Europawahl 2019 Bayern<\/td>\n<td width=\"24%\">40,5 Prozent<\/td>\n<td width=\"25%\">40,7 Prozent<\/td>\n<td width=\"25%\">+0,2 Prozent<\/td>\n<\/tr>\n<tr valign=\"top\">\n<td width=\"26%\">Kommunalwahl 2020<\/td>\n<td width=\"24%\">39,7 Prozent<\/td>\n<td width=\"25%\">34,5 Prozent<\/td>\n<td width=\"25%\">-5,2 Prozent<\/td>\n<\/tr>\n<tr valign=\"top\">\n<td width=\"26%\">Bundestagswahl 2021<\/td>\n<td width=\"24%\">31,7 Prozent<\/td>\n<td width=\"25%\">31,7 Prozent<\/td>\n<td width=\"25%\">-7,1 Prozent<\/td>\n<\/tr>\n<tr valign=\"top\">\n<td width=\"26%\">Mittelwert:<\/td>\n<td width=\"24%\"><\/td>\n<td width=\"25%\"><\/td>\n<td width=\"25%\">-5,6 Prozent<\/td>\n<\/tr>\n<\/tbody>\n<\/table>\n<p>Also S&ouml;ders Bilanz ist noch deutlich schlechter als die von Laschet. Dabei ist zu ber&uuml;cksichtigen, das Laschet als Herausforderer 2017 antrat gegen Hannelore Kraft von der SPD. Unter ihm legte die SPD zu. Dagegen trat Seehofer schon im M&auml;rz also sieben Monate vor der Wahl von seinem Amt als Ministerpr&auml;sident von Bayern zur&uuml;ck und S&ouml;der kam an die Macht, startete also mit einem Amtsbonus. Trotzdem verlor die CSU 10,5 Prozent!!! Das wird nur noch von Andres Scheuer &uuml;bertreffen der es fertig brachte in seinem Wahlkreis in zwei Bundestagswahlen von 50 auf 30 Prozent abzurutschen.<\/p>\n<p>Wer so unbeliebt im eigenen Land ist, sollte sich meiner Ansicht nach weder f&uuml;r ein Bundesamt bewerben, noch Kritik an einem Bewerber aus der eigenen Schwesterpartei &uuml;ben.<\/p>\n","protected":false},"excerpt":{"rendered":"<div class=\"pvc_clear\"><\/div>\n<p id=\"pvc_stats_15593\" class=\"pvc_stats all  \" data-element-id=\"15593\" style=\"\"><i class=\"pvc-stats-icon medium\" aria-hidden=\"true\"><svg aria-hidden=\"true\" focusable=\"false\" data-prefix=\"far\" data-icon=\"chart-bar\" role=\"img\" xmlns=\"http:\/\/www.w3.org\/2000\/svg\" viewBox=\"0 0 512 512\" class=\"svg-inline--fa fa-chart-bar fa-w-16 fa-2x\"><path fill=\"currentColor\" d=\"M396.8 352h22.4c6.4 0 12.8-6.4 12.8-12.8V108.8c0-6.4-6.4-12.8-12.8-12.8h-22.4c-6.4 0-12.8 6.4-12.8 12.8v230.4c0 6.4 6.4 12.8 12.8 12.8zm-192 0h22.4c6.4 0 12.8-6.4 12.8-12.8V140.8c0-6.4-6.4-12.8-12.8-12.8h-22.4c-6.4 0-12.8 6.4-12.8 12.8v198.4c0 6.4 6.4 12.8 12.8 12.8zm96 0h22.4c6.4 0 12.8-6.4 12.8-12.8V204.8c0-6.4-6.4-12.8-12.8-12.8h-22.4c-6.4 0-12.8 6.4-12.8 12.8v134.4c0 6.4 6.4 12.8 12.8 12.8zM496 400H48V80c0-8.84-7.16-16-16-16H16C7.16 64 0 71.16 0 80v336c0 17.67 14.33 32 32 32h464c8.84 0 16-7.16 16-16v-16c0-8.84-7.16-16-16-16zm-387.2-48h22.4c6.4 0 12.8-6.4 12.8-12.8v-70.4c0-6.4-6.4-12.8-12.8-12.8h-22.4c-6.4 0-12.8 6.4-12.8 12.8v70.4c0 6.4 6.4 12.8 12.8 12.8z\" class=\"\"><\/path><\/svg><\/i> <img loading=\"lazy\" decoding=\"async\" width=\"16\" height=\"16\" alt=\"Loading\" src=\"https:\/\/www.bernd-leitenberger.de\/blog\/wp-content\/plugins\/page-views-count\/ajax-loader-2x.gif\" border=0 \/><\/p>\n<div class=\"pvc_clear\"><\/div>\n<p>Mein letzter Blog zur Wahlnachlese besch&auml;ftigt sich noch einmal mit dem Feind im eigenen Partei, respektiere Bruderpartei. Ich meine das S&ouml;der mit seinen Sticheleien oder offenen Angriffen gegen Laschet einen guten Teil der Verantwortung f&uuml;r das Wahlergebnis tr&auml;gt. In Teilen der CDU h&auml;lt man ihn ja f&uuml;r den besseren Mann, manch einer meint, mit ihm [&hellip;]<\/p>\n","protected":false},"author":169,"featured_media":0,"comment_status":"open","ping_status":"open","sticky":false,"template":"","format":"standard","meta":{"_jetpack_memberships_contains_paid_content":false,"footnotes":""},"categories":[1],"tags":[],"class_list":["post-15593","post","type-post","status-publish","format-standard","hentry","category-allgemein","entry"],"a3_pvc":{"activated":true,"total_views":8805,"today_views":0},"jetpack_featured_media_url":"","jetpack-related-posts":[{"id":18603,"url":"https:\/\/www.bernd-leitenberger.de\/blog\/2026\/03\/12\/politikverdruss\/","url_meta":{"origin":15593,"position":0},"title":"Politikverdruss","author":"Bernd Leitenberger","date":"12. M\u00e4rz 2026","format":false,"excerpt":"Bei uns wurde in BW gew\u00e4hlt und nat\u00fcrlich gab es jede Menge Sendungen im Radio und Fernsehen mit den Spitzenkandidaten. Ich habe mir die SWR1 Reihe \"Leute\", ein Radio-Talkformat mit den Spitzenkandidaten angeh\u00f6rt und nehme das mal als Aufh\u00e4nger etwas \u00fcber das zu schreiben was mich an der Politik in\u2026","rel":"","context":"In &quot;Allgemein&quot;","block_context":{"text":"Allgemein","link":"https:\/\/www.bernd-leitenberger.de\/blog\/category\/allgemein\/"},"img":{"alt_text":"","src":"https:\/\/vg07.met.vgwort.de\/na\/9297ac798f9047d9a27f46008ab7fa99","width":350,"height":200},"classes":[]},{"id":4557,"url":"https:\/\/www.bernd-leitenberger.de\/blog\/2011\/04\/03\/atom-und-wahlnachlese\/","url_meta":{"origin":15593,"position":1},"title":"Atom- und Wahlnachlese","author":"Bernd Leitenberger","date":"3. April 2011","format":false,"excerpt":"Nun einige Wochen nach dem Super-Gau von Japan wird es an der Zeit f?r eine Nachlese und zwar eine etwas allgemeiner gehaltene. Ich m?chte an dieser Stelle mal meine Einstellung zur Kernkraft in den letzten Jahrzehnten reflektieren. Ich war urspr?nglich f?r Kernkraft. Wie viele andere, glaubte ich an umweltfreundliche Energie\u2026","rel":"","context":"In &quot;Allgemein&quot;","block_context":{"text":"Allgemein","link":"https:\/\/www.bernd-leitenberger.de\/blog\/category\/allgemein\/"},"img":{"alt_text":"","src":"","width":0,"height":0},"classes":[]},{"id":15629,"url":"https:\/\/www.bernd-leitenberger.de\/blog\/2021\/12\/07\/der-koenig-der-coverversionen\/","url_meta":{"origin":15593,"position":2},"title":"Der K&ouml;nig der Coverversionen","author":"Bernd Leitenberger","date":"7. Dezember 2021","format":false,"excerpt":"Cover sind beliebt. Viele Interpreten, auch durchaus K\u00fcnstler mit eigenen ber\u00fchmten Songs haben ihre ersten Platten mit Covern gef\u00fcllt, so die Beatles. Andere versuchen sich auf der Spitze ihres Erfolges in Neuauflagen wie Bowie\/Jagger an Dancing in the Street und wenn es gut l\u00e4uft, ist das Cover erfolgreicher als alle\u2026","rel":"","context":"In &quot;Allgemein&quot;","block_context":{"text":"Allgemein","link":"https:\/\/www.bernd-leitenberger.de\/blog\/category\/allgemein\/"},"img":{"alt_text":"","src":"https:\/\/vg02.met.vgwort.de\/na\/3a82449d144d41f6b2a3a633a1ec60c0","width":350,"height":200},"classes":[]},{"id":18485,"url":"https:\/\/www.bernd-leitenberger.de\/blog\/2026\/01\/13\/programm-437\/","url_meta":{"origin":15593,"position":3},"title":"Programm 437","author":"Bernd Leitenberger","date":"13. Januar 2026","format":false,"excerpt":"Ich wei\u00df, ich mache mich in den letzten Wochen etwas rar. Daf\u00fcr gibt es zwei Gr\u00fcnde. Da ist zum einen die gesamte politische Lage. Prim\u00e4r nat\u00fcrlich in dem Land des unbegrenzten Irrsinns. Wenn der Machthaber von Venezuela entf\u00fchrt wird und unter falscher Begr\u00fcndung angeklagt wird - weil es ja in\u2026","rel":"","context":"In &quot;Raumfahrt&quot;","block_context":{"text":"Raumfahrt","link":"https:\/\/www.bernd-leitenberger.de\/blog\/category\/raumfahrt\/"},"img":{"alt_text":"","src":"https:\/\/vg06.met.vgwort.de\/na\/3d6eb16326d743baa56f5ece884b5d21","width":350,"height":200},"classes":[]},{"id":5216,"url":"https:\/\/www.bernd-leitenberger.de\/blog\/2011\/08\/10\/fcea2\/","url_meta":{"origin":15593,"position":4},"title":"FCEA2","author":"Bernd Leitenberger","date":"10. August 2011","format":false,"excerpt":"CEA2 (Chemical Equilibrium with Applications) ist ein seit gut 30 Jahren entwickeltes NASA Programm mit dem verschiedenste Probleme bei Gasphasen berechnet werden k\u00f6nnen. Ich beschr\u00e4nke mich auf das, was Raumfahrtliebhaber wohl am meisten machen: Die Berechnung der Performance von Triebwerken bei Raketen. Ich will die Benutzung des Programmes einmal erl\u00e4utern,\u2026","rel":"","context":"In &quot;Raumfahrt&quot;","block_context":{"text":"Raumfahrt","link":"https:\/\/www.bernd-leitenberger.de\/blog\/category\/raumfahrt\/"},"img":{"alt_text":"","src":"https:\/\/vg01.met.vgwort.de\/na\/89efc24160614a1a93d97d19447e81a6","width":350,"height":200},"classes":[]},{"id":18643,"url":"https:\/\/www.bernd-leitenberger.de\/blog\/2026\/04\/22\/reiches-endlager\/","url_meta":{"origin":15593,"position":5},"title":"Reiches Endlager","author":"Bernd Leitenberger","date":"22. April 2026","format":false,"excerpt":"Man ist ja von der derzeitigen Bundeswirtschaftsministerin Katherina Reiche einiges gewohnt. Mal will sie 40 neue Gaskraftwerke bauen, dann die F\u00f6rderung regenerativer Energien ab dem 1. Januar 2027 einstellen, schon jetzt bekommen nach einer Gesetzesreform Betreiber von Windkraftanlagen keine Verg\u00fctung mehr f\u00fcr Strom. den sie nicht einspeisen k\u00f6nnen, weil die\u2026","rel":"","context":"In &quot;M\u00fcnchhausens Kolumne&quot;","block_context":{"text":"M\u00fcnchhausens Kolumne","link":"https:\/\/www.bernd-leitenberger.de\/blog\/category\/satire\/muenchhausen\/"},"img":{"alt_text":"","src":"","width":0,"height":0},"classes":[]}],"jetpack_sharing_enabled":true,"amp_enabled":true,"_links":{"self":[{"href":"https:\/\/www.bernd-leitenberger.de\/blog\/wp-json\/wp\/v2\/posts\/15593","targetHints":{"allow":["GET"]}}],"collection":[{"href":"https:\/\/www.bernd-leitenberger.de\/blog\/wp-json\/wp\/v2\/posts"}],"about":[{"href":"https:\/\/www.bernd-leitenberger.de\/blog\/wp-json\/wp\/v2\/types\/post"}],"author":[{"embeddable":true,"href":"https:\/\/www.bernd-leitenberger.de\/blog\/wp-json\/wp\/v2\/users\/169"}],"replies":[{"embeddable":true,"href":"https:\/\/www.bernd-leitenberger.de\/blog\/wp-json\/wp\/v2\/comments?post=15593"}],"version-history":[{"count":0,"href":"https:\/\/www.bernd-leitenberger.de\/blog\/wp-json\/wp\/v2\/posts\/15593\/revisions"}],"wp:attachment":[{"href":"https:\/\/www.bernd-leitenberger.de\/blog\/wp-json\/wp\/v2\/media?parent=15593"}],"wp:term":[{"taxonomy":"category","embeddable":true,"href":"https:\/\/www.bernd-leitenberger.de\/blog\/wp-json\/wp\/v2\/categories?post=15593"},{"taxonomy":"post_tag","embeddable":true,"href":"https:\/\/www.bernd-leitenberger.de\/blog\/wp-json\/wp\/v2\/tags?post=15593"}],"curies":[{"name":"wp","href":"https:\/\/api.w.org\/{rel}","templated":true}]}}