{"id":16214,"date":"2022-11-30T20:02:18","date_gmt":"2022-11-30T19:02:18","guid":{"rendered":"https:\/\/www.bernd-leitenberger.de\/blog\/?p=16214"},"modified":"2022-11-30T20:02:33","modified_gmt":"2022-11-30T19:02:33","slug":"die-fifa-und-politische-aeusserungen","status":"publish","type":"post","link":"https:\/\/www.bernd-leitenberger.de\/blog\/2022\/11\/30\/die-fifa-und-politische-aeusserungen\/","title":{"rendered":"Die FIFA und \u201epolitische &Auml;u&szlig;erungen\u201c"},"content":{"rendered":"<div class=\"pvc_clear\"><\/div>\n<p id=\"pvc_stats_16214\" class=\"pvc_stats all  \" data-element-id=\"16214\" style=\"\"><i class=\"pvc-stats-icon medium\" aria-hidden=\"true\"><svg aria-hidden=\"true\" focusable=\"false\" data-prefix=\"far\" data-icon=\"chart-bar\" role=\"img\" xmlns=\"http:\/\/www.w3.org\/2000\/svg\" viewBox=\"0 0 512 512\" class=\"svg-inline--fa fa-chart-bar fa-w-16 fa-2x\"><path fill=\"currentColor\" d=\"M396.8 352h22.4c6.4 0 12.8-6.4 12.8-12.8V108.8c0-6.4-6.4-12.8-12.8-12.8h-22.4c-6.4 0-12.8 6.4-12.8 12.8v230.4c0 6.4 6.4 12.8 12.8 12.8zm-192 0h22.4c6.4 0 12.8-6.4 12.8-12.8V140.8c0-6.4-6.4-12.8-12.8-12.8h-22.4c-6.4 0-12.8 6.4-12.8 12.8v198.4c0 6.4 6.4 12.8 12.8 12.8zm96 0h22.4c6.4 0 12.8-6.4 12.8-12.8V204.8c0-6.4-6.4-12.8-12.8-12.8h-22.4c-6.4 0-12.8 6.4-12.8 12.8v134.4c0 6.4 6.4 12.8 12.8 12.8zM496 400H48V80c0-8.84-7.16-16-16-16H16C7.16 64 0 71.16 0 80v336c0 17.67 14.33 32 32 32h464c8.84 0 16-7.16 16-16v-16c0-8.84-7.16-16-16-16zm-387.2-48h22.4c6.4 0 12.8-6.4 12.8-12.8v-70.4c0-6.4-6.4-12.8-12.8-12.8h-22.4c-6.4 0-12.8 6.4-12.8 12.8v70.4c0 6.4 6.4 12.8 12.8 12.8z\" class=\"\"><\/path><\/svg><\/i> <img loading=\"lazy\" decoding=\"async\" width=\"16\" height=\"16\" alt=\"Loading\" src=\"https:\/\/www.bernd-leitenberger.de\/blog\/wp-content\/plugins\/page-views-count\/ajax-loader-2x.gif\" border=0 \/><\/p>\n<div class=\"pvc_clear\"><\/div>\n<p>Nachdem ein <a href=\"https:\/\/www.bernd-leitenberger.de\/blog\/2022\/11\/20\/anschauen-oder-nicht-anschauen\/#comment-95472\">Kommentar<\/a> zu meinem Blog zur WM in Katar sich auf die \u201eOne Love\u201c Binde und dem Einstehen f&uuml;r die LBGT Gemeinde gab, aber ich zu den Vorg&auml;ngen rund um die Binde was sagen wollte, habe ich mir gedacht, auch weil es etwas l&auml;nger wird, das ich einen Kommentar dazu verfasse.<br \/>\n<img loading=\"lazy\" decoding=\"async\" src=\"https:\/\/vg08.met.vgwort.de\/na\/81965d01b4b9471f8037c0ab748b4c29\" width=\"1\" height=\"1\" alt=\"\"\/><br \/>\nIm Kern geht es ja darum das die FIFA \u2013 wie &uuml;brigens auch das olympische Komitee \u2013 sich aus der Aff&auml;re zieht, indem in ihren Statuten steht, das sie politisch neutral ist. In meinen Augen ist das aber nur ein Alibi. Es bedeutet in der Praxis, das sich die FIFA aus allem heraush&auml;lt, was mit den Staaten zu tun hat. Es geht ja nicht um die Bekenntnis zu einer Partei in dem Staat oder einer von der Regierung betriebenen Politik, eben wie schon im Vorfeld, das man die Arbeiter die die Stadien und weitere n&ouml;tige Infrastruktur bauen wie Sklaven behandelt oder die Situation von Minderheiten oder Frauen (die ja keine Minderheit sind). Die ist zwar in Katar deutlich besser als in den Nachbarsaaten mit absolutistischen Herrscherregimen wie die Vereinigten arabischen Emiraten oder Saudi Arabien, aber sie liegen meilenweit hinter den westlichen Staaten. Ich will hier keine Grundsatzdiskussion aufmachen, das wi nat&uuml;rlich auch noch keine vollst&auml;ndige Gleichberechtigung erreicht haben, aber man bem&uuml;ht sich bei uns wenigstens dieses Ziel zu Erreichen w&auml;hrend das in Katar obwohl sie weit hinter unseren Standard sondern keinerlei Anstrengungen zur Reform unternehmen. Ein politisches Statement w&auml;re wenn die FIFA sich bei der WM 2018 in Russland gegen das Regime von Wladimir Putin gewandt h&auml;tte. Nicht Einmischen bedeutet aber nicht, dass sie neutral ist, sondern das sie die Verst&ouml;&szlig;e von Regimes gegen allgemein akzeptierte Menschenrechte, die man in der UN Charta findet, und denen sich auch die Schweiz in der die FIFA ans&auml;ssig ist, sich verpflichtet hat, ignoriert und damit guthei&szlig;t. Ein politisches Statement w&auml;re eine &Auml;u&szlig;erung zu einem politischen Statement. Bei Katar, die weil es ein kleines Land ist, versuchen zwischen den Machtbl&ouml;cken und gr&ouml;&szlig;eren Nachbarn zu man&ouml;vrieren, kann man da jetzt nicht viel als Politik im &Auml;u&szlig;eren anf&uuml;hren, aber bei China wo es ja zwei WM gab w&auml;re ein politisches Statement eine &Auml;u&szlig;erung zu Chinas Taiwan Politik, w&auml;hrend das Eintreten f&uuml;r Menschenrechte z.B. &Auml;u&szlig;erungen zu dem <a href=\"https:\/\/www.tagesschau.de\/investigativ\/br-recherche\/china-uiguren-internierungslager-101.html\">Umgang mit den Uguren<\/a> oder Tibetern, die mangelnde Presse- und Meinungsfreiheit und die Kasernierung der Bev&ouml;lkerung als Coronama&szlig;nahme w&auml;re.<!--more--><\/p>\n<p>Das habe ich ja schon zum Thema des Blogs gemacht. Raphael hat ja die Frage in den Ring geworfen, was das mit der LBGT Community zu tun hat. Nun es hat prim&auml;r nichts damit zu tun. Das Thema ist vielmehr ein Indikator f&uuml;r die Offenheit, die regierende Familie im Emirat an den Tag legt. Im Prinzip hat ja letztes Jahr auch niemand gro&szlig; im Fu&szlig;ball f&uuml;r die Rechte der LBGT engagiert, bis eben Ungarn B&uuml;cher verboten hat in denen Homosexualit&auml;t bzw. alle von Orban und Co abgelehnten Formen des Zusammenlebens enthalten sind, weil das ja die Jugend verderben k&ouml;nnte und dann ging es ja nur um die Stadienbeleuchtung beim Spiel mit Ungarn in den Regenbogenfarben. Peinlich finde ich eher, wie damals Ungarn und heute die FIFA agierten. Es ist ja nun mal nicht so, das der Vorsto&szlig; von DFB und anderen Mannschaften mit der OneLove Binde wirklich radikal w&auml;re. Nur der Mannschaftsf&uuml;hrer tr&auml;gt eine \u201eOne Love\u201c Binde, also nicht die Regenbogenfarben die eigentlich als Erkennungszeichen der LBGT Community gelten, ein frei erfundenes Symbol. Doch das ist schon der FIFA zu viel. Wie engstirnig kann man eigentlich sein. Noch schlimmer ist wie DFB und die anderen Verb&auml;nde dann bei einer unbestimmten Androhung von Strafen eingeknickt sind. Also ohne das &uuml;berhaupt gesagt wurde, was man denn erwarten kann. Was soll es denn f&uuml;r eine unerlaubte Binde geben? Viel harmloser geht es ja nicht. Das ist nicht randalieren auf dem Spielfeld, kein Stinkefinger oder blanken Arsch zeigen. All das gab es bei der WM schon. Das ist eine Binde die Zuschauer bei der Entfernung eh nicht erkennen k&ouml;nnen. Da sp&auml;ter die Regenbogenfarben von Katar erlaubt wurden, scheint dieses Emirat ja noch liberaler zu sein, als die FIFA. Es ist ja nichts was irgend einen Katari oder einen Muslim irgendwie in seinem sittlichen Empfinden st&ouml;ren k&ouml;nnte. Das w&auml;re vielleicht der Fall wenn Personen der LBGT Community so angezogen herumlaufen, wie beim Christopher Street Day. Anzugsnormen sind ja auch so was. Dort d&uuml;rfen Frauen nicht leicht bekleidet und nicht teil verschleiert herumlaufen, bei uns w&uuml;rde gerade die dort normale Kleidung (auch bei M&auml;nnern mit Turbanen und wallenden Kleidern) auffallen, aber rein k&auml;men sie trotzdem in die Stadien.<\/p>\n<p>Wie verlogen die FIFA regeln sind sieht man auch daran,das nun Kataris als Gegenstandpunkt Binden mit der Pal&auml;stinenserflagge haben. Da es sich hier um ein existentes Land und einen seit Jahrzehnten schwellenden Konflikt mit dem Nachbarn Israel handelt, ist das nun wirklich eine politische &Auml;u&szlig;erung. Ebenso h&ouml;re ich das die katarische Polizei Iraner verhaften, die in Katar gegen das iranische Regime protestieren bzw., sich mit den dortigen Protesten solidarisieren.<\/p>\n<p>Ich meine man k&ouml;nnte sich mal unabh&auml;ngige offizielle Ranglisten f&uuml;r Pressefreiheit, Meinungsfreiheit oder Demokratie f&uuml;r die letzten Austr&auml;gerstaaten von WM und olympischen Spielen heranziehen<\/p>\n<table width=\"100%\" cellspacing=\"0\" cellpadding=\"0\">\n<tbody>\n<tr valign=\"top\">\n<th width=\"25%\"><\/th>\n<th width=\"25%\"><a href=\"https:\/\/de.wikipedia.org\/wiki\/Rangliste_der_Pressefreiheit#Rangliste_der_Pressefreiheit\">Pressefreiheit<\/a><\/th>\n<th width=\"25%\"><a href=\"https:\/\/de.wikipedia.org\/wiki\/Demokratieindex#Index_nach_L%C3%A4ndern_im_Zeitverlauf\">Demokratieindex<\/a><\/th>\n<th width=\"25%\"><a href=\"https:\/\/de.wikipedia.org\/wiki\/Gleichstellungsindex#Entwicklung_einzelner_L%C3%A4nder_im_L%C3%A4ngsschnitt\">Gleichstellungsindex<\/a><\/th>\n<\/tr>\n<tr valign=\"top\">\n<td width=\"25%\">Katar<\/td>\n<td width=\"25%\">119<\/td>\n<td width=\"25%\">114<\/td>\n<td width=\"25%\">135<\/td>\n<\/tr>\n<tr valign=\"top\">\n<td width=\"25%\">Russland<\/td>\n<td width=\"25%\">155<\/td>\n<td width=\"25%\">124<\/td>\n<td width=\"25%\">81<\/td>\n<\/tr>\n<tr valign=\"top\">\n<td width=\"25%\">China<\/td>\n<td width=\"25%\">179<\/td>\n<td width=\"25%\">148<\/td>\n<td width=\"25%\">106<\/td>\n<\/tr>\n<tr valign=\"top\">\n<td width=\"25%\">Anzahl der Nationen im Index<\/td>\n<td width=\"25%\">190<\/td>\n<td width=\"25%\">180<\/td>\n<td width=\"25%\">153<\/td>\n<\/tr>\n<\/tbody>\n<\/table>\n<p>Erstaunlicherweise ist Katar in zweien der drei Index sogar noch besser platziert als Russland (Olympiade 2014, WM 2018) und China (Olympiade 2008\/2021). Alle L&auml;nder sind aber im hinteren Drittel ihrer Indexe eingeordnet. Trotzdem gab es bei diesen L&auml;ndern nicht so viele Proteste.<\/p>\n<p>Wenn der DFB wirklich Eier h&auml;tte, dann h&auml;tte er andere Konsequenzen gezogen n&auml;mlich die echte Regenbogenbinde getragen und auch nicht abgelegt. Vor allem w&auml;re es an der Zeit das die Staaten in der FIFA die gegen diese Praxis sind das die Spiele in L&auml;ndern mit deutlichen M&auml;ngeln bei grundlegenden Menschenrechten haben vergeben werden, aktiv werden.<\/p>\n<p>Die meisten sind in der UEFA organisiert, doch auch viele andere gro&szlig;e Fu&szlig;ballnationen haben demokratische Regierungen mit deutlich besseren Chancen bei den Menschenrechten. Es gab ja die <a href=\"https:\/\/www.welt.de\/sport\/fussball\/wm\/article242300493\/Fussball-WM-Daenemarks-Fussballverband-erwaegt-Austritt-aus-der-Fifa.html\">Drohung D&auml;nemarks aus der FIFA auszutreten<\/a>, aber ich glaube kaum das es so kommen sollte. Ein Drohung aller UEFA Mitglieder, also den meisten Staaten, die auch Chancen auf einen Titel haben, oder relativ weit im Turnier kommen w&uuml;rde wohl Wirkung zeigen, nur m&uuml;sste man dann drauf gefasst sein ach die Konsequenzen zu ziehen. Angesichts des Verhaltens von Infantino und der bisherigen Praxis halte ich es nicht f&uuml;r unwahrscheinlich das bei einer Drohung aller UEFA Mitglieder mit einem Austritt es 2026 eine FIFA WM ohne europ&auml;ische Staaten gibt. Auf der anderen Seite k&ouml;nnten diese noch Brasilien, Argentinien und Mexiko (aber eigentlich alle Staaten) einladen f&uuml;r eine eigene WM, z.B. die \u201eFree World WM\u201c und selbst wenn sonst kein anderer Staat mitspielt \u2013 den meisten Fans w&auml;re das egal, sie w&uuml;rden sich eher &uuml;ber mehr hochklassige Begegnungen freuen. Wahrscheinlich ist das nicht. Denn wie schon geschrieben, knickten die Verb&auml;nde ja schon bei der \u201eOne Love\u201c Binde reihenweise ein. Sie bekommen es ja nicht mal auf die Reihe einen Gegenkandidat zu Infantino aufzustellen der sich n&auml;chsten Jahr zur Wiederwahl stellt. Bisher gab es trotz seines Verhaltens und den Erfahrungen mit Katar keinen Gegenkandidaten.<\/p>\n<p>Die FIFA ist aber nur das absolute Negativbeispiel beim Fu&szlig;ball. Auch sonst ist hier vieles im Argen. Auch Ex-UEFA Boss Platini ist <a href=\"https:\/\/www.giessener-allgemeine.de\/thema\/michel-platini-per39019\/\">wegen Betrugs angeklagt<\/a>. In Deutschland sorgt die Verteilung de Einnahmen der Bundesliga daf&uuml;r dass ein Verein der an der Spitze ist es auch bleibt weil er viel mehr Geld bekommt als einer in der Tabellenmitte oder gar in der zweiten Liga. Die einnahmen aus europ&auml;ischen Wettbewerben tun ihr &uuml;briges dazu solche Missverh&auml;ltnisse zu zementieren. Das f&uuml;hrt dazu das Bayern mit 90 % Wahrscheinlichkeit mehrere Titel pro Jahr gewinnt und inzwischen entt&auml;uscht ist wenn sie nicht das \u201eTriple\u201c erreichen. &Uuml;berspitzt formuliert schwimmt der FC Bayern so in Geld, das er es sich leisten kann Spieler zu kaufen die dann nur auf der Reservebank sitzen, Hauptsache sie spielen nicht bei einem anderen Verein.<\/p>\n<p>Ich wei&szlig;, man kann nicht das Rad im Profifussball zur&uuml;ckdrehen und Einnahmen, aber auch Spielergeh&auml;lter und Transfersummen auf vern&uuml;nftige Summen reduzieren, weil es einen internationalen Wettbewerb um Spieler gibt, aber man k&ouml;nnte zumindest in der nationalen Liga f&uuml;r mehr Wettbewerb sorgen, das t&auml;te auch den Spielen gut. Und wenn man schon dabei sind: man k&ouml;nnte auch einen Teil des Geldes in den Frauenfussball stecken. Die <a href=\"https:\/\/www.zdf.de\/nachrichten\/sport\/frauenfussball-bundesliga-dfb-finanzen-100.html\">Frauenfussballliga ist defizit&auml;r<\/a> und machte in der gesamten ersten Bundesliga 2021 einen Umsatz von 13 Millionen DM, zum Vergleich die erste Bundesliga <a href=\"https:\/\/de.statista.com\/statistik\/daten\/studie\/4867\/umfrage\/entwicklung-der-erloese-in-der-ersten-und-zweiten-fussballbundesliga\/\">erl&ouml;ste 100-mal so viel<\/a> im selben Jahr. Wenn man 10 Prozent des Geldes in den Frauenfu&szlig;ball stecken w&uuml;rde, ich denke wir h&auml;tten auch international noch mehr Erfolge. Kleiner Wink an die &Ouml;ffentlich-Rechtlichen-Sender: Da ihr euch die vollen Rechte f&uuml;r die M&auml;nner Bundesliga schon seit Jahren nicht mehr leisten k&ouml;nnt, &uuml;bertragt doch mal die Spiele der Frauen. Echte Fu&szlig;ballfans schauen bestimmt auch diese gerne an, zumal die Frauen nicht nur erfolgreich sondern auch sch&ouml;n und gut Fussball spielen.<\/p>\n","protected":false},"excerpt":{"rendered":"<div class=\"pvc_clear\"><\/div>\n<p id=\"pvc_stats_16214\" class=\"pvc_stats all  \" data-element-id=\"16214\" style=\"\"><i class=\"pvc-stats-icon medium\" aria-hidden=\"true\"><svg aria-hidden=\"true\" focusable=\"false\" data-prefix=\"far\" data-icon=\"chart-bar\" role=\"img\" xmlns=\"http:\/\/www.w3.org\/2000\/svg\" viewBox=\"0 0 512 512\" class=\"svg-inline--fa fa-chart-bar fa-w-16 fa-2x\"><path fill=\"currentColor\" d=\"M396.8 352h22.4c6.4 0 12.8-6.4 12.8-12.8V108.8c0-6.4-6.4-12.8-12.8-12.8h-22.4c-6.4 0-12.8 6.4-12.8 12.8v230.4c0 6.4 6.4 12.8 12.8 12.8zm-192 0h22.4c6.4 0 12.8-6.4 12.8-12.8V140.8c0-6.4-6.4-12.8-12.8-12.8h-22.4c-6.4 0-12.8 6.4-12.8 12.8v198.4c0 6.4 6.4 12.8 12.8 12.8zm96 0h22.4c6.4 0 12.8-6.4 12.8-12.8V204.8c0-6.4-6.4-12.8-12.8-12.8h-22.4c-6.4 0-12.8 6.4-12.8 12.8v134.4c0 6.4 6.4 12.8 12.8 12.8zM496 400H48V80c0-8.84-7.16-16-16-16H16C7.16 64 0 71.16 0 80v336c0 17.67 14.33 32 32 32h464c8.84 0 16-7.16 16-16v-16c0-8.84-7.16-16-16-16zm-387.2-48h22.4c6.4 0 12.8-6.4 12.8-12.8v-70.4c0-6.4-6.4-12.8-12.8-12.8h-22.4c-6.4 0-12.8 6.4-12.8 12.8v70.4c0 6.4 6.4 12.8 12.8 12.8z\" class=\"\"><\/path><\/svg><\/i> <img loading=\"lazy\" decoding=\"async\" width=\"16\" height=\"16\" alt=\"Loading\" src=\"https:\/\/www.bernd-leitenberger.de\/blog\/wp-content\/plugins\/page-views-count\/ajax-loader-2x.gif\" border=0 \/><\/p>\n<div class=\"pvc_clear\"><\/div>\n<p>Nachdem ein Kommentar zu meinem Blog zur WM in Katar sich auf die \u201eOne Love\u201c Binde und dem Einstehen f&uuml;r die LBGT Gemeinde gab, aber ich zu den Vorg&auml;ngen rund um die Binde was sagen wollte, habe ich mir gedacht, auch weil es etwas l&auml;nger wird, das ich einen Kommentar dazu verfasse. Im Kern geht [&hellip;]<\/p>\n","protected":false},"author":169,"featured_media":0,"comment_status":"open","ping_status":"closed","sticky":false,"template":"","format":"standard","meta":{"_jetpack_memberships_contains_paid_content":false,"footnotes":""},"categories":[1],"tags":[4216,891,762],"class_list":["post-16214","post","type-post","status-publish","format-standard","hentry","category-allgemein","tag-fifa","tag-fussball","tag-fussball-wm","entry"],"a3_pvc":{"activated":true,"total_views":553,"today_views":0},"jetpack_featured_media_url":"","jetpack-related-posts":[{"id":18603,"url":"https:\/\/www.bernd-leitenberger.de\/blog\/2026\/03\/12\/politikverdruss\/","url_meta":{"origin":16214,"position":0},"title":"Politikverdruss","author":"Bernd Leitenberger","date":"12. M\u00e4rz 2026","format":false,"excerpt":"Bei uns wurde in BW gew\u00e4hlt und nat\u00fcrlich gab es jede Menge Sendungen im Radio und Fernsehen mit den Spitzenkandidaten. Ich habe mir die SWR1 Reihe \"Leute\", ein Radio-Talkformat mit den Spitzenkandidaten angeh\u00f6rt und nehme das mal als Aufh\u00e4nger etwas \u00fcber das zu schreiben was mich an der Politik in\u2026","rel":"","context":"In &quot;Allgemein&quot;","block_context":{"text":"Allgemein","link":"https:\/\/www.bernd-leitenberger.de\/blog\/category\/allgemein\/"},"img":{"alt_text":"","src":"https:\/\/vg07.met.vgwort.de\/na\/9297ac798f9047d9a27f46008ab7fa99","width":350,"height":200},"classes":[]},{"id":4557,"url":"https:\/\/www.bernd-leitenberger.de\/blog\/2011\/04\/03\/atom-und-wahlnachlese\/","url_meta":{"origin":16214,"position":1},"title":"Atom- und Wahlnachlese","author":"Bernd Leitenberger","date":"3. April 2011","format":false,"excerpt":"Nun einige Wochen nach dem Super-Gau von Japan wird es an der Zeit f?r eine Nachlese und zwar eine etwas allgemeiner gehaltene. Ich m?chte an dieser Stelle mal meine Einstellung zur Kernkraft in den letzten Jahrzehnten reflektieren. Ich war urspr?nglich f?r Kernkraft. Wie viele andere, glaubte ich an umweltfreundliche Energie\u2026","rel":"","context":"In &quot;Allgemein&quot;","block_context":{"text":"Allgemein","link":"https:\/\/www.bernd-leitenberger.de\/blog\/category\/allgemein\/"},"img":{"alt_text":"","src":"","width":0,"height":0},"classes":[]},{"id":18406,"url":"https:\/\/www.bernd-leitenberger.de\/blog\/2025\/09\/23\/der-blogautor-von-der-ki-beurteilt\/","url_meta":{"origin":16214,"position":2},"title":"Der Blogautor von der KI beurteilt","author":"Bernd Leitenberger","date":"23. September 2025","format":false,"excerpt":"Ich nutze inzwischen auch eine KI. Prim\u00e4r zu Recherche, im Browser https:\/\/www.perplexity.ai die f\u00fcr Recherchen (nach Eigenauskunft) spezialisiert ist. Seit ich vor mehr als zwei Jahren die KI zum ersten Mal getestet habe, hat diese sich enorm gebessert. Sie fabuliert weniger und ist intelligenter. Damals konnte man noch die AI\u2026","rel":"","context":"In &quot;Allgemein&quot;","block_context":{"text":"Allgemein","link":"https:\/\/www.bernd-leitenberger.de\/blog\/category\/allgemein\/"},"img":{"alt_text":"","src":"https:\/\/vg01.met.vgwort.de\/na\/c334c52e97b74da9b82424a9e80c6d97","width":350,"height":200},"classes":[]},{"id":18488,"url":"https:\/\/www.bernd-leitenberger.de\/blog\/2026\/01\/16\/die-raumfahrtnachlese-2025\/","url_meta":{"origin":16214,"position":3},"title":"Die Raumfahrtnachlese 2025","author":"Bernd Leitenberger","date":"16. Januar 2026","format":false,"excerpt":"Ich schiebe etwas sp\u00e4t eine kurze Raumfahrtnachlese f\u00fcr 2025 nach. Das auff\u00e4lligste ist nat\u00fcrlich der rasante Anstieg der Starts bzw. Startversuche, 325 waren es letztes Jahr. Eine Steigerung um 58 gegen\u00fcber letztem Jahr und damit nicht nur in der H\u00f6he ein Rekord, sondern auch im Zuwachs. Nur mal als Vergleich\u2026","rel":"","context":"In &quot;Raumfahrt&quot;","block_context":{"text":"Raumfahrt","link":"https:\/\/www.bernd-leitenberger.de\/blog\/category\/raumfahrt\/"},"img":{"alt_text":"","src":"https:\/\/vg06.met.vgwort.de\/na\/25bb1cf6b21949af835bc77482e531d6","width":350,"height":200},"classes":[]},{"id":18472,"url":"https:\/\/www.bernd-leitenberger.de\/blog\/2025\/12\/16\/die-deutsche-automobilindustrie-2\/","url_meta":{"origin":16214,"position":4},"title":"Die Deutsche Automobilindustrie.","author":"Bernd Leitenberger","date":"16. Dezember 2025","format":false,"excerpt":"Ich wei\u00df, ich habe lange nichts von mir h\u00f6ren lassen. Ich lebe aber noch. Ich arbeite derzeit viel an dem neuen Buch \u00fcber die Thor- und Delta-Tr\u00e4gerraketen. Leider sto\u00dfe ich auf immer mehr Material und das nimmt sehr viel Arbeit in Anspruch, um mich einzuarbeiten und zu schreiben. Jetzt schon\u2026","rel":"","context":"In &quot;Politik&quot;","block_context":{"text":"Politik","link":"https:\/\/www.bernd-leitenberger.de\/blog\/category\/politik\/"},"img":{"alt_text":"","src":"https:\/\/vg04.met.vgwort.de\/na\/98960bbbe1644c829b9337b57667bf6c","width":350,"height":200},"classes":[]},{"id":18369,"url":"https:\/\/www.bernd-leitenberger.de\/blog\/2025\/08\/29\/nachlese-zehnter-teststart-starship-ift-10\/","url_meta":{"origin":16214,"position":5},"title":"Nachlese zehnter Teststart Starship IFT-10","author":"Bernd Leitenberger","date":"29. August 2025","format":false,"excerpt":"Am Morgen (in den USA noch Vortag) des 27.8.2025 startete nach zwei Tagen Verz\u00f6gerung das zehnte Starship zum Testflug IFT-10. Wenn man es genau nimmt ist es sogar das 11-te Starship, denn das urspr\u00fcnglich vorgesehene Starship mit der Seriennummer 26 explodierte bei einem Probecountdown am 18., Juni. So musste das\u2026","rel":"","context":"In &quot;SpaceX&quot;","block_context":{"text":"SpaceX","link":"https:\/\/www.bernd-leitenberger.de\/blog\/category\/raumfahrt\/spacex\/"},"img":{"alt_text":"","src":"https:\/\/vg02.met.vgwort.de\/na\/99a61bf9c489499b8003952db7f5e97c","width":350,"height":200},"classes":[]}],"jetpack_sharing_enabled":true,"amp_enabled":true,"_links":{"self":[{"href":"https:\/\/www.bernd-leitenberger.de\/blog\/wp-json\/wp\/v2\/posts\/16214","targetHints":{"allow":["GET"]}}],"collection":[{"href":"https:\/\/www.bernd-leitenberger.de\/blog\/wp-json\/wp\/v2\/posts"}],"about":[{"href":"https:\/\/www.bernd-leitenberger.de\/blog\/wp-json\/wp\/v2\/types\/post"}],"author":[{"embeddable":true,"href":"https:\/\/www.bernd-leitenberger.de\/blog\/wp-json\/wp\/v2\/users\/169"}],"replies":[{"embeddable":true,"href":"https:\/\/www.bernd-leitenberger.de\/blog\/wp-json\/wp\/v2\/comments?post=16214"}],"version-history":[{"count":0,"href":"https:\/\/www.bernd-leitenberger.de\/blog\/wp-json\/wp\/v2\/posts\/16214\/revisions"}],"wp:attachment":[{"href":"https:\/\/www.bernd-leitenberger.de\/blog\/wp-json\/wp\/v2\/media?parent=16214"}],"wp:term":[{"taxonomy":"category","embeddable":true,"href":"https:\/\/www.bernd-leitenberger.de\/blog\/wp-json\/wp\/v2\/categories?post=16214"},{"taxonomy":"post_tag","embeddable":true,"href":"https:\/\/www.bernd-leitenberger.de\/blog\/wp-json\/wp\/v2\/tags?post=16214"}],"curies":[{"name":"wp","href":"https:\/\/api.w.org\/{rel}","templated":true}]}}