{"id":16310,"date":"2023-01-27T17:32:08","date_gmt":"2023-01-27T16:32:08","guid":{"rendered":"https:\/\/www.bernd-leitenberger.de\/blog\/?p=16310"},"modified":"2023-01-27T17:32:08","modified_gmt":"2023-01-27T16:32:08","slug":"lebensmittel-unter-der-lupe-erkaeltungssmoothie","status":"publish","type":"post","link":"https:\/\/www.bernd-leitenberger.de\/blog\/2023\/01\/27\/lebensmittel-unter-der-lupe-erkaeltungssmoothie\/","title":{"rendered":"Lebensmittel unter der Lupe: Erk&auml;ltungssmoothie"},"content":{"rendered":"<div class=\"pvc_clear\"><\/div>\n<p id=\"pvc_stats_16310\" class=\"pvc_stats all  \" data-element-id=\"16310\" style=\"\"><i class=\"pvc-stats-icon medium\" aria-hidden=\"true\"><svg aria-hidden=\"true\" focusable=\"false\" data-prefix=\"far\" data-icon=\"chart-bar\" role=\"img\" xmlns=\"http:\/\/www.w3.org\/2000\/svg\" viewBox=\"0 0 512 512\" class=\"svg-inline--fa fa-chart-bar fa-w-16 fa-2x\"><path fill=\"currentColor\" d=\"M396.8 352h22.4c6.4 0 12.8-6.4 12.8-12.8V108.8c0-6.4-6.4-12.8-12.8-12.8h-22.4c-6.4 0-12.8 6.4-12.8 12.8v230.4c0 6.4 6.4 12.8 12.8 12.8zm-192 0h22.4c6.4 0 12.8-6.4 12.8-12.8V140.8c0-6.4-6.4-12.8-12.8-12.8h-22.4c-6.4 0-12.8 6.4-12.8 12.8v198.4c0 6.4 6.4 12.8 12.8 12.8zm96 0h22.4c6.4 0 12.8-6.4 12.8-12.8V204.8c0-6.4-6.4-12.8-12.8-12.8h-22.4c-6.4 0-12.8 6.4-12.8 12.8v134.4c0 6.4 6.4 12.8 12.8 12.8zM496 400H48V80c0-8.84-7.16-16-16-16H16C7.16 64 0 71.16 0 80v336c0 17.67 14.33 32 32 32h464c8.84 0 16-7.16 16-16v-16c0-8.84-7.16-16-16-16zm-387.2-48h22.4c6.4 0 12.8-6.4 12.8-12.8v-70.4c0-6.4-6.4-12.8-12.8-12.8h-22.4c-6.4 0-12.8 6.4-12.8 12.8v70.4c0 6.4 6.4 12.8 12.8 12.8z\" class=\"\"><\/path><\/svg><\/i> <img loading=\"lazy\" decoding=\"async\" width=\"16\" height=\"16\" alt=\"Loading\" src=\"https:\/\/www.bernd-leitenberger.de\/blog\/wp-content\/plugins\/page-views-count\/ajax-loader-2x.gif\" border=0 \/><\/p>\n<div class=\"pvc_clear\"><\/div>\n<p>Gestern habe ich beim Radioh&ouml;ren meines Haussender SWR1 Baden-W&uuml;rttemberg wieder geh&ouml;rt, das man nun bei dem erh&ouml;hten Erk&auml;ltungsrisiko mehr Vitamine zu sich nehmen sollte. Wie immer, kam da Vitamin C und Zink zur Sprache und wie immer die falsche Aussage, das Vitamin C und Zink bei Erk&auml;ltungen helfen.<br \/>\n<img loading=\"lazy\" decoding=\"async\" src=\"https:\/\/vg01.met.vgwort.de\/na\/69a3c697facd4b6e893b2f7c5697d1d9\" width=\"1\" height=\"1\" alt=\"\"\/><br \/>\nDas ist einer der &auml;ltesten Ern&auml;hrungsirrt&uuml;mer, 1930 behauptete das ein US-Konzern zur Verkaufsf&ouml;rderung nachdem er erstmals Vitamin C (chemisch: L-Ascorbins&auml;ure) in Gro&szlig;mengen produzieren konnte. Seitdem wurde das jahrzehntelang ungepr&uuml;ft weitergegeben, bis 2013 eine <a href=\"https:\/\/www.cochranelibrary.com\/cdsr\/doi\/10.1002\/14651858.CD000980.pub4\/full?highlightAbstract=c%7Cvitamine%7Cvitamin\">Studie des Cocrane Insitituts<\/a> mit rund fast 10.000 Teilnehmern das Gegenteil bewies.<!--more--><\/p>\n<p>Um das wichtigste Ergebnis der Studie vorab zu sagen: Wenn man eine Erk&auml;ltung hat helfen Vitamine, Zink &amp; Co nichts. Aber wenn der Serumspiegel vor einer Erk&auml;ltung zu gering ist, ist die Ansteckungsgefahr gr&ouml;&szlig;er und die Erk&auml;ltungssymptome werden schlimmer. Also pr&auml;ventiv kann man was f&uuml;r die Versorgung tun um den Seruemspiegel auf 100 Prozent zu halten. Man sollte sich nach der Radioredakteurin einen \u201eSmoothie\u201c machen, ohne aber auf dessen Zusammensetzung einzugehen.<\/p>\n<p>W&auml;re ja auch zu komplex f&uuml;rs Radio gewesen. Immerhin wurde darauf hingewiesen das man praktisch nicht &uuml;berdosieren k&ouml;nnte, aber mehr als der Tagesbedarf eben auch nicht hilft. Daher hole ich das nach. Im Radio wurden neben Vitamin C und dem Mineralstoff Zink noch andere Wirkstoffe erw&auml;hnt, n&auml;mlich das Mineral Selen, Vitamin E und Vitamin D.<\/p>\n<p>Ich vermute eine Folge der allgemeinen <a href=\"https:\/\/www.bernd-leitenberger.de\/blog\/2022\/07\/19\/lesen-oder-berieseln-lassen-und-das-verseichten\/\">Verseichtung<\/a> die auch Radioredakteure erfasst. Vitamin E und Selen wirken wie Vitamin C und Zink antioxidativ, aber sie sind nicht f&uuml;r das Immunsystem wichtig. Vitamin E ist n&ouml;tig f&uuml;r den Schutz der Zellmembranen vor Oxidation und Selen ist Bestandteil von antioxidativ wirksamen Enzymen wo es den Schwefel in Aminos&auml;uren ersetzt. <a href=\"https:\/\/www.bernd-leitenberger.de\/vitamin.shtml\">Vitamin<\/a> D hat nun &uuml;berhaupt nichts mit dem Immunsystem zu tun als vielmehr mit dem Knochenstoffwechsel und ist wohl auf den Fokus der Redakteurin geraten, weil man vor allem im Winter einen erh&ouml;hten Bedarf hat \u2013 im Sommer wird es aus dem so \u201eb&ouml;sen\u201c Cholesterin durch die UV-Strahlung der Sonne in der Haut gebildet. Es wird daher diskutiert ob Vitamin D &uuml;berhaupt ein Vitamin ist, denn die H&auml;lfte des Jahres ben&ouml;tigt man keine Nahrungszufuhr.<\/p>\n<p>Die Redakteurin vom SWR hat es sich auch einfach gemacht, denn einen Smoothie der alle Stoffe die sie aufz&auml;hlte enth&auml;lt, den m&ouml;chte ich mal sehen &#8211; Vitamin D und E sind fettl&ouml;slich, also in den meist fettfreien Zutaten eines Smoothies nicht enthalten. Vitamin D findet man nochdazu zudem in tierischen Lebensmitteln h&auml;ufiger, das w&auml;re auch bei einem rein pflanzlichen Smoothie ein Problem.<\/p>\n<p>Also ein Smoothie der mit einer Portion den Tagesbedarf an Zink und Vitamin C steckt, wenn m&ouml;glich auch Selen. Das ist die Aufgabe.<\/p>\n<p>Beim Vitamin C ist das einfach: zahlreiche Zitrusfr&uuml;chte enthalten L-Ascorbins&auml;ure in gro&szlig;er Menge, so Mandarinen, Zitronen, Orangen und Grapefruits. Die kann man als wohlschmeckende Basis nehmen. Es gehen &uuml;brigens auch S&auml;fte:<\/p>\n<table width=\"100%\" cellspacing=\"0\" cellpadding=\"0\">\n<tbody>\n<tr valign=\"top\">\n<td width=\"33%\">Lebensmittel<\/td>\n<td width=\"33%\">Vitamin C Gehalt pro 100 g<\/td>\n<td width=\"33%\">Portion f&uuml;r den Tagesbedarf (Mann 75 kg), 110 mg<\/td>\n<\/tr>\n<tr valign=\"top\">\n<td width=\"33%\">Orangen<\/td>\n<td width=\"33%\">50 mg<\/td>\n<td width=\"33%\">110 g<\/td>\n<\/tr>\n<tr valign=\"top\">\n<td width=\"33%\">Mandarinen<\/td>\n<td width=\"33%\">32 mg<\/td>\n<td width=\"33%\">350 g<\/td>\n<\/tr>\n<tr valign=\"top\">\n<td width=\"33%\">Zitronen<\/td>\n<td width=\"33%\">53 mg<\/td>\n<td width=\"33%\">200 g<\/td>\n<\/tr>\n<tr valign=\"top\">\n<td width=\"33%\">Grapefruit<\/td>\n<td width=\"33%\">40 mg<\/td>\n<td width=\"33%\">250 g<\/td>\n<\/tr>\n<tr valign=\"top\">\n<td width=\"33%\">Johannisbeernektar schwarz<\/td>\n<td width=\"33%\">32 mg<\/td>\n<td width=\"33%\">350 g<\/td>\n<\/tr>\n<\/tbody>\n<\/table>\n<p>Es gibt noch zahlreiche andere Obstsorten die reich an Vitamin C sind wie Erdbeeren, aber die gibt es im Winter eher selten, ebenso wird man Vitamin c reiche Gem&uuml;se wie Spinat oder Paprika kaum zu Smoothies verarbeiten, die ja auch schmecken sollen. Bei Johannisbeeren ist der Gehalt an Vitamin C so hoch, dass ich hier den ges&uuml;&szlig;ten Nektar genommen habe. Wer mag kann auch Paprika p&uuml;rieren, die enthalten viel Vitamin C aber nur wenig Energie.<\/p>\n<p>Der <a href=\"https:\/\/www.rohkostwiki.de\/wiki\/Zink-Gehalt_von_Lebensmitteln\">Zinkbedarf<\/a> ist (neben dem Energiebedarf) stark abh&auml;ngig von einem zinkbindenden Pflanzeninhaltsstoff der Phytins&auml;ure. Phytins&auml;ure, ein Ballaststoff, findet sich in H&uuml;lsenfr&uuml;chten, Getreide und &Ouml;lsaaten. Sie bindet auch andere <a href=\"https:\/\/www.bernd-leitenberger.de\/mineralstoffe.shtml\">Mineralstoffe wie Calcium<\/a>. Bei Zink habe ich weil ja pflanzliche Lebensmittel immer Ballaststoffe enthalten, den h&ouml;chsten Bedarf als Referenz genommen. Zink ist vor allem in tierischen Nahrungsmitteln vorhanden, die bei einem Smoothie der ja auch f&uuml;r Vegetarier sein soll ausscheiden. Immerhin einige wenige Lebensmittel, die es auch im Winter gibt und die rein pflanzlich sind habe ich gefunden:<\/p>\n<table width=\"100%\" cellspacing=\"0\" cellpadding=\"0\">\n<tbody>\n<tr valign=\"top\">\n<td width=\"33%\">Lebensmittel<\/td>\n<td width=\"33%\">Zink-Gehalt pro 100 g<\/td>\n<td width=\"33%\">Portion f&uuml;r den Tagesbedarf (Mann 75 kg), 16 mg<\/td>\n<\/tr>\n<tr valign=\"top\">\n<td width=\"33%\">Weizenkeime<\/td>\n<td width=\"33%\">12 mg<\/td>\n<td width=\"33%\">125 g<\/td>\n<\/tr>\n<tr valign=\"top\">\n<td width=\"33%\">Haferflocken<\/td>\n<td width=\"33%\">9,3 mg<\/td>\n<td width=\"33%\">173 g<\/td>\n<\/tr>\n<tr valign=\"top\">\n<td width=\"33%\">Rosenkohl<\/td>\n<td width=\"33%\">0,85 mg<\/td>\n<td width=\"33%\">1882 g<\/td>\n<\/tr>\n<tr valign=\"top\">\n<td width=\"33%\">Kokosnuss<\/td>\n<td width=\"33%\">0,5 mg<\/td>\n<td width=\"33%\">3200 g<\/td>\n<\/tr>\n<tr valign=\"top\">\n<td width=\"33%\">Paranuss<\/td>\n<td width=\"33%\">4 mg<\/td>\n<td width=\"33%\">400 g<\/td>\n<\/tr>\n<tr valign=\"top\">\n<td width=\"33%\">Pistazie<\/td>\n<td width=\"33%\">1,7 mg<\/td>\n<td width=\"33%\">940 g<\/td>\n<\/tr>\n<\/tbody>\n<\/table>\n<p>Wie man sieht wird es schwierig. Rosenkohl kann man p&uuml;rieren, aber 1,9 kg? Wohl kaum! Weizenkeime und Haferflocken wird man eher in ein M&uuml;sli tun als in einen Smoothie und bei den hohen Energiegehalt dieser Getreide w&auml;re der Smoothie, das auch so energiereich wie eine richtige Mahlzeit. Die N&uuml;sse haben ich wegen dem Selengehalt hinzugenommen.<\/p>\n<p>Bei Selen ist es schon schwer &uuml;berhaupt Lebensmittel-Analyseergebnisse zu finden, auch weil man <a href=\"https:\/\/www.dge.de\/wissenschaft\/faqs\/selen\/\">Selen<\/a> lange Zeit als nicht-essentielles Element einstufte. Der Bedarf ist gering. Selen ersetzt in den Aminos&auml;uren Cystein und Methionin manchmal den Schwefel. Das geht weil es im Periodensystem direkt unter dem Schwefel steht also die gleiche &auml;u&szlig;ere Elektronenschalenkonfiguration hat. Aber es ist weniger Elektronegativ wodurch diese selenhaltigen Aminos&auml;uren in Enzymen die Redoxreaktionen katalysieren wichtig sind. Der Bedarf ist mit 60 bis 70 \u00b5g auch f&uuml;r Spurenelemente sehr ging. Zink als Vergleich wird in mehr als der 100-fachen Menge ben&ouml;tigt.<\/p>\n<table width=\"100%\" cellspacing=\"0\" cellpadding=\"0\">\n<tbody>\n<tr valign=\"top\">\n<td width=\"33%\">Lebensmittel<\/td>\n<td width=\"33%\">Selen-Gehalt pro 100 g<\/td>\n<td width=\"33%\">Portion f&uuml;r den Tagesbedarf (Mann 75 kg), 70 \u00b5g<\/td>\n<\/tr>\n<tr valign=\"top\">\n<td width=\"33%\">Jogurt<\/td>\n<td width=\"33%\">1,5 \u00b5g<\/td>\n<td width=\"33%\">4700 g<\/td>\n<\/tr>\n<tr valign=\"top\">\n<td width=\"33%\">Haferflocken<\/td>\n<td width=\"33%\">9,3 \u00b5g<\/td>\n<td width=\"33%\">750 g<\/td>\n<\/tr>\n<tr valign=\"top\">\n<td width=\"33%\">Paprika<\/td>\n<td width=\"33%\">4,3 \u00b5g<\/td>\n<td width=\"33%\">1627 g<\/td>\n<\/tr>\n<tr valign=\"top\">\n<td width=\"33%\">Paranuss<\/td>\n<td width=\"33%\">100 \u00b5g<\/td>\n<td width=\"33%\">70 g<\/td>\n<\/tr>\n<tr valign=\"top\">\n<td width=\"33%\">Pistazien<\/td>\n<td width=\"33%\">450 \u00b5g<\/td>\n<td width=\"33%\">16 g<\/td>\n<\/tr>\n<tr valign=\"top\">\n<td width=\"33%\">Kokosnuss<\/td>\n<td width=\"33%\">810 \u00b5g<\/td>\n<td width=\"33%\">9 g<\/td>\n<\/tr>\n<\/tbody>\n<\/table>\n<p>Wie man sieht wird es mit pflanzlichen Lebensmitteln kompliziert. Selen steckt noch mehr als Zink vor allem in tierischen Lebensmitteln. 4,7 kg Jogurt oder 1,6 kg Paprika zu essen ist nicht praktikabel und die Haferflocken haben mehr Energie als der Tagesbedarf. Einzig alleine einige Nussorten enthalten zum Teil hohe Gehalte an Selen. Andere Nussorten wie Mandeln, Erdn&uuml;sse, Haseln&uuml;sse und Wahln&uuml;sse dagegen kaum Selen. 70 g Paran&uuml;sse \u2013 die Menge f&uuml;r den Tagesbedarf an Selen liefern auch 17,5 des Tagesbedarfs an Zink.<\/p>\n<p>Aufgrund der Einschr&auml;nkungen der Lebensmittel wirds wohl kein Smoothie werden. Aber M&uuml;sli mit Weizenkeimen, dazu einige Pistazien oder Paran&uuml;sse, und ein Glas Orangensaft als Beilage das deckt einen guten Teil des Selen- und Vitamin C Bedarfs und einen Teil des Zinkbedarfs.<\/p>\n<p>Hier noch eine kleine Erkl&auml;rung der angesprochenen Vitamine und Mineralstoffe:<\/p>\n<h3 class=\"western\">Vitamin C<\/h3>\n<p>Das Vitamin C hat im K&ouml;rper verschiedene Wirkungen, die wichtigste ist die als Faktor f&uuml;r die Bildung und Erhaltung von Bindegewebe und Knorpeln. So ist der klassische Vitamin C Mangel gepr&auml;gt durch mangelnde Heilung von Wunden und Abbau des Bindegewebes unter Blutung. Weitere Funktionen betreffen das Immunsystem, so stimuliert Vitamin C die Fresszellen des Blutes. Das Absinken des Vitamin C Gehaltes in der Nebenniere und damit ein Verschieben des Hormonhaushaltes bei M&uuml;digkeit und Infektionen f&uuml;hrte zu der Empfehlung bei Infektionen mehr Vitamin C zuzuf&uuml;hren. Daraus schlossen manche Zeitgenossen, Vitamin C w&auml;re ein gutes Mittel bei der Vorbeugung und Abwehr von Erk&auml;ltungskrankheiten. Inzwischen ist belegt, das ein Vitamin C Mangel die Schwere von Erk&auml;ltungen beeinflusst, aber hat man erst eine Erk&auml;ltung so helfen auch hohe Vitamindosen nichts. Speziell zu hohen Vitamindosen gibt es <a href=\"https:\/\/www.bernd-leitenberger.de\/hochdosierte-vitamine.shtmlhttps:\/\/www.bernd-leitenberger.de\/hochdosierte-vitamine.shtml\">diesen Artikel<\/a> auf der Website.<\/p>\n<p>Eine Wirksamkeit von <a href=\"https:\/\/www.bernd-leitenberger.de\/hochdosierte-vitamine.shtml\">Megadosen<\/a> als Radikalf&auml;nger (Krebsvorbeugung) Dosierungen konnte nicht belegt werden. Derart hohe Mengen an Vitamin C werden nur zu einem kleinen Teil &uuml;berhaupt aufgenommen. Gr&ouml;&szlig;ere Mengen f&uuml;hren zu Durchfall.<\/p>\n<h3 class=\"western\">Vitamin D<\/h3>\n<p>Das Vitamin D ist mitverantwortlich f&uuml;r die Einlagerung von Calcium in die Knochen. Ein Mangel f&uuml;hrt vor allem bei Kleinkindern zur Knochenerweichung, der Rachitis, bei Erwachsenen wird diese Krankheit als Osteomalazie bezeichnet. Bei ausreichender Calcium Versorgung ist dies bei Erwachsenen vor allem bei Schwangeren und Stillenden beobachtet worden.<\/p>\n<p>Vitamin D kommt in der Natur in zwei Formen vor, dem pflanzlichen Ergocalciferol (Vitamin D<sub>3<\/sub>) und dem tierischen Cholecalciferol (Vitamin D<sub>1<\/sub>). Daneben kann es der menschliche K&ouml;rper in der Haut durch UV Bestrahlung aus Cholesterin bilden.<\/p>\n<p>Heute wird diskutiert ob das Vitamin D f&uuml;r alle Bev&ouml;lkerungsgruppen ein Vitamin ist. Der Bedarf ist mit 2,5 \u00b5g\/Tag sehr gering, bei Kleinkindern, Schwangeren und Stillenden mit 10 \u00b5g\/Tag schon erheblich h&ouml;her. Vieles spricht daf&uuml;r, das der K&ouml;rper beim Erwachsenen zumindest in den Sommermonaten den Vitamin D Bedarf aus dem K&ouml;rper eigenen Cholesterin decken kann.<\/p>\n<h3 class=\"western\">Vitamin E<\/h3>\n<p>Das Vitamin E fungiert im K&ouml;rper als Radikalf&auml;nger und sch&uuml;tzt so k&ouml;rpereigene Substanzen vor oxidativen Ver&auml;nderungen. Die Radikalf&auml;ngerwirkung ist isoliert ausf&uuml;hrlich erforscht. Doch wo und wie es genau im K&ouml;rper wirkt, ist jedoch noch weitgehend unbekannt. Dar&uuml;ber hinaus scheint das Vitamin E einige Spezialaufgaben zu haben, die jedoch noch unzureichend erforscht sind.<\/p>\n<p>Der Vitamin E Bedarf ist von der Fettzufuhr abh&auml;ngig, wobei man pro 1 g doppelt oder mehr unges&auml;ttigte Fetts&auml;uren mit 1 mg Vitamin E rechnet. In der Lebensmittel- und Kosmetikindustrie wird Vitamin E (chemisch als Tocopherole bezeichnet) zum Schutz von Lebensmitteln und Kosmetika gegen Ver&auml;nderungen durch den Luftsauerstoff zugesetzt.<\/p>\n<h3 class=\"western\"><\/h3>\n<h3 class=\"western\">Zink<\/h3>\n<p>Zink ist Bestandteil zahlreicher Enzyme sowie Proteine und somit an einer Vielzahl von Reaktionen im K&ouml;rper beteiligt, z. B. an Zellwachstum und Wundheilung, an verschiedenen Stoffwechselvorg&auml;ngen, im Immunsystem und bei der Fortpflanzung. Der Zinkbedarf ist stark abh&auml;ngig von einem zinkbindenden Pflanzeninhaltsstoff der Phytins&auml;ure. Sie findet sich in H&uuml;lsenfr&uuml;chten, Getreide und &Ouml;lsaaten und ist Bestandteil der Ballaststoffe. Phytins&auml;ure bzw. ihre Salze, die Phytate binden im Darm zahlreiche Mineralstoffe und reduzieren so ihre Aufnahme.<\/p>\n<h3 class=\"western\">Selen<\/h3>\n<p>Selen kann anstatt Schwefel Baustein von Aminos&auml;uren sein. Selen ist dar&uuml;ber hinaus auch Bestandteil eines wichtigen Enzyms, dass im K&ouml;rper Fetts&auml;uren vor der Oxidation durch Radikale sch&uuml;tzt. Dieses Enzym ist sehr wichtig f&uuml;r den K&ouml;rper. Der Selen Gehalt des Bodens variiert sehr stark von Region zu Region. Dadurch schwankt auch die Menge des Selens das in Getreide und in Fleisch enthalten ist.<\/p>\n","protected":false},"excerpt":{"rendered":"<div class=\"pvc_clear\"><\/div>\n<p id=\"pvc_stats_16310\" class=\"pvc_stats all  \" data-element-id=\"16310\" style=\"\"><i class=\"pvc-stats-icon medium\" aria-hidden=\"true\"><svg aria-hidden=\"true\" focusable=\"false\" data-prefix=\"far\" data-icon=\"chart-bar\" role=\"img\" xmlns=\"http:\/\/www.w3.org\/2000\/svg\" viewBox=\"0 0 512 512\" class=\"svg-inline--fa fa-chart-bar fa-w-16 fa-2x\"><path fill=\"currentColor\" d=\"M396.8 352h22.4c6.4 0 12.8-6.4 12.8-12.8V108.8c0-6.4-6.4-12.8-12.8-12.8h-22.4c-6.4 0-12.8 6.4-12.8 12.8v230.4c0 6.4 6.4 12.8 12.8 12.8zm-192 0h22.4c6.4 0 12.8-6.4 12.8-12.8V140.8c0-6.4-6.4-12.8-12.8-12.8h-22.4c-6.4 0-12.8 6.4-12.8 12.8v198.4c0 6.4 6.4 12.8 12.8 12.8zm96 0h22.4c6.4 0 12.8-6.4 12.8-12.8V204.8c0-6.4-6.4-12.8-12.8-12.8h-22.4c-6.4 0-12.8 6.4-12.8 12.8v134.4c0 6.4 6.4 12.8 12.8 12.8zM496 400H48V80c0-8.84-7.16-16-16-16H16C7.16 64 0 71.16 0 80v336c0 17.67 14.33 32 32 32h464c8.84 0 16-7.16 16-16v-16c0-8.84-7.16-16-16-16zm-387.2-48h22.4c6.4 0 12.8-6.4 12.8-12.8v-70.4c0-6.4-6.4-12.8-12.8-12.8h-22.4c-6.4 0-12.8 6.4-12.8 12.8v70.4c0 6.4 6.4 12.8 12.8 12.8z\" class=\"\"><\/path><\/svg><\/i> <img loading=\"lazy\" decoding=\"async\" width=\"16\" height=\"16\" alt=\"Loading\" src=\"https:\/\/www.bernd-leitenberger.de\/blog\/wp-content\/plugins\/page-views-count\/ajax-loader-2x.gif\" border=0 \/><\/p>\n<div class=\"pvc_clear\"><\/div>\n<p>Gestern habe ich beim Radioh&ouml;ren meines Haussender SWR1 Baden-W&uuml;rttemberg wieder geh&ouml;rt, das man nun bei dem erh&ouml;hten Erk&auml;ltungsrisiko mehr Vitamine zu sich nehmen sollte. Wie immer, kam da Vitamin C und Zink zur Sprache und wie immer die falsche Aussage, das Vitamin C und Zink bei Erk&auml;ltungen helfen. Das ist einer der &auml;ltesten Ern&auml;hrungsirrt&uuml;mer, 1930 [&hellip;]<\/p>\n","protected":false},"author":169,"featured_media":0,"comment_status":"open","ping_status":"closed","sticky":false,"template":"","format":"standard","meta":{"_jetpack_memberships_contains_paid_content":false,"footnotes":""},"categories":[1],"tags":[4514,4975,4973,327,4811,4974],"class_list":["post-16310","post","type-post","status-publish","format-standard","hentry","category-allgemein","tag-erkaeltung","tag-selen","tag-smoothie","tag-vitamin-c","tag-vitamin-d","tag-zink","entry"],"a3_pvc":{"activated":true,"total_views":188,"today_views":0},"jetpack_featured_media_url":"","jetpack-related-posts":[{"id":12013,"url":"https:\/\/www.bernd-leitenberger.de\/blog\/2016\/09\/27\/entstehung-von-leben-auf-der-erde-und-im-sonnensystem\/","url_meta":{"origin":16310,"position":0},"title":"Entstehung von Leben auf der Erde und im Sonnensystem","author":"Bernd Leitenberger","date":"27. September 2016","format":false,"excerpt":"Eines der Dauerbrennerthemen bei Sendungen \u00fcber Astronomie ist es, wo es noch Leben geben k\u00f6nnte. Man kann ja viel spekulieren \u00fcber fremde Planeten, doch am meisten wird nat\u00fcrlich \u00fcber Leben in unserem Sonnensystem spekuliert. Die NASA n\u00e4hrt das sehr gut, vor allem beim Mars. Auch wenn sie von \"Der Suche\u2026","rel":"","context":"In &quot;Allgemein&quot;","block_context":{"text":"Allgemein","link":"https:\/\/www.bernd-leitenberger.de\/blog\/category\/allgemein\/"},"img":{"alt_text":"","src":"http:\/\/vg02.met.vgwort.de\/na\/4e11b05707214a29aee07687a953aec8","width":350,"height":200},"classes":[]},{"id":18458,"url":"https:\/\/www.bernd-leitenberger.de\/blog\/2025\/10\/23\/die-agena-c-2\/","url_meta":{"origin":16310,"position":1},"title":"Die Agena C","author":"Bernd Leitenberger","date":"23. Oktober 2025","format":false,"excerpt":"Wie ihr sicher bemerkt habt, war es etwas ruhig hier im Blog. Der Grund ist ganz einfach, ich habe mich endlich entschlossen, einen Schlussstrich zu ziehen. Nein, nicht unter dem Blog. Seit f\u00fcnf Jahren will ich Band 2 des Apolloprogramms fertigstellen und habe in den letzten Jahren eigentlich immer nur\u2026","rel":"","context":"In &quot;Raumfahrt&quot;","block_context":{"text":"Raumfahrt","link":"https:\/\/www.bernd-leitenberger.de\/blog\/category\/raumfahrt\/"},"img":{"alt_text":"","src":"https:\/\/vg04.met.vgwort.de\/na\/d6474dec02b34cf385a0dfced0cffb64","width":350,"height":200},"classes":[]},{"id":18430,"url":"https:\/\/www.bernd-leitenberger.de\/blog\/2025\/10\/06\/treibstoffgewinnung-auf-dem-mars\/","url_meta":{"origin":16310,"position":2},"title":"Treibstoffgewinnung auf dem Mars","author":"Bernd Leitenberger","date":"6. Oktober 2025","format":false,"excerpt":"Bis es eine Kolonie auf dem Mars gibt wird es sicher noch Jahrzehnte dauern, wenn \u00fcberhaupt. Ich bin jetzt 60 und glaube nicht, das ich dies noch erleben werde. Chancen g\u00e4be es f\u00fcr eine Expedition, also einen Flug zum Mars, einen Aufenthalt dort, der aus himmelsmechanischen Gr\u00fcnden etwa eineinhalb Jahre\u2026","rel":"","context":"In &quot;Chemie&quot;","block_context":{"text":"Chemie","link":"https:\/\/www.bernd-leitenberger.de\/blog\/category\/chemie\/"},"img":{"alt_text":"","src":"https:\/\/vg01.met.vgwort.de\/na\/1098a0be1f3743bcb77eed3bd08301c5","width":350,"height":200},"classes":[]},{"id":5216,"url":"https:\/\/www.bernd-leitenberger.de\/blog\/2011\/08\/10\/fcea2\/","url_meta":{"origin":16310,"position":3},"title":"FCEA2","author":"Bernd Leitenberger","date":"10. August 2011","format":false,"excerpt":"CEA2 (Chemical Equilibrium with Applications) ist ein seit gut 30 Jahren entwickeltes NASA Programm mit dem verschiedenste Probleme bei Gasphasen berechnet werden k\u00f6nnen. Ich beschr\u00e4nke mich auf das, was Raumfahrtliebhaber wohl am meisten machen: Die Berechnung der Performance von Triebwerken bei Raketen. Ich will die Benutzung des Programmes einmal erl\u00e4utern,\u2026","rel":"","context":"In &quot;Raumfahrt&quot;","block_context":{"text":"Raumfahrt","link":"https:\/\/www.bernd-leitenberger.de\/blog\/category\/raumfahrt\/"},"img":{"alt_text":"","src":"https:\/\/vg01.met.vgwort.de\/na\/89efc24160614a1a93d97d19447e81a6","width":350,"height":200},"classes":[]},{"id":18406,"url":"https:\/\/www.bernd-leitenberger.de\/blog\/2025\/09\/23\/der-blogautor-von-der-ki-beurteilt\/","url_meta":{"origin":16310,"position":4},"title":"Der Blogautor von der KI beurteilt","author":"Bernd Leitenberger","date":"23. September 2025","format":false,"excerpt":"Ich nutze inzwischen auch eine KI. Prim\u00e4r zu Recherche, im Browser https:\/\/www.perplexity.ai die f\u00fcr Recherchen (nach Eigenauskunft) spezialisiert ist. Seit ich vor mehr als zwei Jahren die KI zum ersten Mal getestet habe, hat diese sich enorm gebessert. Sie fabuliert weniger und ist intelligenter. Damals konnte man noch die AI\u2026","rel":"","context":"In &quot;Allgemein&quot;","block_context":{"text":"Allgemein","link":"https:\/\/www.bernd-leitenberger.de\/blog\/category\/allgemein\/"},"img":{"alt_text":"","src":"https:\/\/vg01.met.vgwort.de\/na\/c334c52e97b74da9b82424a9e80c6d97","width":350,"height":200},"classes":[]},{"id":18539,"url":"https:\/\/www.bernd-leitenberger.de\/blog\/2026\/02\/24\/die-thor-delta-entwicklung-kompakt\/","url_meta":{"origin":16310,"position":5},"title":"Die Thor-Delta Entwicklung &#8211; kompakt","author":"Bernd Leitenberger","date":"24. Februar 2026","format":false,"excerpt":"Was die Delta von allen anderen Tr\u00e4gerasketen, nicht nur der USA, sondern auch weltweit, unterscheidet ist die enorme Anzahl an Versionen. Selbst wenn man die milit\u00e4rischen Varianten ausklammert, gibt es elf Versionen bei der Buchstabennummerierung und (wenn man die Delta 3 ausklammert, weil sie keine Delta-Stufe mehr einsetzt) acht Versionen\u2026","rel":"","context":"In &quot;Raumfahrt&quot;","block_context":{"text":"Raumfahrt","link":"https:\/\/www.bernd-leitenberger.de\/blog\/category\/raumfahrt\/"},"img":{"alt_text":"","src":"https:\/\/vg07.met.vgwort.de\/na\/59224b87a3b84e6fb74064a0157d7cfa","width":350,"height":200},"classes":[]}],"jetpack_sharing_enabled":true,"amp_enabled":true,"_links":{"self":[{"href":"https:\/\/www.bernd-leitenberger.de\/blog\/wp-json\/wp\/v2\/posts\/16310","targetHints":{"allow":["GET"]}}],"collection":[{"href":"https:\/\/www.bernd-leitenberger.de\/blog\/wp-json\/wp\/v2\/posts"}],"about":[{"href":"https:\/\/www.bernd-leitenberger.de\/blog\/wp-json\/wp\/v2\/types\/post"}],"author":[{"embeddable":true,"href":"https:\/\/www.bernd-leitenberger.de\/blog\/wp-json\/wp\/v2\/users\/169"}],"replies":[{"embeddable":true,"href":"https:\/\/www.bernd-leitenberger.de\/blog\/wp-json\/wp\/v2\/comments?post=16310"}],"version-history":[{"count":0,"href":"https:\/\/www.bernd-leitenberger.de\/blog\/wp-json\/wp\/v2\/posts\/16310\/revisions"}],"wp:attachment":[{"href":"https:\/\/www.bernd-leitenberger.de\/blog\/wp-json\/wp\/v2\/media?parent=16310"}],"wp:term":[{"taxonomy":"category","embeddable":true,"href":"https:\/\/www.bernd-leitenberger.de\/blog\/wp-json\/wp\/v2\/categories?post=16310"},{"taxonomy":"post_tag","embeddable":true,"href":"https:\/\/www.bernd-leitenberger.de\/blog\/wp-json\/wp\/v2\/tags?post=16310"}],"curies":[{"name":"wp","href":"https:\/\/api.w.org\/{rel}","templated":true}]}}