{"id":16765,"date":"2023-05-02T15:22:00","date_gmt":"2023-05-02T13:22:00","guid":{"rendered":"https:\/\/www.bernd-leitenberger.de\/blog\/?p=16765"},"modified":"2023-05-02T15:22:00","modified_gmt":"2023-05-02T13:22:00","slug":"die-zahl-fuer-heute-000780948","status":"publish","type":"post","link":"https:\/\/www.bernd-leitenberger.de\/blog\/2023\/05\/02\/die-zahl-fuer-heute-000780948\/","title":{"rendered":"Die Zahl f&uuml;r heute 0,00780948"},"content":{"rendered":"<div class=\"pvc_clear\"><\/div>\n<p id=\"pvc_stats_16765\" class=\"pvc_stats all  \" data-element-id=\"16765\" style=\"\"><i class=\"pvc-stats-icon medium\" aria-hidden=\"true\"><svg aria-hidden=\"true\" focusable=\"false\" data-prefix=\"far\" data-icon=\"chart-bar\" role=\"img\" xmlns=\"http:\/\/www.w3.org\/2000\/svg\" viewBox=\"0 0 512 512\" class=\"svg-inline--fa fa-chart-bar fa-w-16 fa-2x\"><path fill=\"currentColor\" d=\"M396.8 352h22.4c6.4 0 12.8-6.4 12.8-12.8V108.8c0-6.4-6.4-12.8-12.8-12.8h-22.4c-6.4 0-12.8 6.4-12.8 12.8v230.4c0 6.4 6.4 12.8 12.8 12.8zm-192 0h22.4c6.4 0 12.8-6.4 12.8-12.8V140.8c0-6.4-6.4-12.8-12.8-12.8h-22.4c-6.4 0-12.8 6.4-12.8 12.8v198.4c0 6.4 6.4 12.8 12.8 12.8zm96 0h22.4c6.4 0 12.8-6.4 12.8-12.8V204.8c0-6.4-6.4-12.8-12.8-12.8h-22.4c-6.4 0-12.8 6.4-12.8 12.8v134.4c0 6.4 6.4 12.8 12.8 12.8zM496 400H48V80c0-8.84-7.16-16-16-16H16C7.16 64 0 71.16 0 80v336c0 17.67 14.33 32 32 32h464c8.84 0 16-7.16 16-16v-16c0-8.84-7.16-16-16-16zm-387.2-48h22.4c6.4 0 12.8-6.4 12.8-12.8v-70.4c0-6.4-6.4-12.8-12.8-12.8h-22.4c-6.4 0-12.8 6.4-12.8 12.8v70.4c0 6.4 6.4 12.8 12.8 12.8z\" class=\"\"><\/path><\/svg><\/i> <img loading=\"lazy\" decoding=\"async\" width=\"16\" height=\"16\" alt=\"Loading\" src=\"https:\/\/www.bernd-leitenberger.de\/blog\/wp-content\/plugins\/page-views-count\/ajax-loader-2x.gif\" border=0 \/><\/p>\n<div class=\"pvc_clear\"><\/div>\n<p>Die heutige Zahl ist eigentlich ein Aufh&auml;nger. Und zwar ein Aufh&auml;nger f&uuml;r Kalender und ihre Bestimmung.<br \/>\n<img loading=\"lazy\" decoding=\"async\" src=\"https:\/\/vg04.met.vgwort.de\/na\/298f1b625287426ab6f04c21e7edb66a\" width=\"1\" height=\"1\" alt=\"\"\/><br \/>\nViele altert&uuml;mliche Bauwerke, die heute noch imposant sind, und es als sie entstanden und die meisten Menschen in eingeschossigen H&auml;usern oder H&uuml;tten lebten, noch viel eindrucksvoller sein mussten, werden mit Astronomie in Verbindung gebracht. Sie sind so ausgerichtet das die Sonne oder bestimmte Sterne zu wichtigen Zeitpunkten genau in der Verl&auml;ngerung einer Achse auf- oder untergehen. So Stonehenge und die obersten Etagen zahlreicher Majatempel. Auch die <a href=\"https:\/\/de.wikipedia.org\/wiki\/Himmelsscheibe_von_Nebra\">Himmelscheibe von Nebra<\/a> in der nicht nur viel Arbeit sondern auch wertvolles Edelmetall steckt soll f&uuml;r astronomische Zwecke angefertigt worden sein, ist aber mit Sicherheit auch ein Statussymbol und ein Kunstwerk.<!--more--><\/p>\n<p>Gesichert ist, das dies kein Zufall ist und die Leute so ein bestimmtes Datum im Jahr zweifelsfrei feststellen wollten. Alles was dar&uuml;ber hinausgeht ist jedoch Spekulation. Manche Autoren meinen, so w&uuml;rden wichtige Termine f&uuml;r die Landwirtschaft wie f&uuml;r die Aussaat oder Ernte bestimmt. Ich habe da meine Zweifel. Zum einen muss man daf&uuml;r nicht so einen riesigen Aufwand treiben. Zwei fest montierte Pf&auml;hle tun es auch. Zum anderen richten sich Bauer nach dem Wetter. Der April ist bei uns ein Monat in dem viel ausgebracht wird, ich wette, dass wurde diesen April der so verregnet und kalt war, aber oft verschoben. Viel eher glaube ich das zu diesen Zeitpunkten dann Feste gefeiet oder Rituale vollzogen werden, denn fast immer sind die Bauten ja auch religi&ouml;se Bauten. Wenn dann die Sonne genau durch eine &Ouml;ffnung fiel, den Rest des Jahres aber nicht, dann machte das bei den Gl&auml;ubigen Eindruck und gab auch das Startsignal f&uuml;r das Ritual oder Fest.<\/p>\n<p>Bei uns gab es vor dem Christentum Sonnenwendfeiern, am k&uuml;rzesten Tag des Jahres um den 21. Dezember. In Schweden ist bis heute die Zeit um den l&auml;ngsten Tag des Jahres ein Fest und nicht umsonst wurde Weihnachten von der Kirche auf einen Termin nahe der Sonnenwendfeiern gelegt, um die Germanen und Kelten die diese Feiern abhielten zu bewegen, doch die Religion zu wechseln. Denn wann Christus geboren wurde wei&szlig; man ja nicht.<\/p>\n<p>Die Sonne spielte also eine gro&szlig;e Rolle, doch die meisten fr&uuml;hen Kulturen richteten sich nach dem Mond. Er ist viel einfacher beobachtbar und zeigt deutliche Phasen. Beim Mond gibt es wie bei jedem Himmelsk&ouml;rper, den wir von der Erdoberfl&auml;che aus beobachten, zwei Perioden. Die eine ist seine \u201eechte\u201c Periode, seine Umlaufdauer. Diese betr&auml;gt beim Mond 27,32 Tage. In dieser Zeit steht er wider vor denselben Sternen, die man bei der Betrachtung als ortsfest, also unver&auml;nderlich ansieht (in der Realit&auml;t bewegen sie sich auch, aber ihre Bewegung ist so klein, dass sie nur mit astronomischen Instrumenten messbar ist). Aber die Erde dreht sich um ihre eigene Achse und in einem Jahr um die Sonne. Beim Mond orientieren wir uns an den Mondphasen und die haben mit dem Winkel Mond-Sonne zu tun. Der &auml;ndert sich weil in den 27,32 Tagen die Erde ein St&uuml;ck um die Sonne weitergewandert ist und der Mond, weil er um die Erde kreist auch. Eine Bewegung relativ zu den Sternen nennt man <a href=\"https:\/\/de.wikipedia.org\/wiki\/Siderische_Periode\">siderische Periode<\/a>. Der synodische Monat ist ist daher l&auml;nger, 29,54 Tage.Diese Perioden \u2013 siderische und synodische gibt es auch bei den Planeten, der Tagesl&auml;nge und der Jahresl&auml;nge.<\/p>\n<p>Da der synodische Monat des Mondes nahe 30 Tagen ist nahmen viele Kulturen ihn als Referenz und h&auml;ngten, damit er synchronisiert mit der Bewegung der Erde um die Sonne ist \u2013 sonst w&uuml;rden Termine wie l&auml;ngster Tag, Tag\/Nachtgleiche etc. sich dauernd verschieben noch einige Feiertage in jedes Jahr ein. Alternativ lebt man damit, immerhin gibt es zwischen synodischen Monat und siderischem Monat eine <a href=\"https:\/\/de.wikipedia.org\/wiki\/Saroszyklus\">gemeinsame Periode<\/a> von 18 Jahren nach der beide Himmelsk&ouml;rper wieder die gleichen relativen Positionen haben.<\/p>\n<p>Das man sich nach der Sonne richtet, war aber im Altertum die Ausnahme und nun komme ich zu meinem Hauptthema, n&auml;mlich dem Kalender und Schalttagen. Unserer heutiger Kalender geht auf Julius C&auml;sar zur&uuml;ck, der ihn aber auch nicht erfand. Er kam aber 47 v. Chr. nach &Auml;gypten und lernte dort den <a href=\"https:\/\/de.wikipedia.org\/wiki\/%C3%84gyptischer_Kalender\">&auml;gyptischen Kalender<\/a> einen Sonnenkalender kennen. Essentiell f&uuml;r &Auml;gypten war die Nilschwemme und ihre Vorhersage. Da diese auf Schmelzwasser im &auml;thiopischen Hochland beruht, war es wichtig den Zeitpunkt im Fr&uuml;hjahr zu kennen und der hing eben vom Sonnenstand und nicht Mondstand ab. Die &Auml;gypter haben schon damals einen Kalender von 360 Tagen plus 5 bis 6 Extra Tagen gehabt. Die R&ouml;mer dagegen einen Mondkalender. Julius C&auml;sar &uuml;bernahm das Konzept, aber ohne Extratage. Stattdessen f&uuml;hrte er alle vier Jahre einen Schalttag ein. Sp&auml;ter wurde wegen dieser <a href=\"https:\/\/de.wikipedia.org\/wiki\/Kalenderreform_des_Gaius_Iulius_Caesar\">Kalenderreform<\/a> sogar ein Monat nach ihm benannt, der Juli.<\/p>\n<p>Nun erst komme ich zu meinem Kernthema, n&auml;mlich der Zahl 0,00780948. Der julianische Kalender war toll, aber das Jahr dauert exakt 365,242.190.52 Tage. Astronomen bezeichnen es als das <a href=\"..\/..\/..\/..\/Documents\/Dokumente\/Webseite%20Artikel\/ropisches%20Jahr\">tropische Jahr<\/a>. 365 Tage pro Jahr und alle vier Jahre ein Schalttag ergeben in einem Vierjahreszyklus genau 365,25 Tage pro Jahr. Die Abweichung vom tropischen Jahr betr&auml;gt damit im Mittel &uuml;ber vier Jahre 0,00780948 Tage pro Jahr. Eine kleine Abweichung aber sie summiert sich &uuml;ber die Zeit. Nach 128 Jahren betr&auml;gt sie schon einen Tag. Somit verschieben sich feste Daten im Jahr wie die Sonnenwenden oder Tag-\/Nachtgleichen. Besser feststellen kann man das bei der Position der Sterne, zwar gibt es hier auch einen Fehler, weil wir hier vom siderischen Jahr reden, aber die Abweichung ist gering und sie macht die Verschiebung mit. Das f&auml;llt im Laufe der Zeit den Astronomen auf, aber auch der christlichen Kirche, denn die definiert einige Ereignisse astronomisch. Ostern ist am ersten Vollmondtag nach der Fr&uuml;hjahrs-Tag und Nachtgleiche. Der Beginn der Fastenzeit ist genau 40 Tage fr&uuml;her, das ist zugleich das Ende von Fasnacht (Aschermittwoch). <a href=\"https:\/\/de.wikipedia.org\/wiki\/Pfingsten#Pfingstdatum\">Pfingsten<\/a> ist dagegen sieben Wochen nach Ostern. Christi Himmelfahrt ist 40 Tage nach Ostern. Es h&auml;ngen also an dem Osterdatum drei weitere wichtige Feiertage bzw. Perioden ab. Wenn nun pro 128 Jahre sich der Kalender um 1 Tag verschiebt so kann man leicht ausrechnen, das um 1500 die Verschiebung 11 bis 12 Tage betr&auml;gt und das f&auml;llt auf. Nat&uuml;rlich wird Ostern immer noch am ersten Sonntag nach dem 21. M&auml;rz gefeiert, aber dieser Tag f&auml;llt nicht mehr auf die Tag- und Nachtgleiche sondern ist gegen&uuml;ber dem Datum verschoben, das er hatte als Jesus Christus starb. Festgelegt wurde das Datum aber erst bei einem Kirchenkonzil im Jahre 325. Nach dem julianischen Kalender w&auml;re z.B. die Tag-\/Nachtgleiche zur Zeit Christi (oder der Regierungszeit von Augustus) am 23. M&auml;rz, und nicht am 21. M&auml;rz gewesen.<\/p>\n<p>1582 machte der Papst Gregor VIII eine erneute <a href=\"https:\/\/de.wikipedia.org\/wiki\/Gregorianischer_Kalender#Reformjahr_1582\">Kalenderreform<\/a> um wieder astronomische Festlegung von Feiertagen und echtes Datum in Einklang zu bringen. Die Reform verzichtet auf den Schalttag, wenn das Jahr durch 100 ohne Rest teilbar ist, also z. B. im Jahr 1900. Wenn das Jahr durch 400 ohne Rest teilbar ist, so findet der Schalttag aber statt, also z.B. im Jahr 2000. Das reduziert die Periode des Jahres um 7,5 x 10<sup>-3<\/sup> Tage, l&auml;sst also nur noch einen Fehler von 3,0948&#215;10<sup>-4<\/sup> Tagen pro Jahr. Das ist eine Abweichung von einem Tag in 3231 Jahren. Da die Reform im Jahre 1582 erfolgte, wird man sich so um das Jahr 4.800 wohl wieder einen Schalttag einsparen m&uuml;ssen. Damit nun auch die astronomische Festlegung stimmt, entfielen im Jahr 1582 die elf Tage zwischen dem 4 und 15 Oktober. Also zumindest in der katholischen Kirche, womit sie bis die anderen Kirchen nachzogen einen anderen Kalender hatten als die restlichen Christen. Die lie&szlig;en sich zum Teile lange Zeit. Die protestantischen Kirchen in Deutschland (genauer gesagt dem heiligen r&ouml;mischen Reich deutscher Nation) zogen erst 1700 nach. Frankreich durch Bonaparte 1806 und Russland 1918, als letztes folgte Griechenland 1923. Das muss lustig gewesen sein damals zu reisen, ohne Zeitmaschine konnte man fr&uuml;her ankommen als man losgefahren ist. Was mich interessiert ob man auch die Wochentage angepasst hat. Wenn 11 Tage wegfallen dann r&uuml;ckt man in der Woche ja eigentlich um vier Tage vor. Also wenn in Grafschaft A es Mittwochs ist, m&uuml;sste es in katholischem Nachbarbistum B dann schon Sonntag sein.<\/p>\n<p>In kleinem Ma&szlig; gibt es auch sonst Abweichungen, so rotiert die Erde immer langsamer und die Rotationsperiode kann sich auch durch Erdbeben oder Massenverlagerungen (Kontinentaldrift) verschieben, sodass ab und an eine Schaltsekunde eingef&uuml;hrt wird.<\/p>\n<p>Diese Episode ist aber bezeichnend wie verschiedene Religionen festgelegt sind auf ihre Rituale. W&auml;hrend n&auml;mlich die meisten evangelischen Kirchen diese Reform, obwohl sie von der katholischen Kirche kam, schnell &uuml;bernahmen blieben andere Kirchen beim julianischen Kalender. Die bekannteste ist die orthodoxe Kirche die beim julianischen Kalender blieb und so auch der russische Staat bis in 20 Jahrhundert. So feiert bis heute Russland seine Oktoberrevolution bis heute im November, weil sie erst nach der Oktoberrevolution den gregorianischen Kalender zumindest f&uuml;r den Staat &uuml;bernahmen, die Kirche blieb aber immer noch beim julianischen Kalender. Das Thema kam dieses Jahr nochmals in die Schlagzeilen, als die ukrainische orthodoxe Kirche um sich von der russisch-orthodoxen Kirche abzugrenzen, die voll auf Putins Kriegskurs ist, Ostern zweimal feierte: einmal nach dem gregorianischen Kalender und f&uuml;r alle die sich nicht umgew&ouml;hnen wollen, nochmals nach dem julianischen Kalender.<\/p>\n<p>Mir tun auch die Moslems bei uns \u2013 die meisten Moslems in Europa leben ja in Deutschland &#8211; leid, noch mehr die Muslime die es in noch n&ouml;rdlichere Gefilde verschlagen hat. Denn der Fastenmonat Ramadan hat f&uuml;r alle die nicht wie der Religionsgr&uuml;nder Mohammed nahe des &Auml;quators leben, zwei Nachteile. Er ist nicht &uuml;ber das Sonnenjahr definiert, sondern &uuml;ber einen Mondkalender, wandert also durchs Jahr. Er kann mal im Dezember\/Januar liegen und mal im Juni\/Juli. Im einen Fall ist es bei uns rund 16 Stunden lang Nacht und im anderen nur sieben Stunden. Ramadan im Juni ist jetzt keine gro&szlig;e Einschr&auml;nkung. Die Gl&auml;ubigen d&uuml;rfen in <a href=\"https:\/\/de.wikipedia.org\/wiki\/Ramadan#Fastenpflicht\">der Zeit<\/a> von Sonnenaufgang bis Sonnenuntergang ja nichts essen und &#8211; was ich als h&auml;rter empfinde &#8211; auch nichts trinken. Mich w&uuml;rde wirklich interessieren ob es jenseits des Polarkreises noch gl&auml;ubige Muslime gibt, die sich an den Ramadan halten, denn dort ist es im Winter so, dass die Sonne gar nicht aufgeht. Alles was jenseits von 66,7 Grad n&ouml;rdlicher Breite liegt hat pro Jahr eine Polarnacht und einen Polartag.<\/p>\n","protected":false},"excerpt":{"rendered":"<div class=\"pvc_clear\"><\/div>\n<p id=\"pvc_stats_16765\" class=\"pvc_stats all  \" data-element-id=\"16765\" style=\"\"><i class=\"pvc-stats-icon medium\" aria-hidden=\"true\"><svg aria-hidden=\"true\" focusable=\"false\" data-prefix=\"far\" data-icon=\"chart-bar\" role=\"img\" xmlns=\"http:\/\/www.w3.org\/2000\/svg\" viewBox=\"0 0 512 512\" class=\"svg-inline--fa fa-chart-bar fa-w-16 fa-2x\"><path fill=\"currentColor\" d=\"M396.8 352h22.4c6.4 0 12.8-6.4 12.8-12.8V108.8c0-6.4-6.4-12.8-12.8-12.8h-22.4c-6.4 0-12.8 6.4-12.8 12.8v230.4c0 6.4 6.4 12.8 12.8 12.8zm-192 0h22.4c6.4 0 12.8-6.4 12.8-12.8V140.8c0-6.4-6.4-12.8-12.8-12.8h-22.4c-6.4 0-12.8 6.4-12.8 12.8v198.4c0 6.4 6.4 12.8 12.8 12.8zm96 0h22.4c6.4 0 12.8-6.4 12.8-12.8V204.8c0-6.4-6.4-12.8-12.8-12.8h-22.4c-6.4 0-12.8 6.4-12.8 12.8v134.4c0 6.4 6.4 12.8 12.8 12.8zM496 400H48V80c0-8.84-7.16-16-16-16H16C7.16 64 0 71.16 0 80v336c0 17.67 14.33 32 32 32h464c8.84 0 16-7.16 16-16v-16c0-8.84-7.16-16-16-16zm-387.2-48h22.4c6.4 0 12.8-6.4 12.8-12.8v-70.4c0-6.4-6.4-12.8-12.8-12.8h-22.4c-6.4 0-12.8 6.4-12.8 12.8v70.4c0 6.4 6.4 12.8 12.8 12.8z\" class=\"\"><\/path><\/svg><\/i> <img loading=\"lazy\" decoding=\"async\" width=\"16\" height=\"16\" alt=\"Loading\" src=\"https:\/\/www.bernd-leitenberger.de\/blog\/wp-content\/plugins\/page-views-count\/ajax-loader-2x.gif\" border=0 \/><\/p>\n<div class=\"pvc_clear\"><\/div>\n<p>Die heutige Zahl ist eigentlich ein Aufh&auml;nger. Und zwar ein Aufh&auml;nger f&uuml;r Kalender und ihre Bestimmung. Viele altert&uuml;mliche Bauwerke, die heute noch imposant sind, und es als sie entstanden und die meisten Menschen in eingeschossigen H&auml;usern oder H&uuml;tten lebten, noch viel eindrucksvoller sein mussten, werden mit Astronomie in Verbindung gebracht. Sie sind so ausgerichtet das [&hellip;]<\/p>\n","protected":false},"author":169,"featured_media":0,"comment_status":"open","ping_status":"closed","sticky":false,"template":"","format":"standard","meta":{"_jetpack_memberships_contains_paid_content":false,"footnotes":""},"categories":[4532],"tags":[4504,4505,4502,4613,4612],"class_list":["post-16765","post","type-post","status-publish","format-standard","hentry","category-die-zahl-fuer-heute","tag-gregorianischer-kalender","tag-julianischer-kalender","tag-kalender","tag-siderisch","tag-synodisch","entry"],"a3_pvc":{"activated":true,"total_views":326,"today_views":0},"jetpack_featured_media_url":"","jetpack-related-posts":[{"id":18406,"url":"https:\/\/www.bernd-leitenberger.de\/blog\/2025\/09\/23\/der-blogautor-von-der-ki-beurteilt\/","url_meta":{"origin":16765,"position":0},"title":"Der Blogautor von der KI beurteilt","author":"Bernd Leitenberger","date":"23. September 2025","format":false,"excerpt":"Ich nutze inzwischen auch eine KI. Prim\u00e4r zu Recherche, im Browser https:\/\/www.perplexity.ai die f\u00fcr Recherchen (nach Eigenauskunft) spezialisiert ist. Seit ich vor mehr als zwei Jahren die KI zum ersten Mal getestet habe, hat diese sich enorm gebessert. Sie fabuliert weniger und ist intelligenter. Damals konnte man noch die AI\u2026","rel":"","context":"In &quot;Allgemein&quot;","block_context":{"text":"Allgemein","link":"https:\/\/www.bernd-leitenberger.de\/blog\/category\/allgemein\/"},"img":{"alt_text":"","src":"https:\/\/vg01.met.vgwort.de\/na\/c334c52e97b74da9b82424a9e80c6d97","width":350,"height":200},"classes":[]},{"id":16773,"url":"https:\/\/www.bernd-leitenberger.de\/blog\/2023\/05\/07\/die-spacex-wetten\/","url_meta":{"origin":16765,"position":1},"title":"Die SpaceX Wetten","author":"Bernd Leitenberger","date":"7. Mai 2023","format":false,"excerpt":"Da immer wieder behauptet wird ich h\u00e4tte alle meine Wetten verloren, habe ich mir mal die M\u00fche gemacht alle zusammenzusuchen (nun ja alle die ich finden konnte, wer noch weitere findet bitte hier einen Kommentar mit Link bloggen: 4.10.2008: Wette das ich die Falcon 9 Nutzlast genauer berechnen kann als\u2026","rel":"","context":"In &quot;SpaceX&quot;","block_context":{"text":"SpaceX","link":"https:\/\/www.bernd-leitenberger.de\/blog\/category\/raumfahrt\/spacex\/"},"img":{"alt_text":"","src":"https:\/\/i0.wp.com\/www.bernd-leitenberger.de\/img\/starship-v4-tabelle.jpg?resize=350%2C200&ssl=1","width":350,"height":200,"srcset":"https:\/\/i0.wp.com\/www.bernd-leitenberger.de\/img\/starship-v4-tabelle.jpg?resize=350%2C200&ssl=1 1x, https:\/\/i0.wp.com\/www.bernd-leitenberger.de\/img\/starship-v4-tabelle.jpg?resize=525%2C300&ssl=1 1.5x, https:\/\/i0.wp.com\/www.bernd-leitenberger.de\/img\/starship-v4-tabelle.jpg?resize=700%2C400&ssl=1 2x"},"classes":[]},{"id":12013,"url":"https:\/\/www.bernd-leitenberger.de\/blog\/2016\/09\/27\/entstehung-von-leben-auf-der-erde-und-im-sonnensystem\/","url_meta":{"origin":16765,"position":2},"title":"Entstehung von Leben auf der Erde und im Sonnensystem","author":"Bernd Leitenberger","date":"27. September 2016","format":false,"excerpt":"Eines der Dauerbrennerthemen bei Sendungen \u00fcber Astronomie ist es, wo es noch Leben geben k\u00f6nnte. Man kann ja viel spekulieren \u00fcber fremde Planeten, doch am meisten wird nat\u00fcrlich \u00fcber Leben in unserem Sonnensystem spekuliert. Die NASA n\u00e4hrt das sehr gut, vor allem beim Mars. Auch wenn sie von \"Der Suche\u2026","rel":"","context":"In &quot;Allgemein&quot;","block_context":{"text":"Allgemein","link":"https:\/\/www.bernd-leitenberger.de\/blog\/category\/allgemein\/"},"img":{"alt_text":"","src":"http:\/\/vg02.met.vgwort.de\/na\/4e11b05707214a29aee07687a953aec8","width":350,"height":200},"classes":[]},{"id":18603,"url":"https:\/\/www.bernd-leitenberger.de\/blog\/2026\/03\/12\/politikverdruss\/","url_meta":{"origin":16765,"position":3},"title":"Politikverdruss","author":"Bernd Leitenberger","date":"12. M\u00e4rz 2026","format":false,"excerpt":"Bei uns wurde in BW gew\u00e4hlt und nat\u00fcrlich gab es jede Menge Sendungen im Radio und Fernsehen mit den Spitzenkandidaten. Ich habe mir die SWR1 Reihe \"Leute\", ein Radio-Talkformat mit den Spitzenkandidaten angeh\u00f6rt und nehme das mal als Aufh\u00e4nger etwas \u00fcber das zu schreiben was mich an der Politik in\u2026","rel":"","context":"In &quot;Allgemein&quot;","block_context":{"text":"Allgemein","link":"https:\/\/www.bernd-leitenberger.de\/blog\/category\/allgemein\/"},"img":{"alt_text":"","src":"https:\/\/vg07.met.vgwort.de\/na\/9297ac798f9047d9a27f46008ab7fa99","width":350,"height":200},"classes":[]},{"id":18627,"url":"https:\/\/www.bernd-leitenberger.de\/blog\/2026\/04\/05\/artemis-ii\/","url_meta":{"origin":16765,"position":4},"title":"Artemis II","author":"Bernd Leitenberger","date":"5. April 2026","format":false,"excerpt":"Seit gestern ist nun die Artemis II Mission auf dem Mond, wenige Tage zuvor hat NASA Administrator Isaac Jaredmann neue Pl\u00e4ne ank\u00fcndigt. Zeit mal was dazu zu schreiben. Ich fange aber mit was an was zusammenh\u00e4ngt: Die Verseichtung. Keine Ahnung ob es den Begriff schon gibt, ich beschreibe damit das\u2026","rel":"","context":"In &quot;Raumfahrt&quot;","block_context":{"text":"Raumfahrt","link":"https:\/\/www.bernd-leitenberger.de\/blog\/category\/raumfahrt\/"},"img":{"alt_text":"","src":"https:\/\/vg07.met.vgwort.de\/na\/9a9d83018f8447148efa0d8328798e18","width":350,"height":200},"classes":[]},{"id":15301,"url":"https:\/\/www.bernd-leitenberger.de\/blog\/2021\/04\/20\/nachlese-zum-human-landing-system-hls-kontrakt\/","url_meta":{"origin":16765,"position":5},"title":"Nachlese zum Human Landing System (HLS) Kontrakt","author":"Bernd Leitenberger","date":"20. April 2021","format":false,"excerpt":"\ufeffWie bereits bekannt und hier auch schon kommentiert, hat die NASA am Wochenende SpaceX den Vertrag \u00fcber das HLS in einer H\u00f6he von 2,89 Milliarden Dollar vergeben. Ich habe zuerst \u00fcberlegt, ob ich das in der Aprilnachlese zu SpaceX thematisieren sollte, aber da die Kritik daran eigentlich nur teilweise mit\u2026","rel":"","context":"In &quot;Raumfahrt&quot;","block_context":{"text":"Raumfahrt","link":"https:\/\/www.bernd-leitenberger.de\/blog\/category\/raumfahrt\/"},"img":{"alt_text":"","src":"https:\/\/vg01.met.vgwort.de\/na\/352f2778c491440a9f73c731c5880d09","width":350,"height":200},"classes":[]}],"jetpack_sharing_enabled":true,"amp_enabled":true,"_links":{"self":[{"href":"https:\/\/www.bernd-leitenberger.de\/blog\/wp-json\/wp\/v2\/posts\/16765","targetHints":{"allow":["GET"]}}],"collection":[{"href":"https:\/\/www.bernd-leitenberger.de\/blog\/wp-json\/wp\/v2\/posts"}],"about":[{"href":"https:\/\/www.bernd-leitenberger.de\/blog\/wp-json\/wp\/v2\/types\/post"}],"author":[{"embeddable":true,"href":"https:\/\/www.bernd-leitenberger.de\/blog\/wp-json\/wp\/v2\/users\/169"}],"replies":[{"embeddable":true,"href":"https:\/\/www.bernd-leitenberger.de\/blog\/wp-json\/wp\/v2\/comments?post=16765"}],"version-history":[{"count":0,"href":"https:\/\/www.bernd-leitenberger.de\/blog\/wp-json\/wp\/v2\/posts\/16765\/revisions"}],"wp:attachment":[{"href":"https:\/\/www.bernd-leitenberger.de\/blog\/wp-json\/wp\/v2\/media?parent=16765"}],"wp:term":[{"taxonomy":"category","embeddable":true,"href":"https:\/\/www.bernd-leitenberger.de\/blog\/wp-json\/wp\/v2\/categories?post=16765"},{"taxonomy":"post_tag","embeddable":true,"href":"https:\/\/www.bernd-leitenberger.de\/blog\/wp-json\/wp\/v2\/tags?post=16765"}],"curies":[{"name":"wp","href":"https:\/\/api.w.org\/{rel}","templated":true}]}}