{"id":17030,"date":"2023-08-10T09:53:10","date_gmt":"2023-08-10T07:53:10","guid":{"rendered":"https:\/\/www.bernd-leitenberger.de\/blog\/?p=17030"},"modified":"2023-08-11T19:24:51","modified_gmt":"2023-08-11T17:24:51","slug":"die-r-16","status":"publish","type":"post","link":"https:\/\/www.bernd-leitenberger.de\/blog\/2023\/08\/10\/die-r-16\/","title":{"rendered":"Die R-16"},"content":{"rendered":"<div class=\"pvc_clear\"><\/div>\n<p id=\"pvc_stats_17030\" class=\"pvc_stats all  \" data-element-id=\"17030\" style=\"\"><i class=\"pvc-stats-icon medium\" aria-hidden=\"true\"><svg aria-hidden=\"true\" focusable=\"false\" data-prefix=\"far\" data-icon=\"chart-bar\" role=\"img\" xmlns=\"http:\/\/www.w3.org\/2000\/svg\" viewBox=\"0 0 512 512\" class=\"svg-inline--fa fa-chart-bar fa-w-16 fa-2x\"><path fill=\"currentColor\" d=\"M396.8 352h22.4c6.4 0 12.8-6.4 12.8-12.8V108.8c0-6.4-6.4-12.8-12.8-12.8h-22.4c-6.4 0-12.8 6.4-12.8 12.8v230.4c0 6.4 6.4 12.8 12.8 12.8zm-192 0h22.4c6.4 0 12.8-6.4 12.8-12.8V140.8c0-6.4-6.4-12.8-12.8-12.8h-22.4c-6.4 0-12.8 6.4-12.8 12.8v198.4c0 6.4 6.4 12.8 12.8 12.8zm96 0h22.4c6.4 0 12.8-6.4 12.8-12.8V204.8c0-6.4-6.4-12.8-12.8-12.8h-22.4c-6.4 0-12.8 6.4-12.8 12.8v134.4c0 6.4 6.4 12.8 12.8 12.8zM496 400H48V80c0-8.84-7.16-16-16-16H16C7.16 64 0 71.16 0 80v336c0 17.67 14.33 32 32 32h464c8.84 0 16-7.16 16-16v-16c0-8.84-7.16-16-16-16zm-387.2-48h22.4c6.4 0 12.8-6.4 12.8-12.8v-70.4c0-6.4-6.4-12.8-12.8-12.8h-22.4c-6.4 0-12.8 6.4-12.8 12.8v70.4c0 6.4 6.4 12.8 12.8 12.8z\" class=\"\"><\/path><\/svg><\/i> <img loading=\"lazy\" decoding=\"async\" width=\"16\" height=\"16\" alt=\"Loading\" src=\"https:\/\/www.bernd-leitenberger.de\/blog\/wp-content\/plugins\/page-views-count\/ajax-loader-2x.gif\" border=0 \/><\/p>\n<div class=\"pvc_clear\"><\/div>\n<p>Auch heute wieder anstatt einem neuen Blog einen artikel. Ich habe mir vorgenommen jetzt auch noch die ICBM Russlands zu besprechen, einfach weil ich selbst mehr &uuml;ber sie wissen wollte. Heute geht es um die bekannteste, n&auml;mlich die R-16, vor allem bekannt geworden durch die Nedelin Katastrophe. Den Artikel findet ihr wie immer auf der <a href=\"https:\/\/www.bernd-leitenberger.de\/R-16.shtml\">Website<\/a> und Diskutieren k&ouml;nnt ihr hier.<br \/>\n<img loading=\"lazy\" decoding=\"async\" src=\"https:\/\/vg04.met.vgwort.de\/na\/de35c436f3954c47b2baa2c3ca44fd9c\" alt=\"\" width=\"1\" height=\"1\" \/><br \/>\nDamit ihr was zu diskutieren habt: als ich gestern ein Paket abholen musste fiel mein Bick auf ein Magazin mit dem Titel &#8222;AfD Sommer&#8220; und was mich noch mehr verst&ouml;rte, Alice Weidel auf der Titelseite im Badeanzug. Es gibt tats&auml;chlich ein Afd eigenes Magazin namens <a href=\"https:\/\/de.wikipedia.org\/wiki\/Compact_(Magazin)\">Compact<\/a> und das hatte die Postfiliale mit Zeitschriftenverkauf, wahrscheinlich weil der Besitzer der AfD nahesteht.<\/p>\n<p><img decoding=\"async\" src=\"https:\/\/www.compact-shop.de\/wp-content\/uploads\/2023\/07\/COMPACT_2023_08_Cover_shop.jpg\" width=\"50%\" height=\"50%\" \/><\/p>\n","protected":false},"excerpt":{"rendered":"<div class=\"pvc_clear\"><\/div>\n<p id=\"pvc_stats_17030\" class=\"pvc_stats all  \" data-element-id=\"17030\" style=\"\"><i class=\"pvc-stats-icon medium\" aria-hidden=\"true\"><svg aria-hidden=\"true\" focusable=\"false\" data-prefix=\"far\" data-icon=\"chart-bar\" role=\"img\" xmlns=\"http:\/\/www.w3.org\/2000\/svg\" viewBox=\"0 0 512 512\" class=\"svg-inline--fa fa-chart-bar fa-w-16 fa-2x\"><path fill=\"currentColor\" d=\"M396.8 352h22.4c6.4 0 12.8-6.4 12.8-12.8V108.8c0-6.4-6.4-12.8-12.8-12.8h-22.4c-6.4 0-12.8 6.4-12.8 12.8v230.4c0 6.4 6.4 12.8 12.8 12.8zm-192 0h22.4c6.4 0 12.8-6.4 12.8-12.8V140.8c0-6.4-6.4-12.8-12.8-12.8h-22.4c-6.4 0-12.8 6.4-12.8 12.8v198.4c0 6.4 6.4 12.8 12.8 12.8zm96 0h22.4c6.4 0 12.8-6.4 12.8-12.8V204.8c0-6.4-6.4-12.8-12.8-12.8h-22.4c-6.4 0-12.8 6.4-12.8 12.8v134.4c0 6.4 6.4 12.8 12.8 12.8zM496 400H48V80c0-8.84-7.16-16-16-16H16C7.16 64 0 71.16 0 80v336c0 17.67 14.33 32 32 32h464c8.84 0 16-7.16 16-16v-16c0-8.84-7.16-16-16-16zm-387.2-48h22.4c6.4 0 12.8-6.4 12.8-12.8v-70.4c0-6.4-6.4-12.8-12.8-12.8h-22.4c-6.4 0-12.8 6.4-12.8 12.8v70.4c0 6.4 6.4 12.8 12.8 12.8z\" class=\"\"><\/path><\/svg><\/i> <img loading=\"lazy\" decoding=\"async\" width=\"16\" height=\"16\" alt=\"Loading\" src=\"https:\/\/www.bernd-leitenberger.de\/blog\/wp-content\/plugins\/page-views-count\/ajax-loader-2x.gif\" border=0 \/><\/p>\n<div class=\"pvc_clear\"><\/div>\n<p>Auch heute wieder anstatt einem neuen Blog einen artikel. Ich habe mir vorgenommen jetzt auch noch die ICBM Russlands zu besprechen, einfach weil ich selbst mehr &uuml;ber sie wissen wollte. Heute geht es um die bekannteste, n&auml;mlich die R-16, vor allem bekannt geworden durch die Nedelin Katastrophe. Den Artikel findet ihr wie immer auf der [&hellip;]<\/p>\n","protected":false},"author":169,"featured_media":0,"comment_status":"open","ping_status":"closed","sticky":false,"template":"","format":"standard","meta":{"_jetpack_newsletter_access":"","_jetpack_dont_email_post_to_subs":false,"_jetpack_newsletter_tier_id":0,"_jetpack_memberships_contains_paywalled_content":false,"_jetpack_memberships_contains_paid_content":false,"footnotes":""},"categories":[3],"tags":[5101,5102,5100],"class_list":["post-17030","post","type-post","status-publish","format-standard","hentry","category-raumfahrt","tag-nedelin","tag-nedelin-katastrophe","tag-r-16","entry"],"a3_pvc":{"activated":true,"total_views":771,"today_views":0},"jetpack-related-posts":[{"id":18745,"url":"https:\/\/www.bernd-leitenberger.de\/blog\/2026\/07\/02\/die-autofahrerpartei\/","url_meta":{"origin":17030,"position":0},"title":"Die Autofahrerpartei","author":"Bernd Leitenberger","date":"02.07.2026","format":false,"excerpt":"Heute (also wenn ich das schreibe ist es der 30. Juni) l\u00e4uft der Tankrabatt aus. Schon vorher kamen Forderungen ihn zu verl\u00e4ngern, so vom Bauernverband, der \u00fcber gestiegene Dieselpreise und D\u00fcngerkosten klagt. Dabei ist das Konzept ja nicht neu. Politiker haben ja ein kurzes Ged\u00e4chtnis, aber ich kann mich noch\u2026","rel":"","context":"In &quot;Satire und Fiction&quot;","block_context":{"text":"Satire und Fiction","link":"https:\/\/www.bernd-leitenberger.de\/blog\/category\/satire\/"},"img":{"alt_text":"","src":"https:\/\/vg08.met.vgwort.de\/na\/688b6d887944438ab00ba3096ded5912","width":350,"height":200},"classes":[]},{"id":18603,"url":"https:\/\/www.bernd-leitenberger.de\/blog\/2026\/03\/12\/politikverdruss\/","url_meta":{"origin":17030,"position":1},"title":"Politikverdruss","author":"Bernd Leitenberger","date":"12.03.2026","format":false,"excerpt":"Bei uns wurde in BW gew\u00e4hlt und nat\u00fcrlich gab es jede Menge Sendungen im Radio und Fernsehen mit den Spitzenkandidaten. Ich habe mir die SWR1 Reihe \"Leute\", ein Radio-Talkformat mit den Spitzenkandidaten angeh\u00f6rt und nehme das mal als Aufh\u00e4nger etwas \u00fcber das zu schreiben was mich an der Politik in\u2026","rel":"","context":"In &quot;Allgemein&quot;","block_context":{"text":"Allgemein","link":"https:\/\/www.bernd-leitenberger.de\/blog\/category\/allgemein\/"},"img":{"alt_text":"","src":"https:\/\/vg07.met.vgwort.de\/na\/9297ac798f9047d9a27f46008ab7fa99","width":350,"height":200},"classes":[]},{"id":5088,"url":"https:\/\/www.bernd-leitenberger.de\/blog\/2011\/07\/14\/das-ende-des-space-shuttles-der-fehlende-nachfolger\/","url_meta":{"origin":17030,"position":2},"title":"Das Ende des Space Shuttles &#8211; der fehlende Nachfolger","author":"Bernd Leitenberger","date":"14.07.2011","format":false,"excerpt":"Nun da Atlantis die letzte Reise eines Shuttles durchf?hrt, ist es Zeit die lockere Serie ?ber das Shuttle zu Ende zu schreiben. Anfang der achtziger Jahre war klar, dass die? Shuttles nicht das erf?llten was man sich von ihnen versprach. Geplant war einmal ein Gef?hrt, dessen Transportkosten vor allem von\u2026","rel":"","context":"In &quot;Raumfahrt&quot;","block_context":{"text":"Raumfahrt","link":"https:\/\/www.bernd-leitenberger.de\/blog\/category\/raumfahrt\/"},"img":{"alt_text":"","src":"","width":0,"height":0},"classes":[]},{"id":14192,"url":"https:\/\/www.bernd-leitenberger.de\/blog\/2019\/08\/03\/wernher-von-braun-und-sergej-korolow\/","url_meta":{"origin":17030,"position":3},"title":"Wernher von Braun und Sergej Korolow","author":"Bernd Leitenberger","date":"03.08.2019","format":false,"excerpt":"Die Welle der Mondlande-dokus hat auch eine sehr interessante Doku hervorgebracht, und zwar \u201eMondm\u00e4nner mit Hammer und Sichel\u201c. Es geht dabei um den Wettlauf im All, von Gagarin bis zur N-1. Vor allem um die dreht es sich. Das Format ist relativ authentisch. Nie zuvor habe ich von Russen, und\u2026","rel":"","context":"In &quot;Raumfahrt&quot;","block_context":{"text":"Raumfahrt","link":"https:\/\/www.bernd-leitenberger.de\/blog\/category\/raumfahrt\/"},"img":{"alt_text":"","src":"https:\/\/vg02.met.vgwort.de\/na\/fc8f8fae3486407ba191d9f6e79f5c25","width":350,"height":200},"classes":[]},{"id":18612,"url":"https:\/\/www.bernd-leitenberger.de\/blog\/2026\/03\/28\/galileos-cds-teil-2\/","url_meta":{"origin":17030,"position":4},"title":"Galileos CDS \u2013 Teil 2","author":"Bernd Leitenberger","date":"28.03.2026","format":false,"excerpt":"So, heute geht es weiter mit Teil 2 \u00fcber Galileos CDS, dieser Beitrag schlie\u00dft nahtlos an den ersten Beitrag von gestern an, wie man schon an der ersten Textzeile sieht. Nach der Einleitung im ersten Teil geht es heute weiter damit warum der RCA 1802 genutzt wurde und was seine\u2026","rel":"","context":"In &quot;Raumfahrt&quot;","block_context":{"text":"Raumfahrt","link":"https:\/\/www.bernd-leitenberger.de\/blog\/category\/raumfahrt\/"},"img":{"alt_text":"","src":"https:\/\/vg07.met.vgwort.de\/na\/191e4b0728de42829cf656027b84dc82","width":350,"height":200},"classes":[]},{"id":4557,"url":"https:\/\/www.bernd-leitenberger.de\/blog\/2011\/04\/03\/atom-und-wahlnachlese\/","url_meta":{"origin":17030,"position":5},"title":"Atom- und Wahlnachlese","author":"Bernd Leitenberger","date":"03.04.2011","format":false,"excerpt":"Nun einige Wochen nach dem Super-Gau von Japan wird es an der Zeit f?r eine Nachlese und zwar eine etwas allgemeiner gehaltene. Ich m?chte an dieser Stelle mal meine Einstellung zur Kernkraft in den letzten Jahrzehnten reflektieren. Ich war urspr?nglich f?r Kernkraft. Wie viele andere, glaubte ich an umweltfreundliche Energie\u2026","rel":"","context":"In &quot;Allgemein&quot;","block_context":{"text":"Allgemein","link":"https:\/\/www.bernd-leitenberger.de\/blog\/category\/allgemein\/"},"img":{"alt_text":"","src":"","width":0,"height":0},"classes":[]}],"jetpack_sharing_enabled":true,"amp_enabled":true,"jetpack_featured_media_url":"","_links":{"self":[{"href":"https:\/\/www.bernd-leitenberger.de\/blog\/wp-json\/wp\/v2\/posts\/17030","targetHints":{"allow":["GET"]}}],"collection":[{"href":"https:\/\/www.bernd-leitenberger.de\/blog\/wp-json\/wp\/v2\/posts"}],"about":[{"href":"https:\/\/www.bernd-leitenberger.de\/blog\/wp-json\/wp\/v2\/types\/post"}],"author":[{"embeddable":true,"href":"https:\/\/www.bernd-leitenberger.de\/blog\/wp-json\/wp\/v2\/users\/169"}],"replies":[{"embeddable":true,"href":"https:\/\/www.bernd-leitenberger.de\/blog\/wp-json\/wp\/v2\/comments?post=17030"}],"version-history":[{"count":0,"href":"https:\/\/www.bernd-leitenberger.de\/blog\/wp-json\/wp\/v2\/posts\/17030\/revisions"}],"wp:attachment":[{"href":"https:\/\/www.bernd-leitenberger.de\/blog\/wp-json\/wp\/v2\/media?parent=17030"}],"wp:term":[{"taxonomy":"category","embeddable":true,"href":"https:\/\/www.bernd-leitenberger.de\/blog\/wp-json\/wp\/v2\/categories?post=17030"},{"taxonomy":"post_tag","embeddable":true,"href":"https:\/\/www.bernd-leitenberger.de\/blog\/wp-json\/wp\/v2\/tags?post=17030"}],"curies":[{"name":"wp","href":"https:\/\/api.w.org\/{rel}","templated":true}]}}