{"id":17381,"date":"2024-04-10T21:49:18","date_gmt":"2024-04-10T19:49:18","guid":{"rendered":"https:\/\/www.bernd-leitenberger.de\/blog\/?p=17381"},"modified":"2024-04-10T21:51:02","modified_gmt":"2024-04-10T19:51:02","slug":"mein-parteiprogramm-1","status":"publish","type":"post","link":"https:\/\/www.bernd-leitenberger.de\/blog\/2024\/04\/10\/mein-parteiprogramm-1\/","title":{"rendered":"Mein Parteiprogramm &#8211; 1"},"content":{"rendered":"<div class=\"pvc_clear\"><\/div>\n<p id=\"pvc_stats_17381\" class=\"pvc_stats all  \" data-element-id=\"17381\" style=\"\"><i class=\"pvc-stats-icon medium\" aria-hidden=\"true\"><svg aria-hidden=\"true\" focusable=\"false\" data-prefix=\"far\" data-icon=\"chart-bar\" role=\"img\" xmlns=\"http:\/\/www.w3.org\/2000\/svg\" viewBox=\"0 0 512 512\" class=\"svg-inline--fa fa-chart-bar fa-w-16 fa-2x\"><path fill=\"currentColor\" d=\"M396.8 352h22.4c6.4 0 12.8-6.4 12.8-12.8V108.8c0-6.4-6.4-12.8-12.8-12.8h-22.4c-6.4 0-12.8 6.4-12.8 12.8v230.4c0 6.4 6.4 12.8 12.8 12.8zm-192 0h22.4c6.4 0 12.8-6.4 12.8-12.8V140.8c0-6.4-6.4-12.8-12.8-12.8h-22.4c-6.4 0-12.8 6.4-12.8 12.8v198.4c0 6.4 6.4 12.8 12.8 12.8zm96 0h22.4c6.4 0 12.8-6.4 12.8-12.8V204.8c0-6.4-6.4-12.8-12.8-12.8h-22.4c-6.4 0-12.8 6.4-12.8 12.8v134.4c0 6.4 6.4 12.8 12.8 12.8zM496 400H48V80c0-8.84-7.16-16-16-16H16C7.16 64 0 71.16 0 80v336c0 17.67 14.33 32 32 32h464c8.84 0 16-7.16 16-16v-16c0-8.84-7.16-16-16-16zm-387.2-48h22.4c6.4 0 12.8-6.4 12.8-12.8v-70.4c0-6.4-6.4-12.8-12.8-12.8h-22.4c-6.4 0-12.8 6.4-12.8 12.8v70.4c0 6.4 6.4 12.8 12.8 12.8z\" class=\"\"><\/path><\/svg><\/i> <img loading=\"lazy\" decoding=\"async\" width=\"16\" height=\"16\" alt=\"Loading\" src=\"https:\/\/www.bernd-leitenberger.de\/blog\/wp-content\/plugins\/page-views-count\/ajax-loader-2x.gif\" border=0 \/><\/p>\n<div class=\"pvc_clear\"><\/div>\n<p>Da inzwischen ja neue Parteien fast monatlich entstehen \u2013 meist als Ableger schon bestehender Parteien wie das B&uuml;ndnis Sara Wagenknecht (Linke) oder die Werteunion (CDU) dachte ich mir, mache ich auch mal ein \u201eParteiprogramm\u201c. In Anf&uuml;hrungszeichen, weil es nat&uuml;rlich nicht den Umfang haben wird wie das Wahl- oder nur Grundsatzprogramm einer schon etablierten Partei, doch beim Durchlesen des Programms vom BSW fand ich auch das es erstaunlich kurz war und voller Allgemeinpl&auml;tze. Und es ist auch kein echtes Parteiprogramm weil ich niemals eine Partei gr&uuml;nden w&uuml;rde. Der einfache Grund: Zwar sind nach Artikel 38 des Grundgesetzes die Abgeordneten nicht an Weisungen gebunden und nur ihrem Gewissen verpflichtet, aber in der Praxis stimmen sie dann eben doch f&uuml;r die Vorlage der Partei, auch wenn diese in bestimmten F&auml;llen nicht ihrer Meinung entspricht. Das jemand davon abweicht wie Agnes Strack-Zimmermann bei der Abstimmung &uuml;ber die Taurus-Lieferungen ist dann ja schon einen Eintrag in den Nachrichten wert. Ich k&ouml;nnte das nicht, wie sicher jeder Blogleser der schon eine Weile dabei ist sich denken kann.<br \/>\n<img loading=\"lazy\" decoding=\"async\" src=\"https:\/\/vg01.met.vgwort.de\/na\/891297e761fc4a3586d5b398fd93e9c0\" alt=\"\" height=\"1\" width=\"1\"\/><br \/>\nDen letzten Ansto&szlig; bekam ich von einiger Zeit durch ein <a href=\"https:\/\/www.zdf.de\/show\/mai-think-x-die-show\/maithink-x-folge-31-populismus-100.html\">Video von Mai Thai &uuml;ber Populismus<\/a> in der sie das exemplarisch zeigte und damit anfing in der Politik m&uuml;sste es mehr \u201eWissenschaft\u201c geben. Nun man braucht nicht mehr Wissenschaft in der Politik, aber wenn sich die Politik mehr nach Fakten und Logik orientieren w&uuml;rde und weniger nach den Interessen von Gruppen die aber den Allgemeininteressen widersprechen.<!--more--><\/p>\n<p>Wie immer bei Politik kochen die Emotionen hoch, wenn man etwas lies was dem eigenen Weltbild widerspricht, ich meine aber das man trotzdem diskutieren kann, wenn man respektvoll miteinander umgeht und erwarte das von meinen Bloglesern in den Kommentaren.<\/p>\n<h4 class=\"western\">Grunds&auml;tze<\/h4>\n<p>Jedem Parteiprogramm liegt eine Grundsatzposition &uuml;ber eine Gesellschaft zugrunde, und dieses Weltbild will ich mal hier skizzieren. Schauen wir uns unter den Industrienationen um, so haben wir als Extreme im Gesellschaftsbild die USA und die skandinavischen Staaten. In den USA gilt ja das Bild des \u201eamerikanischen Traums\u201c. Sprich, jeder soll, es in diesem oft bem&uuml;hten Bild vom Tellerw&auml;scher zum Million&auml;r bringen. Eigentlich liegt schon in diesem Bild die Kehrseite dieses Modells \u2013 da der Reichtum ja nicht sich automatisch erh&ouml;ht, bedeutet das das der finanzielle Aufstieg einiger, immer mit der Armut anderer verkn&uuml;pft ist. Wir haben in den USA das Leitbild eines weitestgehend ungez&uuml;gelten Kapitalismus, der davon ausgeht, dass wenn jeder nach pers&ouml;nlichem Reichtum strebt, es allen besser geht. Das dies falsch ist wissen wir schon seit es zur Verarmung der Arbeiter in der industriellen Revolution kam. Das ein Weltbild trotzdem eine Gesellschaft pr&auml;gen kann und obwohl es gro&szlig;e Nachteile hat, nicht hinterfragt wird, sehen wir daran welchen Widerstand nur die Einf&uuml;hrung einer gesetzlichen Krankenversicherung f&uuml;r alle dort hat. Clinton versuchte das erfolglos 1994 und Obamas \u201eWeihealtar\u201c Programm wollte Trump ja auch wieder r&uuml;ckabwickeln.<\/p>\n<p>Auf der anderen Seite haben wir die skandinavischen L&auml;ndern in denen der Sozialstaat viel ausgepr&auml;gter ist, es viel mehr kostenlose Angebote f&uuml;r die B&uuml;rger gibt und es f&uuml;r jedes Kind Kitapl&auml;tze und Ganztagesbetreuung in der Schule gibt. Dies muss finanziert werden und obwohl so die Steuerlast h&ouml;her ist, wird dies akzeptiert.<\/p>\n<p>Solche Gesellschaftsmodelle h&auml;ngen aber wie erw&auml;hnt mit der gesellschaftlichen Kultur zusammen. In Untersuchungen zeigt sich oft, das die Menschen in Skandinavien zu den geh&ouml;ren die am \u201egl&uuml;cklichsten\u201c oder man sollte vielleicht besser sagen am zufriedensten mit ihrer Lebenssituation sind und das obwohl andere L&auml;nder ein viel h&ouml;heres Pro-Kopf Einkommen haben. (Position im <a href=\"https:\/\/worldhappiness.report\/ed\/2024\/happiness-of-the-younger-the-older-and-those-in-between\/#ranking-of-happiness-2021-2023\">Gl&uuml;cksatlas<\/a> 1: Finnland, 2: D&auml;nemark, 3: Island, 4: Schweden, 7: Norwegen \u2026 23: USA, 24: Deutschland) So gibt es in diesen L&auml;ndern viel weniger Neid. Ein Marker daf&uuml;r ist das Einkommen. In Schweden, das wei&szlig; ich seit ich einen Film &uuml;ber Abba gesehen habe, kann jeder die ersten Seiten der Einkommenssteuererkl&auml;rung jedes anderen schwedischen B&uuml;rgens, auch Bj&ouml;rn Ulvaeus anfordern. W&auml;re bei uns unvorstellbar. Bei uns ist es nicht mal &uuml;blich mit seine Einkommen oder Verm&ouml;gen anzugeben. Also ich w&uuml;rde mich h&uuml;ten mein Einkommen zu ver&ouml;ffentlichen, obwohl das wohl weniger Neid als vielmehr Mitleid ausl&ouml;sen w&uuml;rde. Umgekehrt ist es in den USA, wo ja Reichtum als Synonym f&uuml;r (gesellschaftlichen) Erfolg gilt, es auch &uuml;blich mit seinem Reichtum zu prahlen. Ich war mal, als ich mit einem US-Amerikaner korrespondierte erstaunt als er meinte das er \u201exxx k worth\u201c w&auml;re, also nicht er ein Verm&ouml;gen von xxx Dollar h&auml;tte, sondern so viel \u201ewert\u201c sei. Ich w&uuml;rde den Wert eines Menschen nie mit seinem Reichtum assozieren.<\/p>\n<p>Ich meine, wenn die Politik sich mehr in die Richtung eines skandinavischen Modells orientieren w&uuml;rde, das der Gesellschaft gut tun w&uuml;rde, daf&uuml;r m&uuml;sste sie sich mehr auf die Bev&ouml;lkerung ausrichten und weniger auf die Wirtschaft.<\/p>\n<p>Das zweite Standbein meines Programms ist das man sich Fakten und Logik richtet. Ich m&ouml;chte dies an einem Beispiel verdeutlichen: 2018 beschloss die Bundesregierung den Kohleausstieg und wollte (nach den damaligen Pl&auml;nen) bis 2038 daf&uuml;r 40 Mrd. Euro investieren, zum einen als Kompensation von Firmen die Kohle abbauen und verstromen, zum anderen f&uuml;r die Ansiedlung neuer Industrien und Aufbau neuer Arbeitspl&auml;tze in den betroffenen Regionen. Betroffen sind 20.000 Arbeitspl&auml;tze. Im Jahr zuvor verlor die Windenergiebranche 26.000 Arbeitspl&auml;tze in einem Jahr. Diese Branche hat Zukunft und der Erhalt dieser Arbeitspl&auml;tze h&auml;tte keine Investitionen erfordert, sondern nur das man nicht immer mehr b&uuml;rokratische H&uuml;rden aufbaut. Die Kohle hatte schon damals auch ohne \u201eAbwicklung\u201c keine Zukunft, denn im gleichen Jahr wurde die Einf&uuml;hrung derCO2-Steuer beschlossen und die verteuert Kohle von allen fossilen Energien am st&auml;rksten. Eine Politik die sich nach Fakten und Logik richtet gibt nicht Geld f&uuml;r eine Branche aus, die keine Zukunft hat.<\/p>\n<p>Nat&uuml;rlich kann man sich nicht nur nach Fakten richten, man muss immer auch die Leute mit ins Boot holen, aber wenn sie mehr Gewicht haben, als die Interessen von Verb&auml;nden oder parteipolitische Dogmen, dann w&auml;re dies keine schlechte Politik.<\/p>\n<h3 class=\"western\">Sozialpolitik<\/h3>\n<p>Sozialausgaben machen heute den Gro&szlig;teil der Staatsausgaben aus. Entsprechend widerspr&uuml;chlich sind hier auch die Positionen der etablierten Parteien, da man hier am meisten finanziell bewegen kann. Praktisch t&auml;glich bekommt man dies mit. Aktuell gibt es eine Diskussion &uuml;ber die Kindergrundsicherung in der Koalition. Die FDP lehnt das Projekt das ja im Koalitionsvertrag (mit ihr) beschlossen wurde komplett ab und will stattdessen Steuererleichterungen. Nur hat eine Steuersenkung ja gar nichts mit der Kindergrundsicherung zu tun, denn die soll ja daf&uuml;r sorgen dass auch Kinder aus Familien mit geringerem Einkommen nicht benachteiligt werden, darunter denen die gar keine Steuern zahlen und Sozialleistungen erhalten. Steuererleichterungen w&uuml;rden nur Steuerzahlern nutzen und damit um so mehr, je mehr man Steuern zahlt und die h&ouml;chsten Steuern zahlen die Personen die gar nicht finanziell auf die Kindergrundsicherung angewiesen sind. Wir haben also zwei extreme Positionen: einmal die die &Auml;rmsten zu unterst&uuml;tzen und einmal die die Reichsten zu unterst&uuml;tzen.<\/p>\n<h4 class=\"western\">Niemanden zur&uuml;cklassen<\/h4>\n<p>Eine grundlegende Erkenntnis der Wissenschaft ist, das anders als dies manche Politiker sehen, die Investitionen in Bildung sich lohnen. Jeder der einen Arbeitsplatz findet zahlt Steuern, zahlt in die Rentenkasse ein. Jeder der arbeitslos ist, bezieht staatliche Leistungen und hat sp&auml;ter auch eine geringe Rente. Ich halte es daher f&uuml;r wichtig, dass das Bildungssystem mehr darauf achtet alle zu f&ouml;rdern. In der Schule bedeutet dies das es kostenlose Angebote f&uuml;r schlechte Sch&uuml;ler geben sollte damit diese aufholen k&ouml;nnen. Es gibt nach einer Studie rund 7,5 Millionen Menschen in Deutschland die <a href=\"https:\/\/www.spektrum.de\/news\/warum-gibt-es-so-viele-analphabeten-in-deutschland\/1371326\">Defizite beim Lesen und Schreiben haben<\/a>. F&uuml;r sie sollte es niederschwellige Angebote geben, um aufzuholen, und diese sollten auch beworben werden. Langfristiges Ziel ist aber, dass jeder der die Schule verl&auml;sst zumindest einen Mindeststandard an Bildung erh&auml;lt. Gerade daran hapert es ja derzeit, denn die 7,5 Millionen Analphabeten haben ja zum gr&ouml;&szlig;ten Teil eine Schule abgeschlossen.<\/p>\n<p>In der Schule geh&ouml;rt dazu auch eine Ganztagsbetreuung. Die gew&auml;hrleistet zum einen das die Hausaufgaben auch gemacht werden. Sie st&auml;rkt den Zusammenhalt in der Klasse und meiner pers&ouml;nlichen Erfahrung profitieren auch gute Sch&uuml;ler davon, wenn sie schw&auml;cheren Sch&uuml;lern Nachhilfe geben. Das ist m&ouml;glich wenn die Hausaufgaben in kleinen Gruppen zusammen gel&ouml;st werden. Zudem ist dies auch die M&ouml;glichkeit das sich p&auml;dagogische Kr&auml;fte besonders um schlechtere Sch&uuml;ler k&uuml;mmern. Erg&auml;nzt sollte dies durch andere Angebote in der Schule werden die kulturellen, sportlichen oder naturwissenschaftlichen Charakter haben wie Theater-AG, Chemie -Experimentalkurse, Sportliche Aktivit&auml;ten und Spiele.<\/p>\n<p>Der zweite Vorteil einer solchen Ganztagesbetreuung ist das die Eltern so ganzt&auml;gig berufst&auml;tig sein k&ouml;nnen. Damit sind Kinder mehr mit dem Beruf vereinbar und sie zahlen mehr Steuern was schlussendlich dann diese Angebote auch finanziert. Vor allem bedeutet das aber nicht das ein Elternteil sich zwischen Beruf oder Kindern entscheiden muss.<\/p>\n<p>Das setzt sich fort bei den Kindern im Vorschulalter. Wir haben zwar einen gesetzlichen Anspruch auf einen Kita-Platz, aber es gibt zu wenige und es gibt auch zu wenige Kr&auml;fte die sich um die Kinder in der Kita und sp&auml;ter im Kindergarten k&uuml;mmern. Das muss ge&auml;ndert werden und sie m&uuml;ssen f&uuml;r Empf&auml;nger von B&uuml;rgergeld kostenlos sein. Ein Gro&szlig;teil dieser Empf&auml;nger sind n&auml;mlich Alleinerziehende. F&uuml;r viele bedeutet die Tatsache das man alleinerziehend ist n&auml;mlich eine Armutsfalle, weil solange sie sich um die Kinder k&uuml;mmern sie keiner Arbeit nachgehen k&ouml;nnen und wenn diese dann in der Schule sind, haben sie Jahre verloren und kommen wieder schwer an eine &auml;quivalente Arbeit.<\/p>\n<p>Dazu geh&ouml;rt auch das Leute die arbeitslos geworden sind nicht nur ALG oder B&uuml;rgergeld zahlt, sondern daf&uuml;r sorgt das sie diese Zeit f&uuml;r eine Qualifikation oder \u2013 wenn wir von einer sterbenden Industrie wie dem Kohlebergbau reden \u2013 zu einer Umschulung nutzen und zwar nicht einer \u201eMa&szlig;nahme\u201c wie ich sie erleben konnte an der Anbieter prim&auml;r etwas verdient, sondern eine Ma&szlig;nahme die den Arbeitslosen etwas n&uuml;tzt.<\/p>\n<p>Nat&uuml;rlich ist mir klar, dass man f&uuml;r all das mehr Personal braucht und es erfordert einen finanziellen Aufwand. Aber es wird sich langfristig auszahlen. Personen die h&ouml;her qualifiziert sind zahlen mehr Steuern und beziehen weniger staatliche Hilfen. Eltern die voll berufst&auml;tig sein k&ouml;nnen, und nicht nur ein Elternteil werden wohl eher sich f&uuml;r ein Kind entscheiden als wenn dies nicht so ist und helfen so den demokratischen Wandel zu bek&auml;mpfen. Daneben zahlen sie auch mehr Steuern und finanzieren letztendlich das ver&auml;nderte System.<\/p>\n<p>So, nun habe ich viel geschrieben, das ist hier ein guter Punkt einen Schlussstrich zu ziehen und beim n&auml;chsten Blog hier weiterzumachen.<\/p>\n","protected":false},"excerpt":{"rendered":"<div class=\"pvc_clear\"><\/div>\n<p id=\"pvc_stats_17381\" class=\"pvc_stats all  \" data-element-id=\"17381\" style=\"\"><i class=\"pvc-stats-icon medium\" aria-hidden=\"true\"><svg aria-hidden=\"true\" focusable=\"false\" data-prefix=\"far\" data-icon=\"chart-bar\" role=\"img\" xmlns=\"http:\/\/www.w3.org\/2000\/svg\" viewBox=\"0 0 512 512\" class=\"svg-inline--fa fa-chart-bar fa-w-16 fa-2x\"><path fill=\"currentColor\" d=\"M396.8 352h22.4c6.4 0 12.8-6.4 12.8-12.8V108.8c0-6.4-6.4-12.8-12.8-12.8h-22.4c-6.4 0-12.8 6.4-12.8 12.8v230.4c0 6.4 6.4 12.8 12.8 12.8zm-192 0h22.4c6.4 0 12.8-6.4 12.8-12.8V140.8c0-6.4-6.4-12.8-12.8-12.8h-22.4c-6.4 0-12.8 6.4-12.8 12.8v198.4c0 6.4 6.4 12.8 12.8 12.8zm96 0h22.4c6.4 0 12.8-6.4 12.8-12.8V204.8c0-6.4-6.4-12.8-12.8-12.8h-22.4c-6.4 0-12.8 6.4-12.8 12.8v134.4c0 6.4 6.4 12.8 12.8 12.8zM496 400H48V80c0-8.84-7.16-16-16-16H16C7.16 64 0 71.16 0 80v336c0 17.67 14.33 32 32 32h464c8.84 0 16-7.16 16-16v-16c0-8.84-7.16-16-16-16zm-387.2-48h22.4c6.4 0 12.8-6.4 12.8-12.8v-70.4c0-6.4-6.4-12.8-12.8-12.8h-22.4c-6.4 0-12.8 6.4-12.8 12.8v70.4c0 6.4 6.4 12.8 12.8 12.8z\" class=\"\"><\/path><\/svg><\/i> <img loading=\"lazy\" decoding=\"async\" width=\"16\" height=\"16\" alt=\"Loading\" src=\"https:\/\/www.bernd-leitenberger.de\/blog\/wp-content\/plugins\/page-views-count\/ajax-loader-2x.gif\" border=0 \/><\/p>\n<div class=\"pvc_clear\"><\/div>\n<p>Da inzwischen ja neue Parteien fast monatlich entstehen \u2013 meist als Ableger schon bestehender Parteien wie das B&uuml;ndnis Sara Wagenknecht (Linke) oder die Werteunion (CDU) dachte ich mir, mache ich auch mal ein \u201eParteiprogramm\u201c. In Anf&uuml;hrungszeichen, weil es nat&uuml;rlich nicht den Umfang haben wird wie das Wahl- oder nur Grundsatzprogramm einer schon etablierten Partei, doch [&hellip;]<\/p>\n","protected":false},"author":169,"featured_media":0,"comment_status":"open","ping_status":"closed","sticky":false,"template":"","format":"standard","meta":{"_jetpack_memberships_contains_paid_content":false,"footnotes":""},"categories":[1],"tags":[5187,5188],"class_list":["post-17381","post","type-post","status-publish","format-standard","hentry","category-allgemein","tag-parteiprogramm","tag-sozialpolitik","entry"],"a3_pvc":{"activated":true,"total_views":349,"today_views":0},"jetpack_featured_media_url":"","jetpack-related-posts":[{"id":18603,"url":"https:\/\/www.bernd-leitenberger.de\/blog\/2026\/03\/12\/politikverdruss\/","url_meta":{"origin":17381,"position":0},"title":"Politikverdruss","author":"Bernd Leitenberger","date":"12. M\u00e4rz 2026","format":false,"excerpt":"Bei uns wurde in BW gew\u00e4hlt und nat\u00fcrlich gab es jede Menge Sendungen im Radio und Fernsehen mit den Spitzenkandidaten. Ich habe mir die SWR1 Reihe \"Leute\", ein Radio-Talkformat mit den Spitzenkandidaten angeh\u00f6rt und nehme das mal als Aufh\u00e4nger etwas \u00fcber das zu schreiben was mich an der Politik in\u2026","rel":"","context":"In &quot;Allgemein&quot;","block_context":{"text":"Allgemein","link":"https:\/\/www.bernd-leitenberger.de\/blog\/category\/allgemein\/"},"img":{"alt_text":"","src":"https:\/\/vg07.met.vgwort.de\/na\/9297ac798f9047d9a27f46008ab7fa99","width":350,"height":200},"classes":[]},{"id":4557,"url":"https:\/\/www.bernd-leitenberger.de\/blog\/2011\/04\/03\/atom-und-wahlnachlese\/","url_meta":{"origin":17381,"position":1},"title":"Atom- und Wahlnachlese","author":"Bernd Leitenberger","date":"3. April 2011","format":false,"excerpt":"Nun einige Wochen nach dem Super-Gau von Japan wird es an der Zeit f?r eine Nachlese und zwar eine etwas allgemeiner gehaltene. Ich m?chte an dieser Stelle mal meine Einstellung zur Kernkraft in den letzten Jahrzehnten reflektieren. Ich war urspr?nglich f?r Kernkraft. Wie viele andere, glaubte ich an umweltfreundliche Energie\u2026","rel":"","context":"In &quot;Allgemein&quot;","block_context":{"text":"Allgemein","link":"https:\/\/www.bernd-leitenberger.de\/blog\/category\/allgemein\/"},"img":{"alt_text":"","src":"","width":0,"height":0},"classes":[]},{"id":18485,"url":"https:\/\/www.bernd-leitenberger.de\/blog\/2026\/01\/13\/programm-437\/","url_meta":{"origin":17381,"position":2},"title":"Programm 437","author":"Bernd Leitenberger","date":"13. Januar 2026","format":false,"excerpt":"Ich wei\u00df, ich mache mich in den letzten Wochen etwas rar. Daf\u00fcr gibt es zwei Gr\u00fcnde. Da ist zum einen die gesamte politische Lage. Prim\u00e4r nat\u00fcrlich in dem Land des unbegrenzten Irrsinns. Wenn der Machthaber von Venezuela entf\u00fchrt wird und unter falscher Begr\u00fcndung angeklagt wird - weil es ja in\u2026","rel":"","context":"In &quot;Raumfahrt&quot;","block_context":{"text":"Raumfahrt","link":"https:\/\/www.bernd-leitenberger.de\/blog\/category\/raumfahrt\/"},"img":{"alt_text":"","src":"https:\/\/vg06.met.vgwort.de\/na\/3d6eb16326d743baa56f5ece884b5d21","width":350,"height":200},"classes":[]},{"id":18465,"url":"https:\/\/www.bernd-leitenberger.de\/blog\/2025\/11\/07\/neues-zu-artemis-blue-origin-und-spacex\/","url_meta":{"origin":17381,"position":3},"title":"Neues zu Artemis, Blue Origin und SpaceX","author":"Bernd Leitenberger","date":"7. November 2025","format":false,"excerpt":"Hallo. Ich wei\u00df, ich habe mich in den letzten Wochen etwas rar gemacht. Ich hatte zum einen viel zu tun, dann noch eine OP am Handgelenk, etwas an meinem Buch geschrieben und derzeit ist auch meine Winterdepression wieder st\u00e4rker, sodass ich lieber spiele als Artikel zu verfassen. Es hat sich\u2026","rel":"","context":"In &quot;Raumfahrt&quot;","block_context":{"text":"Raumfahrt","link":"https:\/\/www.bernd-leitenberger.de\/blog\/category\/raumfahrt\/"},"img":{"alt_text":"","src":"https:\/\/vg04.met.vgwort.de\/na\/76454a00a29844c79745dc13a13341de","width":350,"height":200},"classes":[]},{"id":18475,"url":"https:\/\/www.bernd-leitenberger.de\/blog\/2025\/12\/20\/die-corona-spionagesatelliten\/","url_meta":{"origin":17381,"position":4},"title":"Die Corona-Spionagesatelliten","author":"Bernd Leitenberger","date":"20. Dezember 2025","format":false,"excerpt":"Es gibt zwar schon auf meiner Webseite einen Artikel dar\u00fcber, aber ich m\u00f6chte heute im Blog etwas mehr \u00fcber die Corona-Satelliten schreiben. Nach neueren Informationen zu suchen ist inzwischen relativ schwer, weil wenn man das Stichwort Corona eingibt, man eigentlich nur noch Sachen zur Pandemie bekommt. Noch problematischer ist, dass\u2026","rel":"","context":"In &quot;Raumfahrt&quot;","block_context":{"text":"Raumfahrt","link":"https:\/\/www.bernd-leitenberger.de\/blog\/category\/raumfahrt\/"},"img":{"alt_text":"","src":"https:\/\/vg04.met.vgwort.de\/na\/47af2c3dc2e84bf1be3e3357be3e6cdd","width":350,"height":200},"classes":[]},{"id":18480,"url":"https:\/\/www.bernd-leitenberger.de\/blog\/2025\/12\/27\/die-umweltbilanz-der-new-shepard\/","url_meta":{"origin":17381,"position":5},"title":"Die Umweltbilanz der New Shepard","author":"Bernd Leitenberger","date":"27. Dezember 2025","format":false,"excerpt":"K\u00fcrzlich ist die deutsche Michaela Benthaus mit Blue Origin auf der Mission New Shepard NS37 geflogen. Da die Dame querschnittsgel\u00e4hmt ist, war dies den Nachrichten eine Schlagzeile wert, \u00e4hnlich wie vor einigen Monaten der Flug von Kate Perry, ebenfalls mit Blue Origin auf der New Shepard. Was dabei untergegangen ist,\u2026","rel":"","context":"In &quot;Raumfahrt&quot;","block_context":{"text":"Raumfahrt","link":"https:\/\/www.bernd-leitenberger.de\/blog\/category\/raumfahrt\/"},"img":{"alt_text":"","src":"https:\/\/vg04.met.vgwort.de\/na\/99ff84c04ca842a2baa1d4552eb54bab","width":350,"height":200},"classes":[]}],"jetpack_sharing_enabled":true,"amp_enabled":true,"_links":{"self":[{"href":"https:\/\/www.bernd-leitenberger.de\/blog\/wp-json\/wp\/v2\/posts\/17381","targetHints":{"allow":["GET"]}}],"collection":[{"href":"https:\/\/www.bernd-leitenberger.de\/blog\/wp-json\/wp\/v2\/posts"}],"about":[{"href":"https:\/\/www.bernd-leitenberger.de\/blog\/wp-json\/wp\/v2\/types\/post"}],"author":[{"embeddable":true,"href":"https:\/\/www.bernd-leitenberger.de\/blog\/wp-json\/wp\/v2\/users\/169"}],"replies":[{"embeddable":true,"href":"https:\/\/www.bernd-leitenberger.de\/blog\/wp-json\/wp\/v2\/comments?post=17381"}],"version-history":[{"count":0,"href":"https:\/\/www.bernd-leitenberger.de\/blog\/wp-json\/wp\/v2\/posts\/17381\/revisions"}],"wp:attachment":[{"href":"https:\/\/www.bernd-leitenberger.de\/blog\/wp-json\/wp\/v2\/media?parent=17381"}],"wp:term":[{"taxonomy":"category","embeddable":true,"href":"https:\/\/www.bernd-leitenberger.de\/blog\/wp-json\/wp\/v2\/categories?post=17381"},{"taxonomy":"post_tag","embeddable":true,"href":"https:\/\/www.bernd-leitenberger.de\/blog\/wp-json\/wp\/v2\/tags?post=17381"}],"curies":[{"name":"wp","href":"https:\/\/api.w.org\/{rel}","templated":true}]}}