{"id":1783,"date":"2009-09-15T11:04:45","date_gmt":"2009-09-15T09:04:45","guid":{"rendered":"http:\/\/bernd-leitenberger.de\/blog\/?p=1783"},"modified":"2009-09-15T18:48:59","modified_gmt":"2009-09-15T16:48:59","slug":"polikerverbot-im-fernsehen-temperaturen","status":"publish","type":"post","link":"https:\/\/www.bernd-leitenberger.de\/blog\/2009\/09\/15\/polikerverbot-im-fernsehen-temperaturen\/","title":{"rendered":"Polikerverbot im Fernsehen \/ Piratenpartei"},"content":{"rendered":"<p>Ich schaue mir ja sehr gerne Fernsehkritik.TV an &#8211; das Format bringt einen auf ganz neue kritische Gedanken. In der aktuellen Folge 34 geht es unter andrem auch dar&uuml;ber, dass die kleinen Parteien keine Chance haben ihr Programm im Fernsehen vorzustellen und alles sich auf das Duell Steinmayer \/ Merkel fokussiert. Und ich muss dem Autor zustimmen. Ich glaube 1998 gab es mal eine Sendung in der nur die kleinen Parteien ihr (teilweise abstruses) Programm vorstellen. Och kann mich noch erinnern, dass der Vorsitzende der Bibeltreuen Christen damals Harry Potter verbieten lassen wollte, weil das Buch so was wie Teufelszeug sei.<\/p>\n<p>Nun ist es unm&ouml;glich die vielleicht 20 Parteien ad&auml;quat zu repr&auml;sentieren und gleiche Sendezeit zuzuweisen &#8211; denn eigentlich fordert unser Grundgesetz ja Chancengleichheit f&uuml;r alle Parteien. Meine L&ouml;sung daf&uuml;r w&auml;re: Keine Parteien mehr im Wahlkampf im Fernsehen. Auch nicht in normalen Talkshows. Wie schon vor ein paar Tagen angesprochen &#8211; ich verstehe nicht warum Politiker zu allen m&ouml;glichen Themen eingeladen werden &#8211; sie verstehen ja nicht mehr davon als wirkliche Experten, wie man leicht erkennen kann. Wenn die Politik erst die Banken mit Milliarden st&uuml;tzt und sich dann immer noch nichts an deren Verhalten &auml;ndert oder in der Diskussion &uuml;ber die Kinderpornographie, bei der es nicht nur um fundamentale Grundrechte, sondern auch um ein Grundverst&auml;ndnis wie das Internet funktioniert und wie diese Sperren leicht umgehen werden k&ouml;nnen. Experten dazu habe ich nie in den gro&szlig;en Polittalkshows gehen, sondern eher in einer Sendung wie &#8222;Neues&#8220;, die aber wohl kaum Gretchen M&uuml;ller anschaut.<!--more--><\/p>\n<p>Daher meine Forderung: Politikerfreies Fernsehen vor den Wahl! Das lenkt mich auf mein zweites Thema: Einer Diskussion mit meinem ehemaligen Kollegen letzten Freitag &uuml;ber die Piratenpartei habe ich mir mal deren Programm angeschaut, zumindest den Punkt der ja so kontrovers diskutiert wird &#8211; die Urheberrechte. Schlie&szlig;lich geht mich das als Buchautor unmittelbar an.Um es mal klar zu sagen: Ich finde hier auch was reformbed&uuml;rftig. Ich kann mir nicht vorstellen, dass noch 70 Jahre nach meinem Tod sich jemand f&uuml;r meine B&uuml;cher interessiert oder sie noch aktuell sein k&ouml;nnten &#8211; das w&auml;re bei einer normalen Lebenserwartung rund um das Jahr 2115. Bei Musik ist die Zeit in der etwas veraltet oder wirklich so was wie Allgemeingut wird noch k&uuml;rzer: So ist z.B. selbst noch die Musik der Commedian Harmonists noch urheberrechtlich gesch&uuml;tzt. Also &uuml;ber eine Ver&auml;nderung der Frist kann man mit mir reden &#8211; f&uuml;r B&uuml;cher hielte ich so was zwischen 20 und 25 Jahren angemessen. Auch ist es mir lieber wenn es eine Regelung gibt mit der man neue Medien wie das Internet \/ Filesharing besser einbinden kann. Hier mal mein Kommentar zu dem <a href=\"http:\/\/www.piratenpartei.de\/navigation\/politik\/urheberrecht-und-nicht-kommerzielle-vervielfaeltigung\"> Programmpunkt<\/a>:<\/p>\n<p>Kopierschutz: Es ist meiner Ansicht nach nicht Aufgabe der Politik &uuml;ber eine technische Ma&szlig;nahme zu entscheiden. Gerade bei dem Kopierschutz sieht man dies ja: Er ist bei Musik praktisch am Ausstreben. Die Gesetze sollten nur regeln, dass durch diese technische Ma&szlig;nahme nicht die Rechte des Verbrauchers eingeschr&auml;nkt werden, z.B. ein Musikst&uuml;ck nur auf einem Player wiedergegeben werden kann.<\/p>\n<p>Freies Kopieren und freie Nutzung: Das bedeutet praktisch die Legalisierung der Raubkopierei und anders als die Piratenpartei kann ich nicht erkennen dass Personen f&uuml;r etwas was sie &uuml;ber irgendwelche Quellen umsonst bekommen k&ouml;nnen etwas bezahlen: Ich habe ja einige Programme auf meiner Website. In rund 10 Jahren habe ich dadurch rund 30 Euro eingenommen. Die Zahl der Leute die f&uuml;r etwas zahlen, was sie auch umsonst bekommen k&ouml;nnen ist vernachl&auml;ssigbar. Und andere Gesch&auml;ftskonzepte sehe ich nicht &#8211; Zahlen Bittorent Portale f&uuml;r die gehosteten Raubkopieren etwa Copyrightabgaben? Hier f&auml;ngt die Piratenpartei mit dem Wischi-Waschi an, irgendwelche unbewiesenen und nicht mal genauer ausgef&uuml;hrte Behauptungen an zuf&uuml;hren, ohne konkret zu werden.<\/p>\n<p>Ausgleich zwischen Anspr&uuml;chen der Urheber und der &Ouml;ffentlichkeit: Erst wird behauptet man erkennt die Pers&ouml;nlichkeitsrechte an, dann folgt bei der Ausf&uuml;hrung das Gegenteil. Das jeder irgendwo auf schon vorhandene Werke zur&uuml;ckgreift kann doch nicht allen ernstes als Begr&uuml;ndung daf&uuml;r gelten dass nun das neue Werk Allgemeingut ist. Um mal zwei Extreme zu bringen: Wer ein Gedicht schreibt bedient sich nat&uuml;rlich der deutschen Sprache, also etwas was absolut &ouml;ffentlich ist &#8211; schwupp hat er nach diesem Gesichtspunkt keine Rechte mehr. Umgekehrt: Selbst ich halte eine Cover Version eines Titels nicht f&uuml;r eine besonders kreative T&auml;tigkeit. Trotzdem ist die Coverversion dann nicht Allgemeingut und der K&uuml;nstler muss an den Sch&ouml;pfer des Originals Copyrightabgaben zahlen. Im Prinzip m&uuml;sste ich alle B&uuml;cher die ich geschrieben habe verschenken: Denn die Infos findet man nat&uuml;rlich auch woanders, sie sind nur aufbereitet worden, zusammengefasst, in Zusammenhang gebracht und vielleicht besser erkl&auml;rt. Aber nat&uuml;rlich findet jemand der viel Zeit im Netz verbringt alles was auch in meinen B&uuml;chern steht. Dieser Punkt ist f&uuml;r mich &#8222;Kommunismus im Urheberrecht&#8220; &#8211; einige Idioten arbeiten und der Rest konsumiert und freuen sich daran. Wie beim Kommunismus wird das System zusammenbrechen weil die Kreativen dann eben aus Deutschland auswandern werden.<\/p>\n<p>Das zweite sind die Temperaturen. Sie sind ja nun wieder gesunken und ich hocke in langen Hosen und Pullover vor dem Computer. Ich wei&szlig; das Thema ist trivial, aber ich finde es erstaunlich wie man sich an h&ouml;here oder tiefe Temperaturen gew&ouml;hnen kann. Anfangs des Winters friere ich viel mehr und bin dicker angezogen als zum Ende hin, obwohl es dann eher noch k&auml;lter ist. Die ersten warmen Tage nach dem Winter kommen einem viel w&auml;rmer vor, als die ersten k&uuml;hlen im Herbst. Absolut gesehen ist es in meinem Zimmer 17,5 Grad warm &#8211; also nicht gerade kalt. Trotzdem kommt es mir so vor. Ich habe mir diesen Winter ein Experiment vorgenommen: Ich will feststellen wie lange man ohne Heizung auskommt. Schlussendlich wird mal der Zeitpunkt kommen wo man an Energie sparen muss. Einige Tage habe ich im Winter ja schon durchgehalten &#8211; mit zwei Hosen und doppelten Pullovern geht das ganz gut. doch waren das auch eher milde Tage mit tiefsten Temperaturen knapp &uuml;ber dem Gefrierpunkt.<\/p>\n","protected":false},"excerpt":{"rendered":"<p>Ich schaue mir ja sehr gerne Fernsehkritik.TV an &#8211; das Format bringt einen auf ganz neue kritische Gedanken. In der aktuellen Folge 34 geht es unter andrem auch dar&uuml;ber, dass die kleinen Parteien keine Chance haben ihr Programm im Fernsehen vorzustellen und alles sich auf das Duell Steinmayer \/ Merkel fokussiert. Und ich muss dem [&hellip;]<\/p>\n","protected":false},"author":169,"featured_media":0,"comment_status":"open","ping_status":"open","sticky":false,"template":"","format":"standard","meta":{"_jetpack_memberships_contains_paid_content":false,"footnotes":""},"categories":[1],"tags":[509,118,507,69,508],"class_list":["post-1783","post","type-post","status-publish","format-standard","hentry","category-allgemein","tag-copyright","tag-fernsehen","tag-piratenpartei","tag-politiker","tag-urheberrecht","entry"],"a3_pvc":{"activated":false,"total_views":472,"today_views":0},"jetpack_featured_media_url":"","jetpack-related-posts":[{"id":4557,"url":"https:\/\/www.bernd-leitenberger.de\/blog\/2011\/04\/03\/atom-und-wahlnachlese\/","url_meta":{"origin":1783,"position":0},"title":"Atom- und Wahlnachlese","author":"Bernd Leitenberger","date":"3. April 2011","format":false,"excerpt":"Nun einige Wochen nach dem Super-Gau von Japan wird es an der Zeit f?r eine Nachlese und zwar eine etwas allgemeiner gehaltene. Ich m?chte an dieser Stelle mal meine Einstellung zur Kernkraft in den letzten Jahrzehnten reflektieren. Ich war urspr?nglich f?r Kernkraft. Wie viele andere, glaubte ich an umweltfreundliche Energie\u2026","rel":"","context":"In &quot;Allgemein&quot;","block_context":{"text":"Allgemein","link":"https:\/\/www.bernd-leitenberger.de\/blog\/category\/allgemein\/"},"img":{"alt_text":"","src":"","width":0,"height":0},"classes":[]},{"id":13317,"url":"https:\/\/www.bernd-leitenberger.de\/blog\/2018\/04\/04\/die-aufklaerung-des-aprilscherzes\/","url_meta":{"origin":1783,"position":1},"title":"Die Aufkl&auml;rung des Aprilscherzes","author":"Bernd Leitenberger","date":"4. April 2018","format":false,"excerpt":"So, nun komme ich wieder mal zu einem Blog. Derzeit arbeite ich noch flei\u00dfig an der Aufstiegssimulation, nun vor allem im Pflegen der alten Daten. Rund 200 Tr\u00e4ger wollen schlie\u00dflich erg\u00e4nzt werden. Anscheinend hat es keiner gemerkt: Der letzte Blog war ein Aprilscherz. Nat\u00fcrlich w\u00fcrde unsere Regierung nie auf seinen\u2026","rel":"","context":"In &quot;SpaceX&quot;","block_context":{"text":"SpaceX","link":"https:\/\/www.bernd-leitenberger.de\/blog\/category\/raumfahrt\/spacex\/"},"img":{"alt_text":"","src":"\/img\/sapcex-falcons.jpg","width":350,"height":200,"srcset":"\/img\/sapcex-falcons.jpg 1x, \/img\/sapcex-falcons.jpg 1.5x, \/img\/sapcex-falcons.jpg 2x"},"classes":[]},{"id":18603,"url":"https:\/\/www.bernd-leitenberger.de\/blog\/2026\/03\/12\/politikverdruss\/","url_meta":{"origin":1783,"position":2},"title":"Politikverdruss","author":"Bernd Leitenberger","date":"12. M\u00e4rz 2026","format":false,"excerpt":"Bei uns wurde in BW gew\u00e4hlt und nat\u00fcrlich gab es jede Menge Sendungen im Radio und Fernsehen mit den Spitzenkandidaten. Ich habe mir die SWR1 Reihe \"Leute\", ein Radio-Talkformat mit den Spitzenkandidaten angeh\u00f6rt und nehme das mal als Aufh\u00e4nger etwas \u00fcber das zu schreiben was mich an der Politik in\u2026","rel":"","context":"In &quot;Allgemein&quot;","block_context":{"text":"Allgemein","link":"https:\/\/www.bernd-leitenberger.de\/blog\/category\/allgemein\/"},"img":{"alt_text":"","src":"https:\/\/vg07.met.vgwort.de\/na\/9297ac798f9047d9a27f46008ab7fa99","width":350,"height":200},"classes":[]},{"id":18480,"url":"https:\/\/www.bernd-leitenberger.de\/blog\/2025\/12\/27\/die-umweltbilanz-der-new-shepard\/","url_meta":{"origin":1783,"position":3},"title":"Die Umweltbilanz der New Shepard","author":"Bernd Leitenberger","date":"27. Dezember 2025","format":false,"excerpt":"K\u00fcrzlich ist die deutsche Michaela Benthaus mit Blue Origin auf der Mission New Shepard NS37 geflogen. Da die Dame querschnittsgel\u00e4hmt ist, war dies den Nachrichten eine Schlagzeile wert, \u00e4hnlich wie vor einigen Monaten der Flug von Kate Perry, ebenfalls mit Blue Origin auf der New Shepard. Was dabei untergegangen ist,\u2026","rel":"","context":"In &quot;Raumfahrt&quot;","block_context":{"text":"Raumfahrt","link":"https:\/\/www.bernd-leitenberger.de\/blog\/category\/raumfahrt\/"},"img":{"alt_text":"","src":"https:\/\/vg04.met.vgwort.de\/na\/99ff84c04ca842a2baa1d4552eb54bab","width":350,"height":200},"classes":[]},{"id":18485,"url":"https:\/\/www.bernd-leitenberger.de\/blog\/2026\/01\/13\/programm-437\/","url_meta":{"origin":1783,"position":4},"title":"Programm 437","author":"Bernd Leitenberger","date":"13. Januar 2026","format":false,"excerpt":"Ich wei\u00df, ich mache mich in den letzten Wochen etwas rar. Daf\u00fcr gibt es zwei Gr\u00fcnde. Da ist zum einen die gesamte politische Lage. Prim\u00e4r nat\u00fcrlich in dem Land des unbegrenzten Irrsinns. Wenn der Machthaber von Venezuela entf\u00fchrt wird und unter falscher Begr\u00fcndung angeklagt wird - weil es ja in\u2026","rel":"","context":"In &quot;Raumfahrt&quot;","block_context":{"text":"Raumfahrt","link":"https:\/\/www.bernd-leitenberger.de\/blog\/category\/raumfahrt\/"},"img":{"alt_text":"","src":"https:\/\/vg06.met.vgwort.de\/na\/3d6eb16326d743baa56f5ece884b5d21","width":350,"height":200},"classes":[]},{"id":5216,"url":"https:\/\/www.bernd-leitenberger.de\/blog\/2011\/08\/10\/fcea2\/","url_meta":{"origin":1783,"position":5},"title":"FCEA2","author":"Bernd Leitenberger","date":"10. August 2011","format":false,"excerpt":"CEA2 (Chemical Equilibrium with Applications) ist ein seit gut 30 Jahren entwickeltes NASA Programm mit dem verschiedenste Probleme bei Gasphasen berechnet werden k\u00f6nnen. Ich beschr\u00e4nke mich auf das, was Raumfahrtliebhaber wohl am meisten machen: Die Berechnung der Performance von Triebwerken bei Raketen. Ich will die Benutzung des Programmes einmal erl\u00e4utern,\u2026","rel":"","context":"In &quot;Raumfahrt&quot;","block_context":{"text":"Raumfahrt","link":"https:\/\/www.bernd-leitenberger.de\/blog\/category\/raumfahrt\/"},"img":{"alt_text":"","src":"https:\/\/vg01.met.vgwort.de\/na\/89efc24160614a1a93d97d19447e81a6","width":350,"height":200},"classes":[]}],"jetpack_sharing_enabled":true,"amp_enabled":true,"_links":{"self":[{"href":"https:\/\/www.bernd-leitenberger.de\/blog\/wp-json\/wp\/v2\/posts\/1783","targetHints":{"allow":["GET"]}}],"collection":[{"href":"https:\/\/www.bernd-leitenberger.de\/blog\/wp-json\/wp\/v2\/posts"}],"about":[{"href":"https:\/\/www.bernd-leitenberger.de\/blog\/wp-json\/wp\/v2\/types\/post"}],"author":[{"embeddable":true,"href":"https:\/\/www.bernd-leitenberger.de\/blog\/wp-json\/wp\/v2\/users\/169"}],"replies":[{"embeddable":true,"href":"https:\/\/www.bernd-leitenberger.de\/blog\/wp-json\/wp\/v2\/comments?post=1783"}],"version-history":[{"count":0,"href":"https:\/\/www.bernd-leitenberger.de\/blog\/wp-json\/wp\/v2\/posts\/1783\/revisions"}],"wp:attachment":[{"href":"https:\/\/www.bernd-leitenberger.de\/blog\/wp-json\/wp\/v2\/media?parent=1783"}],"wp:term":[{"taxonomy":"category","embeddable":true,"href":"https:\/\/www.bernd-leitenberger.de\/blog\/wp-json\/wp\/v2\/categories?post=1783"},{"taxonomy":"post_tag","embeddable":true,"href":"https:\/\/www.bernd-leitenberger.de\/blog\/wp-json\/wp\/v2\/tags?post=1783"}],"curies":[{"name":"wp","href":"https:\/\/api.w.org\/{rel}","templated":true}]}}