{"id":18201,"date":"2025-06-05T01:58:50","date_gmt":"2025-06-04T23:58:50","guid":{"rendered":"https:\/\/www.bernd-leitenberger.de\/blog\/?p=18201"},"modified":"2025-06-04T22:00:18","modified_gmt":"2025-06-04T20:00:18","slug":"die-esa-heute-und-in-der-zukunft","status":"publish","type":"post","link":"https:\/\/www.bernd-leitenberger.de\/blog\/2025\/06\/05\/die-esa-heute-und-in-der-zukunft\/","title":{"rendered":"Die ESA heute und in der Zukunft"},"content":{"rendered":"<div class=\"pvc_clear\"><\/div>\n<p id=\"pvc_stats_18201\" class=\"pvc_stats all  \" data-element-id=\"18201\" style=\"\"><i class=\"pvc-stats-icon medium\" aria-hidden=\"true\"><svg aria-hidden=\"true\" focusable=\"false\" data-prefix=\"far\" data-icon=\"chart-bar\" role=\"img\" xmlns=\"http:\/\/www.w3.org\/2000\/svg\" viewBox=\"0 0 512 512\" class=\"svg-inline--fa fa-chart-bar fa-w-16 fa-2x\"><path fill=\"currentColor\" d=\"M396.8 352h22.4c6.4 0 12.8-6.4 12.8-12.8V108.8c0-6.4-6.4-12.8-12.8-12.8h-22.4c-6.4 0-12.8 6.4-12.8 12.8v230.4c0 6.4 6.4 12.8 12.8 12.8zm-192 0h22.4c6.4 0 12.8-6.4 12.8-12.8V140.8c0-6.4-6.4-12.8-12.8-12.8h-22.4c-6.4 0-12.8 6.4-12.8 12.8v198.4c0 6.4 6.4 12.8 12.8 12.8zm96 0h22.4c6.4 0 12.8-6.4 12.8-12.8V204.8c0-6.4-6.4-12.8-12.8-12.8h-22.4c-6.4 0-12.8 6.4-12.8 12.8v134.4c0 6.4 6.4 12.8 12.8 12.8zM496 400H48V80c0-8.84-7.16-16-16-16H16C7.16 64 0 71.16 0 80v336c0 17.67 14.33 32 32 32h464c8.84 0 16-7.16 16-16v-16c0-8.84-7.16-16-16-16zm-387.2-48h22.4c6.4 0 12.8-6.4 12.8-12.8v-70.4c0-6.4-6.4-12.8-12.8-12.8h-22.4c-6.4 0-12.8 6.4-12.8 12.8v70.4c0 6.4 6.4 12.8 12.8 12.8z\" class=\"\"><\/path><\/svg><\/i> <img loading=\"lazy\" decoding=\"async\" width=\"16\" height=\"16\" alt=\"Loading\" src=\"https:\/\/www.bernd-leitenberger.de\/blog\/wp-content\/plugins\/page-views-count\/ajax-loader-2x.gif\" border=0 \/><\/p>\n<div class=\"pvc_clear\"><\/div>\n<p>Letztes Wochenende hat die ESA ihren 50-sten Geburtstag gefeiert. Das kam auch in den Nachrichten. Sowohl bei &#8222;Heute&#8220;, wie auch der Tagesschau wurden als wichtigste Dinge die Tr&auml;gerraketen und die deutschen Astronauten Alexander Gerst und Matthias Maurer erw&auml;hnt. Bei den Astronauten musste ich aus mehreren Gr&uuml;nden schmunzeln. Zum einen, weil es ja um die ESA, also eine europ&auml;ische Weltraumorganisation, da sollte man die europ&auml;ischen Astronauten erw&auml;hnen, nicht nur die Deutschen. Zum zweiten hat Deutschland als Nationalstaat mehr Astronauten ins All gebracht als &uuml;ber die ESA (Ulf Merbold war &uuml;brigens schon mehr als 30 Jahre fr&uuml;her im All) bei den Missionen D1 D2 und Mir97. Und zuletzt hat die bemannte Raumfahrt bei der ESA zumindest was die Finanzen angeht nicht die Rolle, wie in den USA.<\/p>\n<p>Ich habe &uuml;berlegt, ob ich auch einen Beitrag &uuml;ber 50 Jahre ESA schreiben sollte, aber in der Form wie ich dies ich mache, die auch ein gewisses Niveau und eine gewisse Tiefe hat geht das nicht. Es sind einfach zu viele Missionen. Schon zum 25-j&auml;hrigen Jubil&auml;um erschien eine <a href=\"https:\/\/www.esa.int\/About_Us\/ESA_Publications\/BR-200_i_ESA_Achievements_i\">Brosch&uuml;re<\/a> die einige Hundert Seiten umfangreich ist, obwohl jede Mission nur kurz angerissen wurde. Ich denke aber, es wird aber einige Ranglisten bei den &#8222;<a href=\"https:\/\/www.bernd-leitenberger.de\/blog\/category\/allgemein\/die-glorreichen-10\/\">Glorreichen 10<\/a>&#8220; geben.<!--more--><\/p>\n<p>Ich will in diesem Beitrag daher eher auf die ESA heute und ihre Zukunft &#8211; also der Zukunft, die ich mir w&uuml;nsche, blicken. Schauen wir mal auf die finanzielle Seite. Die ESA hat 2025 ein <a href=\"https:\/\/www.esa.int\/Space_in_Member_States\/Germany\/Die_ESA_Fakten_und_Zahlen\">Budget von 7,68 Milliarden Euro und 2547 fest angestellte Mitarbeiter<\/a>. Zum Vergleich: Bei der NASA betr&auml;gt das Budget 2025 &uuml;ber 24,4 Mrd. Dollar und sie hat fast 18.000 fest angestellte Mitarbeiter. Der Unterschied bei der Zahl der Mitarbeitern kommt dadurch zustande, weil die ESA nur koordiniert. Die Projekte selbst werden von den nationalen Raumfahrtagenturen mehr oder weniger stark betreut und diese haben nat&uuml;rlich auch Besch&auml;ftigte. Aber schon der Blick auf das ESA-Budget zeigt, dass es nur ein Drittel des NASA-Budgets ist. F&uuml;r die Raumfahrtindustrie wichtig ist aber auch, dass dies nicht die einzigen staatlichen Ausgaben f&uuml;r Raumfahrt sind. In den USA kommt noch das Budget der NRO dazu, die vor allem Aufkl&auml;rungssatelliten betreibt. Dazu ein Teil des Verteidigungshaushaltes. Bisher betrieb das DoD milit&auml;rische Anwendungssatelliten wie Wettersatelliten, Kommunikationssatelliten und das GPS-System, dazu Aufkl&auml;rungssatelliten die nicht zur NRO geh&ouml;ren wie Fr&uuml;hwarnsatelliten. Dieses Budget ist in den letzten Jahren deutlich gewachsen. Denn es soll ein Raketenabwehr-Schutzschild aufgebaut werden, der Golden Dome soll 175 Milliarden Dollar kosten, alleine die Anfangsfinanzierung von 25 Mrd. Dollar im n&auml;chsten Jahr ist h&ouml;her als das NASA-Budget heute. Daneben hat die ebenfalls von Trump schon in der ersten Amtszeit gegr&uuml;ndete <a href=\"https:\/\/de.wikipedia.org\/wiki\/United_States_Space_Force\">Space Force<\/a> schon 2022 ein h&ouml;heres Budget als damals die NASA. Insgesamt gab die US-Regierung 2024 eine Summe von 80 Mrd. Dollar f&uuml;r Raumfahrtaktivit&auml;ten aus, also in etwa das zehnfache Budget der ESA. Gut, man muss f&uuml;r einen korrekten Vergleich noch die nationalen Budgets und die milit&auml;rischen Raumfahrtausgaben hinzurechnen, doch selbst dann denke ich geben die USA noch 3-5 mal so viel Geld f&uuml;r die Raumfahrt aus wie Europa.<\/p>\n<p>Das hat Folgen, denn nat&uuml;rlich kann die europ&auml;ische Raumfahrtindustrie nicht US-Auftr&auml;gen rechnen. Sie kann im kommerziellen Bereich Auftr&auml;ge akquirieren, dieser Bereich wird bedeutender, doch er ist noch lange nicht gleichwertig mit den Staatsausgaben. Vor allem bei den Tr&auml;gerraketen spielt dies eine Rolle, denn die US-Regierung startet immer nur mit US-Tr&auml;gern, aber weder alle staatlichen Stellen in Europa noch die kommerziell in Europa gebauten Satelliten werden nur mit europ&auml;ischen Tr&auml;gern gestartet. Das senkt die Startzahlen und macht die Tr&auml;ger teurer. Europa hat sich lange Zeit auf dem Erfolg von Ariane 1-5 ausgeruht. Solange auf beiden Teilen des Atlantiks Tr&auml;ger gleich hergestellt wurden, war dies ein Wettbewerb, den wir gewonnen haben. Ariane wie klassische US-Tr&auml;ger werden nicht von einer Firma gebaut. Sie bestehen aus Einzelteilen verschiedener Firmen. Da spielt es keine Rolle, ob diese Hersteller &uuml;ber die USA oder Europa verstreut sind. Ariane 5 geriet schon vor SpaceX in Schwierigkeiten als russische Tr&auml;ger auf den Markt kamen, denn bei Raketen machen die Arbeitsl&ouml;hne das meiste aus und die sind in Russland damals enorm niedrig gewesen. Sie wurden daher billig angeboten. Bei SpaceX ist auch der wichtige Punkt f&uuml;r ihren kommerziellen Erfolg nicht die Wiederverwendbarkeit &#8211; die Tr&auml;gerraketenpreise waren ja als die Wiederverwendung noch nicht funktionierte schon sehr niedrig, sogar niedriger als heute &#8211; sondern das man alles selbst entwickelte und damit die Gewinne der Subkontraktoren einsparte, Transportkosten vermied und andere damit assoziierte Kosten. Ich sehe bei den nun gestiegenen Startzahlen &#8211; nicht nur von Starlink, sondern allgemein durch die Aufr&uuml;stung im Weltraum, die ja auch bei ULA und anderen Firmen zu mehr Starts gef&uuml;hrt haben &#8211; keine Chance, dass europ&auml;ische Tr&auml;ger jemals die n&ouml;tigen Startzahlen erreichen, die man braucht, um die Kosten pro Start deutlich zu senken.<\/p>\n<p>Ariane 1 wurde entwickelt um einen eigenst&auml;ndigen Zugang zum All zu haben. Das ist wichtig, wie die L&uuml;cke zwischen dem Ende der Ariane 5 und dem Ariane 6 Jungfernflug zeigt. Unter Trump k&ouml;nnte es durchaus dazu kommen, dass wie vor Ariane 1 es eine Blockade des Starts von europ&auml;ischen Satelliten gibt. Im &uuml;brigen ist das ein Tr&auml;ger nur f&uuml;r nationale Nutzlasten gebaut wird der Normalfall. Russland, China, Indien, Japan &#8211; alle diese Nationen nutzen ihre Tr&auml;ger nur f&uuml;r nationale Starts.<\/p>\n<p>Die Vega und Ariane 6 decken den Nutzlastbereich von 3,5 bis 23 t in den LEO ab, mit einer L&uuml;cke bei etwa 6-7 t. Es gibt mehrere Raketen in der Entwicklung, die um die 1 t in den LEO transportieren und ebenfalls einige die nur 200 bis 300 kg Nutzlast haben. Diese Projekte wie RFA One, Maia, Miura 5, Prime, SL1, Spectrum werden von der ESA und den nationalen Raumfahrtbeh&ouml;rden, aber auch etablierten Unternehmen gef&ouml;rdert. Wenn sie zur Verf&uuml;gung stehen sollte in jedem Nutzlastsegment ein Tr&auml;ger einen gr&ouml;&szlig;eren Auftrag bekommen und auch von den nationalen Raumfahrtagenturen unterst&uuml;tzt werden. Denn f&uuml;r sie gilt das gleiche wie bei den gr&ouml;&szlig;eren Tr&auml;gern &#8211; es ist nicht mit Auftr&auml;gen aus den USA zu rechnen und kommerzielle Starts k&ouml;nnen dies noch nicht abfedern. Sonst w&uuml;rde man nur drei bis vier Tr&auml;ger im selben Nutzlastsegment haben, die dann alle nur auf niedrige Startraten kommen.<\/p>\n<p>Bei der bemannten Raumfahrt haben wir bei der ESA eine enorme Differenz zwischen hochtrabenden Pl&auml;nen und realem Budget. Es begann mit dem Spacelab, entwickelt f&uuml;r das Space Shuttle, das man praktisch den USA geschenkt hat. Leisten konnte man sich sp&auml;ter kaum Fl&uuml;ge mit dem eigenen Labor. Dann folgte <a href=\"https:\/\/www.bernd-leitenberger.de\/hermes.shtml\">Hermes<\/a> als europ&auml;isches Mini-Shuttle. Es wurde zu schwer und zu teuer und eingestellt. Ebenso wurde aus Columbus als eigenst&auml;ndigem Labor <a href=\"https:\/\/www.bernd-leitenberger.de\/iss-forschungsmodule.shtml\">ein Teil der ISS<\/a>. Heute ist man beteiligt an Artemis mit dem Servicemodul und plant unbemannte Frachtshuttles. Ebenso ist man am Lunar Gateway beteiligt und entwickelt den Argonaut als Fachtransporter f&uuml;r Mondmissionen. Es ist dasselbe wie bei Hermes: es sind Pl&auml;ne, deren Finanzierung fraglich ist, bzw. bei den neueren Pl&auml;nen ist es ja so, dass sie ohne US-Partner gar keinen Sinn machen. Und das Lunar Gateway ist gestrichen, Artemis soll nach der dritten Mission eingestellt werden. 2024 macht die bemannte Raumfahrt nur 11,8 Prozent der ESA-Gesamtaufwendungen aus, 874 Millionen Euro. Bei der NASA sind es 30,8 Prozent und 7500 Millionen Euro. Das sagt schon alles. Anstatt bemannte Raumfahrt auf einem Niveau zu finanzieren, mit dem man wenig bewegen kann, sollte man es ganz aufgeben. Nur mal ein Vergleich: Die <a href=\"https:\/\/de.wikipedia.org\/wiki\/Gaia_(Raumsonde)\">Gaia Mission<\/a>, die dieses Jahr zu Ende ging, kostete mit 740 Millionen Euro, weniger als die ESA j&auml;hrlich f&uuml;r die bemannte Raumfahrt ausgibt. Die ESA verzeichnet bis Ende 2024 13.655 wissenschaftliche Arbeiten &uuml;ber Gaia, &uuml;ber die ISS (gesamte ISS, nicht nur ESA Anteil) die ungef&auml;hr 200-mal teurer ist, gab es bisher, obwohl sie erheblich l&auml;nger aktiv ist, nur 4.400 Arbeiten.<\/p>\n<p align=\"left\">Die wissenschaftlichen Missionen der ESA sind eine Erfolgsgeschichte f&uuml;r sich. Die ESA hat schon wenige Jahre nach ihrer Gr&uuml;ndung sich von den kleinen Satelliten der Vorg&auml;ngerorganisation ESRO abgesetzt. <a href=\"https:\/\/www.bernd-leitenberger.de\/giotto.shtml\">Giotto<\/a> war die riskanteste Raumfahrtmission, die es je gab und trotz Besch&auml;digung ein voller Erfolg. <a href=\"https:\/\/www.bernd-leitenberger.de\/mars-express.shtml\">Mars Express<\/a> umkreist seit &uuml;ber 20 Jahren den Mars und wird bald der am l&auml;ngsten betriebene Marssonden sein, da Mars Odyssey den Sparpl&auml;nen zum Opfer f&auml;llt. ISO war eine wegweisende Mission in der Infrarotastromine, um ein Vielfaches leistungsf&auml;higer als der US-Vorg&auml;nger IRAS. <a href=\"https:\/\/www.bernd-leitenberger.de\/soho.shtml\">SOHO<\/a> arbeitet seit 1995 und beobachtet die Sonne, fast ebenso lang sind Integral und XMM Newton aktiv. Herschel und Planck, Hipparcos und eben Gaia sind wichtige Missionen zum Verst&auml;ndnis des Weltalls und unserer Milchstra&szlig;e. Hier k&ouml;nnen wir mit den USA mithalten.<\/p>\n<p>In anderen Bereichen hat die ESA die gr&ouml;&szlig;ere NASA abgeh&auml;ngt. Die Erdbeobachtung hat sich von den K&uuml;rzungen unter Reagan nie erholt und in Europa meint man auch nicht, das der Klimawandel erfunden ist und hat mit dem Sentinel Programm gibt es ein ganzes Netzwerk aus Satelliten mit unterschiedlichen F&auml;higkeiten, welche die Erde und das Klima beobachten und von einem ausgefuchsten Satelliten f&uuml;r die Beobachtung von Luftsstr&ouml;mungen, wie ADM Aeolus kann die NASA nur tr&auml;umen.<\/p>\n<p>In Zeiten wo die USA ank&uuml;ndigen, Europa nicht mehr besch&uuml;tzen zu wollen ist es wichtig, das wir mit Galileo ein eigenes Navigationssystem haben. Das so etwas zur kritischen Infrastruktur geh&ouml;rt, haben auch Russland mit Glonass und China mit Beidou eigene Systeme aufgebaut und wie man beim Ukrainekrieg sieht, hat auch ein Satellitenkommunikationssystem im niedrigen Erdorbit (Starlink) eine milit&auml;rische Bedeutung. Hier soll mit IRIS\u00b2 ein eigenes System entstehen.<\/p>\n<p>Ich denke insgesamt wird es in der Zukunft wichtiger werden, dass wir autonomer werden, weniger abh&auml;ngig von den USA sind. Ich denke auch, dass man weniger Projekte mit den USA gemeinsam machen sollte, obwohl die Liste der gemeinsamen Erfolge gro&szlig; ist, angefangen von ISEE und IUE bis zum JWST und <a href=\"https:\/\/www.bernd-leitenberger.de\/solar-orbiter.shtml\">Solar Orbiter<\/a>. Aber es ist nun mal auch so, dass man auch eine lange Liste von Projekten aufstellen kann, die gemeinsam begonnen wurden und einseitig von den USA beendet wurden. Gerade erst kamen Artemis, das Lunar Gateway und der Exomars Rover auf diese Liste.<\/p>\n<p>Klar ist f&uuml;r mich auch das wir in Europa mehr f&uuml;r die Raumfahrt ausgeben m&uuml;ssen. Schon jetzt werden ESA Programme von der EU mitfinanziert wie Galileo oder Sentinel, weil der Nutzen nat&uuml;rlich f&uuml;r die gesamte EU gegeben ist. Das wird auch bei IRIS\u00b2 so sein. Wir m&uuml;ssen aber auch national mehr tun. Als die USA, nachdem Trump Selenskyj dem&uuml;tigte, nicht nur Waffenhilfen stoppten, sondern auch die Versorgung mit Informationen die durch Satelliten gewonnen wurden, war die Ukraine kurze Zeit in einer bedrohlichen Lage und dies k&ouml;nnen die europ&auml;ischen milit&auml;rischen Satelliten noch nicht ausgleichen. Man muss nicht so viel wie NRO und DoD ausgeben oder fragw&uuml;rdige Projekte wie den Golden Dome starten, aber die M&ouml;glichkeiten zur Aufkl&auml;rung, die man ja auch europaweit koordinieren kann, sollten ausreichen das unser Milit&auml;r im Falle eines Konfliktes alle n&ouml;tigen Informationen hat, die es braucht. Ich denke in dem Milliarden-Paket das alleine die deutsche Regierung k&uuml;rzlich f&uuml;r die Verteidigung beschlossen hat, sollten auch einige Milliarden daf&uuml;r drin sein.<img loading=\"lazy\" decoding=\"async\" src=\"https:\/\/vg04.met.vgwort.de\/na\/27079c5e26be49fc814419109d5098c3\" width=\"1\" height=\"1\" alt=\"\"\/><\/p>\n","protected":false},"excerpt":{"rendered":"<div class=\"pvc_clear\"><\/div>\n<p id=\"pvc_stats_18201\" class=\"pvc_stats all  \" data-element-id=\"18201\" style=\"\"><i class=\"pvc-stats-icon medium\" aria-hidden=\"true\"><svg aria-hidden=\"true\" focusable=\"false\" data-prefix=\"far\" data-icon=\"chart-bar\" role=\"img\" xmlns=\"http:\/\/www.w3.org\/2000\/svg\" viewBox=\"0 0 512 512\" class=\"svg-inline--fa fa-chart-bar fa-w-16 fa-2x\"><path fill=\"currentColor\" d=\"M396.8 352h22.4c6.4 0 12.8-6.4 12.8-12.8V108.8c0-6.4-6.4-12.8-12.8-12.8h-22.4c-6.4 0-12.8 6.4-12.8 12.8v230.4c0 6.4 6.4 12.8 12.8 12.8zm-192 0h22.4c6.4 0 12.8-6.4 12.8-12.8V140.8c0-6.4-6.4-12.8-12.8-12.8h-22.4c-6.4 0-12.8 6.4-12.8 12.8v198.4c0 6.4 6.4 12.8 12.8 12.8zm96 0h22.4c6.4 0 12.8-6.4 12.8-12.8V204.8c0-6.4-6.4-12.8-12.8-12.8h-22.4c-6.4 0-12.8 6.4-12.8 12.8v134.4c0 6.4 6.4 12.8 12.8 12.8zM496 400H48V80c0-8.84-7.16-16-16-16H16C7.16 64 0 71.16 0 80v336c0 17.67 14.33 32 32 32h464c8.84 0 16-7.16 16-16v-16c0-8.84-7.16-16-16-16zm-387.2-48h22.4c6.4 0 12.8-6.4 12.8-12.8v-70.4c0-6.4-6.4-12.8-12.8-12.8h-22.4c-6.4 0-12.8 6.4-12.8 12.8v70.4c0 6.4 6.4 12.8 12.8 12.8z\" class=\"\"><\/path><\/svg><\/i> <img loading=\"lazy\" decoding=\"async\" width=\"16\" height=\"16\" alt=\"Loading\" src=\"https:\/\/www.bernd-leitenberger.de\/blog\/wp-content\/plugins\/page-views-count\/ajax-loader-2x.gif\" border=0 \/><\/p>\n<div class=\"pvc_clear\"><\/div>\n<p>Letztes Wochenende hat die ESA ihren 50-sten Geburtstag gefeiert. Das kam auch in den Nachrichten. Sowohl bei &#8222;Heute&#8220;, wie auch der Tagesschau wurden als wichtigste Dinge die Tr&auml;gerraketen und die deutschen Astronauten Alexander Gerst und Matthias Maurer erw&auml;hnt. Bei den Astronauten musste ich aus mehreren Gr&uuml;nden schmunzeln. Zum einen, weil es ja um die ESA, [&hellip;]<\/p>\n","protected":false},"author":169,"featured_media":0,"comment_status":"open","ping_status":"closed","sticky":false,"template":"","format":"standard","meta":{"_jetpack_newsletter_access":"","_jetpack_dont_email_post_to_subs":false,"_jetpack_newsletter_tier_id":0,"_jetpack_memberships_contains_paywalled_content":false,"_jetpack_memberships_contains_paid_content":false,"footnotes":""},"categories":[3],"tags":[194],"class_list":["post-18201","post","type-post","status-publish","format-standard","hentry","category-raumfahrt","tag-esa","entry"],"a3_pvc":{"activated":true,"total_views":302,"today_views":0},"jetpack-related-posts":[{"id":14114,"url":"https:\/\/www.bernd-leitenberger.de\/blog\/2019\/07\/19\/apollo-jubilaeen-im-wandel-der-zeiten\/","url_meta":{"origin":18201,"position":0},"title":"Apollo Jubil&auml;en im Wandel der Zeiten","author":"Bernd Leitenberger","date":"19.07.2019","format":false,"excerpt":"Als ich mir mal die Sendungen anschaute die derzeit zum 50-sten Jubil\u00e4um der Landung von Apollo 11 kamen fielen mir Unterschiede auf. Nat\u00fcrlich legt man zu jedem Zeitpunkt den Wert auf andere Dinge, man hat aber auch eine andere Sicht, weil man historische Ereignisse anders, aus der Sicht von \u201ejetzt\u201c\u2026","rel":"","context":"In &quot;Raumfahrt&quot;","block_context":{"text":"Raumfahrt","link":"https:\/\/www.bernd-leitenberger.de\/blog\/category\/raumfahrt\/"},"img":{"alt_text":"","src":"https:\/\/vg07.met.vgwort.de\/na\/dcdc7b57dc4f40ada4b4433d4ee21d14","width":350,"height":200},"classes":[]},{"id":15301,"url":"https:\/\/www.bernd-leitenberger.de\/blog\/2021\/04\/20\/nachlese-zum-human-landing-system-hls-kontrakt\/","url_meta":{"origin":18201,"position":1},"title":"Nachlese zum Human Landing System (HLS) Kontrakt","author":"Bernd Leitenberger","date":"20.04.2021","format":false,"excerpt":"\ufeffWie bereits bekannt und hier auch schon kommentiert, hat die NASA am Wochenende SpaceX den Vertrag \u00fcber das HLS in einer H\u00f6he von 2,89 Milliarden Dollar vergeben. Ich habe zuerst \u00fcberlegt, ob ich das in der Aprilnachlese zu SpaceX thematisieren sollte, aber da die Kritik daran eigentlich nur teilweise mit\u2026","rel":"","context":"In &quot;Raumfahrt&quot;","block_context":{"text":"Raumfahrt","link":"https:\/\/www.bernd-leitenberger.de\/blog\/category\/raumfahrt\/"},"img":{"alt_text":"","src":"https:\/\/vg01.met.vgwort.de\/na\/352f2778c491440a9f73c731c5880d09","width":350,"height":200},"classes":[]},{"id":18385,"url":"https:\/\/www.bernd-leitenberger.de\/blog\/2025\/09\/07\/spacex-splitter\/","url_meta":{"origin":18201,"position":2},"title":"SpaceX-Splitter","author":"Bernd Leitenberger","date":"07.09.2025","format":false,"excerpt":"Der heutige Blog ist nicht neu, das, was ich schreibe habe ich schon einige Male geschrieben, aber ebenso wie ich zum wiederholten Male Artikel \u00fcber den Fortschritt oder fehlenden Fortschritt in anderen Webseiten lese, denke ich kann man einiges noch mal aufkochen. Ich will das als eine Folge von fiktiven\u2026","rel":"","context":"In &quot;SpaceX&quot;","block_context":{"text":"SpaceX","link":"https:\/\/www.bernd-leitenberger.de\/blog\/category\/raumfahrt\/spacex\/"},"img":{"alt_text":"","src":"https:\/\/vg02.met.vgwort.de\/na\/b2e94ef07fec4d7190886846bcbb4589","width":350,"height":200},"classes":[]},{"id":18874,"url":"https:\/\/www.bernd-leitenberger.de\/blog\/2026\/08\/25\/raumfahrtgrundlagen-fuer-dummys-tanks-1\/","url_meta":{"origin":18201,"position":3},"title":"Raumfahrtgrundlagen f&uuml;r Dummys \u2013\u00a0Tanks (1)","author":"Bernd Leitenberger","date":"25.08.2026","format":false,"excerpt":"Das heutige Thema ist eigentlich von der Technik her ziemlich langweilig: Die technischen Grundlagen von Tanks, wobei ich den Begriff etwas weiter sehe und auch auf die Geh\u00e4use von Feststofftriebwerken eingehe, stammen aus dem fr\u00fchen 19.\u202fJahrhundert und wurden beim Bau der Kessel f\u00fcr Dampflokomotiven gefunden. Fangen wir mit den Formen\u2026","rel":"","context":"In &quot;Grundlagen&quot;","block_context":{"text":"Grundlagen","link":"https:\/\/www.bernd-leitenberger.de\/blog\/category\/raumfahrt\/grundlagen\/"},"img":{"alt_text":"","src":"https:\/\/vg09.met.vgwort.de\/na\/502e47db2287426bbb5d59fb7df4b193","width":350,"height":200},"classes":[]},{"id":18419,"url":"https:\/\/www.bernd-leitenberger.de\/blog\/2025\/10\/02\/der-neue-rekordhalter-bei-der-bemannten-raumfahrt\/","url_meta":{"origin":18201,"position":4},"title":"Der neue Rekordhalter bei der bemannten Raumfahrt","author":"Bernd Leitenberger","date":"02.10.2025","format":false,"excerpt":"\u2026 ist unfreiwillig Oleg Popolow. Die Geschichte zeigt, wo Russland heute in der Raumfahrt steht. Sie beginnt am 22. September 2022. Russland f\u00fchrt seit rund sieben Monaten Krieg gegen die Ukraine und hat Tausende Gefallene, Verwundete und gefangene Soldaten zu beklagen. Um die Verluste auszugleichen, wurde an diesem Tag eine\u2026","rel":"","context":"In &quot;M\u00fcnchhausens Kolumne&quot;","block_context":{"text":"M\u00fcnchhausens Kolumne","link":"https:\/\/www.bernd-leitenberger.de\/blog\/category\/satire\/muenchhausen\/"},"img":{"alt_text":"","src":"https:\/\/vg01.met.vgwort.de\/na\/6566478af4c24587a85b9f439288056d","width":350,"height":200},"classes":[]},{"id":18547,"url":"https:\/\/www.bernd-leitenberger.de\/blog\/2026\/03\/04\/quo-vadis-artemis\/","url_meta":{"origin":18201,"position":5},"title":"Quo Vadis Artemis?","author":"Bernd Leitenberger","date":"04.03.2026","format":false,"excerpt":"Ich muss mal meine nicht vorhandene humanistische Bildung heraush\u00e4ngen, sprich Latein kann ich nicht, aber ich habe in meiner Jugend gerne Monumentalschinken angeschaut und da gibt es den ber\u00fchmtem Film \"Quo Vadis\" mit der ersten gro\u00dfen Rolle f\u00fcr Peter Ustinov als Nero. Das Zitat ist bekannt: Petrus flieht aus Rom,\u2026","rel":"","context":"In &quot;Raumfahrt&quot;","block_context":{"text":"Raumfahrt","link":"https:\/\/www.bernd-leitenberger.de\/blog\/category\/raumfahrt\/"},"img":{"alt_text":"","src":"\/img\/artemis-2026-2028.jpg","width":350,"height":200,"srcset":"\/img\/artemis-2026-2028.jpg 1x, \/img\/artemis-2026-2028.jpg 1.5x, \/img\/artemis-2026-2028.jpg 2x, \/img\/artemis-2026-2028.jpg 3x, \/img\/artemis-2026-2028.jpg 4x"},"classes":[]}],"jetpack_sharing_enabled":true,"amp_enabled":true,"jetpack_featured_media_url":"","_links":{"self":[{"href":"https:\/\/www.bernd-leitenberger.de\/blog\/wp-json\/wp\/v2\/posts\/18201","targetHints":{"allow":["GET"]}}],"collection":[{"href":"https:\/\/www.bernd-leitenberger.de\/blog\/wp-json\/wp\/v2\/posts"}],"about":[{"href":"https:\/\/www.bernd-leitenberger.de\/blog\/wp-json\/wp\/v2\/types\/post"}],"author":[{"embeddable":true,"href":"https:\/\/www.bernd-leitenberger.de\/blog\/wp-json\/wp\/v2\/users\/169"}],"replies":[{"embeddable":true,"href":"https:\/\/www.bernd-leitenberger.de\/blog\/wp-json\/wp\/v2\/comments?post=18201"}],"version-history":[{"count":0,"href":"https:\/\/www.bernd-leitenberger.de\/blog\/wp-json\/wp\/v2\/posts\/18201\/revisions"}],"wp:attachment":[{"href":"https:\/\/www.bernd-leitenberger.de\/blog\/wp-json\/wp\/v2\/media?parent=18201"}],"wp:term":[{"taxonomy":"category","embeddable":true,"href":"https:\/\/www.bernd-leitenberger.de\/blog\/wp-json\/wp\/v2\/categories?post=18201"},{"taxonomy":"post_tag","embeddable":true,"href":"https:\/\/www.bernd-leitenberger.de\/blog\/wp-json\/wp\/v2\/tags?post=18201"}],"curies":[{"name":"wp","href":"https:\/\/api.w.org\/{rel}","templated":true}]}}