{"id":18603,"date":"2026-03-12T09:15:46","date_gmt":"2026-03-12T08:15:46","guid":{"rendered":"https:\/\/www.bernd-leitenberger.de\/blog\/?p=18603"},"modified":"2026-03-13T11:08:39","modified_gmt":"2026-03-13T10:08:39","slug":"politikverdruss","status":"publish","type":"post","link":"https:\/\/www.bernd-leitenberger.de\/blog\/2026\/03\/12\/politikverdruss\/","title":{"rendered":"Politikverdruss"},"content":{"rendered":"<div class=\"pvc_clear\"><\/div>\n<p id=\"pvc_stats_18603\" class=\"pvc_stats all  \" data-element-id=\"18603\" style=\"\"><i class=\"pvc-stats-icon medium\" aria-hidden=\"true\"><svg aria-hidden=\"true\" focusable=\"false\" data-prefix=\"far\" data-icon=\"chart-bar\" role=\"img\" xmlns=\"http:\/\/www.w3.org\/2000\/svg\" viewBox=\"0 0 512 512\" class=\"svg-inline--fa fa-chart-bar fa-w-16 fa-2x\"><path fill=\"currentColor\" d=\"M396.8 352h22.4c6.4 0 12.8-6.4 12.8-12.8V108.8c0-6.4-6.4-12.8-12.8-12.8h-22.4c-6.4 0-12.8 6.4-12.8 12.8v230.4c0 6.4 6.4 12.8 12.8 12.8zm-192 0h22.4c6.4 0 12.8-6.4 12.8-12.8V140.8c0-6.4-6.4-12.8-12.8-12.8h-22.4c-6.4 0-12.8 6.4-12.8 12.8v198.4c0 6.4 6.4 12.8 12.8 12.8zm96 0h22.4c6.4 0 12.8-6.4 12.8-12.8V204.8c0-6.4-6.4-12.8-12.8-12.8h-22.4c-6.4 0-12.8 6.4-12.8 12.8v134.4c0 6.4 6.4 12.8 12.8 12.8zM496 400H48V80c0-8.84-7.16-16-16-16H16C7.16 64 0 71.16 0 80v336c0 17.67 14.33 32 32 32h464c8.84 0 16-7.16 16-16v-16c0-8.84-7.16-16-16-16zm-387.2-48h22.4c6.4 0 12.8-6.4 12.8-12.8v-70.4c0-6.4-6.4-12.8-12.8-12.8h-22.4c-6.4 0-12.8 6.4-12.8 12.8v70.4c0 6.4 6.4 12.8 12.8 12.8z\" class=\"\"><\/path><\/svg><\/i> <img loading=\"lazy\" decoding=\"async\" width=\"16\" height=\"16\" alt=\"Loading\" src=\"https:\/\/www.bernd-leitenberger.de\/blog\/wp-content\/plugins\/page-views-count\/ajax-loader-2x.gif\" border=0 \/><\/p>\n<div class=\"pvc_clear\"><\/div>\n<p>Bei uns wurde in BW gew&auml;hlt und nat&uuml;rlich gab es jede Menge Sendungen im Radio und Fernsehen mit den Spitzenkandidaten. Ich habe mir die SWR1 Reihe &#8222;Leute&#8220;, ein Radio-Talkformat mit den Spitzenkandidaten angeh&ouml;rt und nehme das mal als Aufh&auml;nger etwas &uuml;ber das zu schreiben was mich an der Politik in immer gr&ouml;&szlig;erem Ma&szlig;e st&ouml;rt auch weil es meiner Wahrnehmung nach zunimmt.<\/p>\n<p>Zuerst einmal: hinter jeder politischen Ansicht steckt ein Weltbild, das die &Uuml;berzeugung pr&auml;gt. Nehmen wir nur mal den gro&szlig;en Bereich Soziales. Wenn ich nur Staaten mit demokratischen Systemen nehme, haben wir schon in Europa und den USA enorme Unterscheide. Zum einen in Nordeuropa das Konzept des Sozialstaates, in dem vieles staatlich finanziert wird, so betonte D&auml;nemark, das als Trump ein Lazarettschiff nach Gr&ouml;nland schicken wollte, das jeder D&auml;ne Anreicht auf kostenlose Behandlung habe. Auf der anderen Seite des Teichs will Trump die rudiment&auml;re Krankenversicherung &#8222;Obama-Care&#8220; abschaffen, wahrscheinlich weil sie nicht &#8222;Trump-Care&#8220; hei&szlig;t. Dort regiert der Kapitalismus, was dort allerdings &#8222;American Dream&#8220; hei&szlig;t, in dem es praktisch keine soziale Absicherung gibt. Bei uns w&uuml;rde man die Linken wohl eher in dem Modell Sozialstaat verorten und die CDU\/CSU bewegt sich nach den letzten &Auml;u&szlig;erungen von Merk (zu viele Krankheitstage, Lifestyle-Teilzeit, Streichen der Zusch&uuml;sse f&uuml;r Zahnbehandlung) mehr in Richtung USA-Modell, werden aber dabei noch von der FDP und AfD &uuml;berholt.<!--more--><\/p>\n<p>Aber ich erwarte das Politiker doch so intelligent sind, das sie die Grenzen ihrer W&uuml;nsche oder Vorstellungen erkennen. Da gibt es eine Menge. Bei einigen Spitzenkandidaten (namentlich FDP, CDU und AfD) drehte sich in den Sendungen vieles um Themen die mit einer Landtsgawahl nichts zu tun haben sondern auf Bundesebene entschieden werden wie das Verbrenner-Aus oder Abschiebungen. Teilweise (Verbrenner-Aus) betrifft es sogar die EU-Ebene. Da kann eine Landesregierung also gar nichts entscheiden, maximal kann sie im Bundesrat etwas blockieren wenn sie noch andere L&auml;nder daf&uuml;r gewinnen kann. Hake ich mal damit ab, dass man mit Reizthemen Stimmen gewinnen kann.<\/p>\n<p>Aber es gibt auch Themen, da frage ich mich ob die Kandidaten sich &uuml;berhaupt informiert haben. Ein Thema wo man mit wenig Recherche einige interessante Fakten findet, ist das Thema &#8222;Neue Atomkraftwerke&#8220;. Ich klammere mal komplett das Sicherheitsrisiko aus und beschr&auml;nke mich &#8211; es geht ja um einen Energielieferanten &#8211; mich auf die f&uuml;r Kraftwerke wichtigsten Parameter: Was kostet ein Kraftwerk und was kostet der erzeugte Strom. Die Kandidaten von FDP und AFD, die neue Atomkraftwerke bauen wollen verweisen das &uuml;berall auf der Welt neue Atomkraftwerke entstehen. Frage ist unter welchen Standards. Beschr&auml;nkt man sich auf Europa, wo man annehmen kann das die Standards hoch sind sind es aber nur drei Atomkraftwerke mit folgenden Eckdaten:<\/p>\n<table width=\"645\" cellspacing=\"0\" cellpadding=\"8\">\n<thead>\n<tr>\n<th bgcolor=\"#f2f2f2\" width=\"85\">Anlage<\/th>\n<th bgcolor=\"#f2f2f2\" width=\"71\">Land<\/th>\n<th bgcolor=\"#f2f2f2\" width=\"74\">Typ \/ Leistung<\/th>\n<th bgcolor=\"#f2f2f2\" width=\"201\">Baukosten (neueste Sch&auml;tzung, inkl. Zinsen)<\/th>\n<th bgcolor=\"#f2f2f2\" width=\"132\">Abgeleitete Stromkosten (LCOE \/ Verg&uuml;tung)<\/th>\n<\/tr>\n<\/thead>\n<tbody>\n<tr>\n<td width=\"85\">Olkiluoto\u202f3<\/td>\n<td width=\"71\">Finnland<\/td>\n<td width=\"74\">EPR, 1.600\u202fMW<\/td>\n<td width=\"201\">Gesamtprojektkosten ca. 11\u202fMrd.\u202f\u20ac: 5,5\u202fMrd.\u202f\u20ac Investment TVO + ~5,5\u202fMrd.\u202f\u20ac Verlust Areva \u2192 ~6.900\u202f\u20ac\/kW <a href=\"https:\/\/www.reddit.com\/r\/NuclearPower\/comments\/1ds1l1y\/total_costs_for_olkiluoto_3\/\" target=\"_blank\" rel=\"noopener\">reddit<\/a>\u200b<\/td>\n<td width=\"132\">Absch&auml;tzung LCOE 70\u201380\u202f\u20ac\/MWh, inflationsbereinigt eher 90\u2013105\u202f\u20ac\/MWh (7\u201310\u202fct\/kWh) je nach Kapitalkosten <a href=\"https:\/\/www.reddit.com\/r\/NuclearPower\/comments\/1ds1l1y\/total_costs_for_olkiluoto_3\/\" target=\"_blank\" rel=\"noopener\">reddit<\/a>\u200b<\/td>\n<\/tr>\n<tr>\n<td width=\"85\">Flamanville\u202f3<\/td>\n<td width=\"71\">Frankreich<\/td>\n<td width=\"74\">EPR, 1.650\u202fMW<\/td>\n<td width=\"201\">Urspr&uuml;nglich 3,3\u202fMrd.\u202f\u20ac, zuletzt Sch&auml;tzungen 19,1\u201323,7\u202fMrd.\u202f\u20ac inkl. Finanzierungskosten (Cour des Comptes 19,1\u202fMrd., neuere Angabe ~23,7\u202fMrd.\u202f\u20ac)<\/td>\n<td width=\"132\">Franz&ouml;sischer Rechnungshof: 110\u2013120\u202f\u20ac\/MWh (11\u201312\u202fct\/kWh) erwartete Produktionskosten <a href=\"https:\/\/www.enerdata.net\/publications\/daily-energy-news\/flamanville-3-nuclear-projects-cost-may-rise-eu67bn-france.html\" target=\"_blank\" rel=\"noopener\">enerdata<\/a>\u200b<\/td>\n<\/tr>\n<tr>\n<td width=\"85\">Hinkley Point\u202fC (2\u00d7EPR)<\/td>\n<td width=\"71\">Vereinigtes K&ouml;nigreich<\/td>\n<td width=\"74\">2\u00d71.630\u20131.640\u202fMW \u2248 3.260\u20133.280\u202fMW<\/td>\n<td width=\"201\">Aktuelle Kostensch&auml;tzungen \u2265 48\u202fMrd.\u202f\u00a3 \u2248 51\u201358\u202fMrd.\u202f\u20ac (mehrfach &uuml;ber urspr&uuml;nglicher Planung)<\/td>\n<td width=\"132\">CfD\u2011\u201eStrike Price\u201c urspr&uuml;nglich 92,5\u202f\u00a3\/MWh (2012\u2011Preise), inflationsindexiert inzwischen ~130\u2013150\u202f\u00a3\/MWh, d.\u202fh. grob 150\u2013190\u202f\u20ac\/MWh (15\u201319\u202fct\/kWh)<\/td>\n<\/tr>\n<\/tbody>\n<\/table>\n<p>Neue Kernkraftwerke sind also eine Multimilliardeninvestition. Damit man vergleichen kann: es sind pro Kilowattstunde Leistung etwa 10.000 bis 20.000 Euro. Ein kleine PV-Anlage f&uuml;rs Dach mit Speicher liegt dagegen bei 1.500 Euro und Gro&szlig;anlagen und Windkraftanlagen noch weit darunter. So ist auch der erzeugte Strom nicht wirklich billig. Strom von Solaranlagen ist der teuerste regenerative produzierte Strom, der wird bei Anlagen &uuml;ber 25 kW Leistung mit 6,2 ct\/kWh verg&uuml;tet. Eine <a href=\"https:\/\/positionen.wienenergie.at\/grafiken\/stromgestehungskosten-in-deutschland-nach-energietraeger\/\">Studie von Fraunhofer <\/a>kommt zum Schluss das neue Kernkraftwerke Strom f&uuml;r 13 bis 50 ct\/kwh liefern. Inzwischen sind regenerative Energien die g&uuml;nstigste M&ouml;glichkeit Strom zu erzeugen:<\/p>\n<p>&#8222;Diese liegen bei Photovoltaik zwischen 4 bis 15 Cent\/Kilowattstunde (kWh), freie PV-Anlagen weisen hierbei mit 4 bis 7 Cent\/kWh besonders niedrige Kosten auf. Bei Windkraftanlagen an Land (onshore) sind es 4 bis 9 Cent\/kWh. Vergleicht man diesen Wert mit jenem der fossilen Energietr&auml;gern und Atomkraft, ergeben sich sowohl f&uuml;r Fossile als auch Atomkraft erheblich h&ouml;here Kosten in der Erzeugung. Die Erzeugung einer Kilowattstunde Atomstrom liegt bei 13 bis 50 Cent\/kWh und ist damit bis zu zehn Mal teurer als die Erzeugung einer Kilowattstunde Strom aus Sonnenkraft. Auch die Stromproduktion aus Erdgas ist mit Kosten von 16 bis 33 Cent\/kWh oder aus Steinkohle mit 18 bis 29 Cent\/kWh ma&szlig;geblich h&ouml;her als jene der Erneuerbaren Energietr&auml;ger. Die Berechnungen enthalten laut Studie des Fraunhofer Instituts u.a. sowohl die Investitionskosten, die Installationskosten als auch die Brennstoffkosten.&#8220; <a href=\"https:\/\/positionen.wienenergie.at\/grafiken\/stromgestehungskosten-in-deutschland-nach-energietraeger\/\">schreibt das<\/a> Fraunhofer Institut.<br \/>\n<img loading=\"lazy\" decoding=\"async\" src=\"https:\/\/vg07.met.vgwort.de\/na\/9297ac798f9047d9a27f46008ab7fa99\" width=\"1\" height=\"1\" alt=\"\"\/><br \/>\nAber das ist nur ein Aspekt. Was die Politiker immer betonen, ist das man die Atomkraftwerke wegen der Versorgungssicherheit braucht. Da kommt dann gerne das Schlagwort der &#8222;Dunkelflaute&#8220;. Die gibt es. Sie lag im Winter 2024\/25 bei 38 &#8211; 55 GW die nicht von Wind- und Solarstrom gedeckt werden. Die ben&ouml;tigte Leistung k&ouml;nnte anwachsen wenn mehr regenerative Energien eingesetzt werden. Von einer Peakleistung von 60 bis 80 GW sprechen Untersuchungen. Davon werden derzeit 70 bis 90 % (das hei&szlig;t bei den geringeren Dunkelflauten, die man bisher hatte 100 %) durch vorhandene Kraftwerke und Speicher abgedeckt. Mit den 12 GW neu gebauten Gaskraftwerken wird selbst der h&ouml;chste Wert von 80 GW Bedarf abgedeckt. Man braucht also daf&uuml;r keine Atomkraftwerke, vor allem weil sie f&uuml;r diesen Einsatzzweck nicht geeignet werden. Atomkraftwerke kann man nicht schnell hoch- oder herunterfahren wie man dies bei einer Dunkelflaute brauchte. Sie eigenen sich vielmehr f&uuml;r die Abdeckung der Grundlast also des Stroms denn man immer braucht, man k&ouml;nnte sie nicht mal abschalteten wenn ihr Strom gar nicht gebraucht wird, weil im Sommer z.B. Solarkraftwerke mehr las genug Strom liefern.<\/p>\n<p>Dazu kommt, was nun als &#8222;neue Atomkraft&#8220; angepriesen wird, sogenannte Small Modular Reactors. Mal abgesehen das es davon noch keine gibt man also schlecht sagen kann, wie teuer der Strom aus ihnen wird, erinnert mich das an die Zeit als die ersten Kernkraftwerke gebaut wurden, auch so optimistisch war. Wahr ist aber auch das selbst bei den mittlerweile nicht mehr aktiven Kernkraftwerken die Strom erheblich billiger als neue Kernkraftwerke produzieren konnten, die Rechnung f&uuml;r den Betreiber nur aufging weil der Staat die Kernenergie massiv subventioniert hat. Je nach Quelle (Fraunhofer oder Greenpeace) reden wir von 249 oder 258 Milliarden Euro staatliche Subvention &uuml;ber die letzten 50 Jahre. Dabei ist das Hauptproblem der Energieform &#8211; die Endlagerung und ihre Kosten noch nicht mal gel&ouml;st, obwohl bei uns kein Atomkraftwerk mehr am Netz ist haben wir noch kein Endlager. das einzige Land in Europa das eines hat ist Finnland.<\/p>\n<p>Diese Einsicht, die man in 1 Stunde Recherchearbeit gewinnen kann hat aber keiner der Spitzenkandidaten und es handelt sich hier um offizielle Parteiprogramme, da kann man doch Annehmen das man mal dar&uuml;ber zuerst mit Experten und dann den Delegierten diskutiert hat. Ich w&uuml;rde auch keine Gaskraftwerke kaufen wie dies die M&auml;rz-Regierung unter Reich vorhat. Stattdessen sollte man investieren in Technologien mit denen man den &Uuml;berschussstrom speichern kann. Das wird eine Mischung von Kurzzeitspeichern (Batterie) und Wasserstofferzeugung sein. Den kann man in Brennstoffzellen dann wieder in Strom umwandeln. Der Wirkungsgrad ist schlecht, die Brennstoffzellen und Elektrolyseanlagen kosten Geld, Strom kostet so zwischen 35 und 50 ct\/kwh. Teuer, aber Gasstrom kostet auch 16 bis 33 ct und die Anlagen werden ja nicht dauernd betrieben sondern nur bei Dunkelflaute, in der Rest des Zeit wird nur der Elektrolyseteil f&uuml;r die Erzeugung von Wasserstoff genutzt den man als Erdgasersatz nutzen kann. Bei dem sieht die Bilanz besser aus, er ist nur dreimal teurer als regenerativ erzeugter Strom (pro MJ Energie).<\/p>\n<p>Ein zweites Reizthema ist das Thema &#8222;Verbrenner-Aus&#8220;. Ja das Auto ist des Deutschen liebstes Kind. Ich m&ouml;chte nicht wissen wie viele V&auml;ter sich mehr um ihr Auto als um ihre Kinder k&uuml;mmern, ich denke aber es sind einige. Das Auto verleitet Politiker zu v&ouml;llig unbedachten Aktionen. Als der Ukrainekrieg ausbrach gab es 2022 Ma&szlig;nahmen die die Kosten f&uuml;r die B&uuml;rger abmildern sollten. Der von der FDP initiierte Zuschuss auf die Treibstoffpreise verpuffte weitestgehend, kostete aber mehr als das Deutschlandticket das es heute noch gibt. Derzeit redet die CDU von einer Benzinpreisbremse, stratgeische Reserven anzupassen und die SPD von einer &Uuml;bergewinnsteuer der Konzerne (gab es auch schon 2022).<\/p>\n<p>Was keiner der Politiker von CDU, AFD und FDP denen das eine Herzensangelegenheit sagte ist:<\/p>\n<ul>\n<li>Das Verbrennerverbot ist eine EU-Entscheidung, BW kann da gar nichts ausrichten<\/li>\n<li>Es ist keine Willk&uuml;r sondern die EU hat Klimaziele, denen sie sich verpflichtet hat und die auch f&uuml;r ihre Mitgliedstaaten gelten. Jeder Sektor muss seine Emissionen senken und beim Sektor Verkehr hat dies bisher nicht geklappt, in Deutschland sind die Emissionen sogar gestiegen.<\/li>\n<li>Die Autofirmen k&ouml;nnen durchaus Verbrenner produzieren, auch in der EU, die sie aber dann im Nicht-EU Raum verkaufen m&uuml;ssen.<\/li>\n<\/ul>\n<p>Dann fallen Worth&uuml;lsen wie &#8222;hocheffiziente Verbrenner&#8220; oder &#8222;Technologieoffenheit&#8220;. Oder es werden vermeintliche Alternativen wie Wasserstoff oder Refuels angef&uuml;hrt. Also &#8222;hocheffiziente Verbrenner&#8220; m&ouml;gen einige Prozent weniger Kohlendioxid aussto&szlig;en, aber der Rest, 90+ % bleiben und wenn man auf 0 % kommen will fehlen dann eben noch 90 %. Wasserstoff (als Ersatz zu Kraftstoffen) kann heute schon genutzt werden, aber bei Brennstoffzellen und wenn man die Wahl hat, dann wird man Brennstoffzellen w&auml;hlen weil der Wirkungsgrad mindestens doppelt so hoch ist &#8211; Verbrenner haben einen Wirkungsgrad von 25 bis 35 %, Brennstoffzellen einen von 50 bis 70 %. Nicht gesagt wird das Wasserstoff nur in Gasform gespeichert werden kann was die Reichweite genauso wie beim Elektroantrieb begrenzt und das wird ja als der Hauptnachteil von Elektroautos angef&uuml;hrt. Und Refuels sind, wenn sie aus regenerativer Energie erzeugt werden, in der Herstellung 6-10 mal so teuer wie Benzin oder Diesel. Im Endverkaufspreis wird der Unterschied kleiner sein weil noch Steuern drauf kommen, das wird eher die Leute dazu bewegen sich vom Verbrenner zu trennen.<\/p>\n<p>Vor allem: &#8222;Technologieoffenheit&#8220; bedeutet auf Klardeutsch: wir wollen eine v&ouml;llig veraltete und aussterbende Technologie aufrecht erhalten weil unsere Automobilindustrie den Anschluss verschlafen hat anstatt sie dazu zu bewegen den R&uuml;ckstand aufzuholen. Das ist auch meine Kritik an die Regierung unter Kretschmann, anstatt das eine Gr&uuml;ne Landesregierung die bei uns ans&auml;ssige Automobilindustrie durch Auflagen mehr in die richtung Zukunftstechnologien geschubst hat, hat sie nichts getan. Und M&ouml;glichkeiten dazu h&auml;tte sie gehabt so z.b. Fahrverbote f&uuml;r Verbrennerautos in Gro&szlig;st&auml;dten. Stattdessen schummelt man bei der Ermittlung von Schadstoffen damit diese noch fahren d&uuml;rfen.<\/p>\n<p>Mal ganz ketzerisch gesagt: wenn &#8222;Technologieoffenheit&#8220; so wichtig ist, darf man dann auch mit Pferdekutschen durch die St&auml;dte fahren? D&uuml;rfen dann auch Fahrradfahrer auf Autobahnen unterwegs sein? Bevor der geneigte Leser sagt &#8222;Das ist doch Unsinn&#8220;, nein ist es nicht. Es geht um ein Verbrenner-Verbot und es gibt ein Verbot von Fahrr&auml;dern auf Autobahnen. Das ist genau das gleiche! Die &auml;ltere Technologie Fahrrad wird verboten. Etwas analoges w&auml;re ein Verbrentnerverbot in St&auml;dten. Wenn ich das eine Verbot aufhebe, warum bin ich dann nicht offen f&uuml;r die Technologie &#8222;Fahrrad&#8220;?<\/p>\n<p>Der rasante Anstieg der Kraftstoffkosten seit Beginn des Irankriegs zeigt auch, das Verbrenner eine aussterbende Technologie sind. wer ein Elektroauto hat den jucken die Benzinpreise nicht und wenn es mal zu einem totalen Boykott wie 1973 kommt, dann fahren die Elektroautos trotzdem. Mal ein Tipp an die Bundesregierung: autofreie Sonntage wie 1973 bei denen nur Elektrofahrzeuge oder Brennstoffzellenautos fahren d&uuml;rfen w&uuml;rden wohl mehr f&uuml;r den Absatz dieser Autos bringen als Pr&auml;mien.<\/p>\n<p>Den Vogel schoss FDP-Spitzenkandidat Hans-Ulrich R&uuml;lke. Eine H&ouml;rerfrage war, warum er gegen ein Tempo 130 auf Autobahnen ist. Seien Antwort: &#8222;Wenn ein Gesetz nicht n&ouml;tig ist sollte man es auch nicht beschlie&szlig;en&#8220;. Also keinerlei fachliche Auseinandersetzung. Es gibt gen&uuml;gend Untersuchungen das ein Tempolimit viele Vorteile hat: es sinken die Emissionen, es gibt weniger und weniger schwere Unf&auml;lle und weil eine Ursache von Staus die unterschiedliche Geschwindigkeit ist gibt es auch weniger Staus. Vor allem: es ist ja nicht so das wir damit Vorreiter w&auml;ren wie dies war als man das Gesetz f&uuml;r die Verg&uuml;tung regenerativen Energien unter Rot-Gr&uuml;n einf&uuml;hrte. In allen L&auml;ndern Europas gibt es Geschwindigkeitsbegrenzungen. Wenn man in einem Feld hinterherhinkt kann man sich sicher sein, das man etwas falsch macht.<\/p>\n<p>Das schlimme ist das die Politik wirkliche Reformen nicht angeht. Die Reform der Rentenversicherung und des Gesundheitssystems w&auml;re &uuml;berf&auml;llig. Bei der Rente hat man das vertragt. nicht nur weil es unterschiedliche Meinungen in der Koalition gibt sondern weil dieses Jahr f&uuml;nf Landtagswahlen sind und die meisten W&auml;hler von CDU und SPD sind nun eben im fortgeschrittenen Alter. Kein Wunder das die AfD bei der letzten Bundestagswahl vor allem bei den Jungw&auml;hlern gut abschnitt. so radikal wie sie sind, sie wollen wenigstens etwas &auml;ndern, wenn auch nicht zum besseren.<\/p>\n<p>Nach der Wahl geht es weiter. Dieselbe CDU die vor einigen Wochen noch von &#8222;Lifestyle-Freizeit&#8220; sprach will nun die Amtszeit des Ministerpr&auml;sidenten teilen. Also auf die ganze Amtszeit gerechnet eine 50 % Teilzeit. Aha und das ist nun keine Lifestyle-Freizeit? Wenn ihr wirklich was gegen die Politikverdrossenheit machen wollt, dann &uuml;berlegt euch lieber zweimal was ihr sagt. Bei Scholz wurde ja immer bem&auml;ngelt das er das gemacht hat und dann eben oft nichts sagte. Nach den letzten Meinungsumfragen ist Merz aber durch seine unbedachten &Auml;u&szlig;erungen noch unbeliebter als es Scholz je war.<\/p>\n","protected":false},"excerpt":{"rendered":"<div class=\"pvc_clear\"><\/div>\n<p id=\"pvc_stats_18603\" class=\"pvc_stats all  \" data-element-id=\"18603\" style=\"\"><i class=\"pvc-stats-icon medium\" aria-hidden=\"true\"><svg aria-hidden=\"true\" focusable=\"false\" data-prefix=\"far\" data-icon=\"chart-bar\" role=\"img\" xmlns=\"http:\/\/www.w3.org\/2000\/svg\" viewBox=\"0 0 512 512\" class=\"svg-inline--fa fa-chart-bar fa-w-16 fa-2x\"><path fill=\"currentColor\" d=\"M396.8 352h22.4c6.4 0 12.8-6.4 12.8-12.8V108.8c0-6.4-6.4-12.8-12.8-12.8h-22.4c-6.4 0-12.8 6.4-12.8 12.8v230.4c0 6.4 6.4 12.8 12.8 12.8zm-192 0h22.4c6.4 0 12.8-6.4 12.8-12.8V140.8c0-6.4-6.4-12.8-12.8-12.8h-22.4c-6.4 0-12.8 6.4-12.8 12.8v198.4c0 6.4 6.4 12.8 12.8 12.8zm96 0h22.4c6.4 0 12.8-6.4 12.8-12.8V204.8c0-6.4-6.4-12.8-12.8-12.8h-22.4c-6.4 0-12.8 6.4-12.8 12.8v134.4c0 6.4 6.4 12.8 12.8 12.8zM496 400H48V80c0-8.84-7.16-16-16-16H16C7.16 64 0 71.16 0 80v336c0 17.67 14.33 32 32 32h464c8.84 0 16-7.16 16-16v-16c0-8.84-7.16-16-16-16zm-387.2-48h22.4c6.4 0 12.8-6.4 12.8-12.8v-70.4c0-6.4-6.4-12.8-12.8-12.8h-22.4c-6.4 0-12.8 6.4-12.8 12.8v70.4c0 6.4 6.4 12.8 12.8 12.8z\" class=\"\"><\/path><\/svg><\/i> <img loading=\"lazy\" decoding=\"async\" width=\"16\" height=\"16\" alt=\"Loading\" src=\"https:\/\/www.bernd-leitenberger.de\/blog\/wp-content\/plugins\/page-views-count\/ajax-loader-2x.gif\" border=0 \/><\/p>\n<div class=\"pvc_clear\"><\/div>\n<p>Bei uns wurde in BW gew&auml;hlt und nat&uuml;rlich gab es jede Menge Sendungen im Radio und Fernsehen mit den Spitzenkandidaten. Ich habe mir die SWR1 Reihe &#8222;Leute&#8220;, ein Radio-Talkformat mit den Spitzenkandidaten angeh&ouml;rt und nehme das mal als Aufh&auml;nger etwas &uuml;ber das zu schreiben was mich an der Politik in immer gr&ouml;&szlig;erem Ma&szlig;e st&ouml;rt auch [&hellip;]<\/p>\n","protected":false},"author":169,"featured_media":0,"comment_status":"open","ping_status":"closed","sticky":false,"template":"","format":"standard","meta":{"_jetpack_memberships_contains_paid_content":false,"footnotes":""},"categories":[1],"tags":[570,5379,5378],"class_list":["post-18603","post","type-post","status-publish","format-standard","hentry","category-allgemein","tag-atomkraftwerke","tag-technologieoffenheit","tag-verbrennerverbot","entry"],"a3_pvc":{"activated":true,"total_views":505,"today_views":0},"jetpack_featured_media_url":"","jetpack-related-posts":[{"id":4557,"url":"https:\/\/www.bernd-leitenberger.de\/blog\/2011\/04\/03\/atom-und-wahlnachlese\/","url_meta":{"origin":18603,"position":0},"title":"Atom- und Wahlnachlese","author":"Bernd Leitenberger","date":"3. April 2011","format":false,"excerpt":"Nun einige Wochen nach dem Super-Gau von Japan wird es an der Zeit f?r eine Nachlese und zwar eine etwas allgemeiner gehaltene. Ich m?chte an dieser Stelle mal meine Einstellung zur Kernkraft in den letzten Jahrzehnten reflektieren. Ich war urspr?nglich f?r Kernkraft. Wie viele andere, glaubte ich an umweltfreundliche Energie\u2026","rel":"","context":"In &quot;Allgemein&quot;","block_context":{"text":"Allgemein","link":"https:\/\/www.bernd-leitenberger.de\/blog\/category\/allgemein\/"},"img":{"alt_text":"","src":"","width":0,"height":0},"classes":[]},{"id":18488,"url":"https:\/\/www.bernd-leitenberger.de\/blog\/2026\/01\/16\/die-raumfahrtnachlese-2025\/","url_meta":{"origin":18603,"position":1},"title":"Die Raumfahrtnachlese 2025","author":"Bernd Leitenberger","date":"16. Januar 2026","format":false,"excerpt":"Ich schiebe etwas sp\u00e4t eine kurze Raumfahrtnachlese f\u00fcr 2025 nach. Das auff\u00e4lligste ist nat\u00fcrlich der rasante Anstieg der Starts bzw. Startversuche, 325 waren es letztes Jahr. Eine Steigerung um 58 gegen\u00fcber letztem Jahr und damit nicht nur in der H\u00f6he ein Rekord, sondern auch im Zuwachs. Nur mal als Vergleich\u2026","rel":"","context":"In &quot;Raumfahrt&quot;","block_context":{"text":"Raumfahrt","link":"https:\/\/www.bernd-leitenberger.de\/blog\/category\/raumfahrt\/"},"img":{"alt_text":"","src":"https:\/\/vg06.met.vgwort.de\/na\/25bb1cf6b21949af835bc77482e531d6","width":350,"height":200},"classes":[]},{"id":14393,"url":"https:\/\/www.bernd-leitenberger.de\/blog\/2019\/11\/06\/warum-tut-man-sich-so-schwer-auf-etwas-voellig-ueberfluessiges-zu-verzichten\/","url_meta":{"origin":18603,"position":2},"title":"Warum tut man sich so schwer, auf etwas v&ouml;llig &Uuml;berfl&uuml;ssiges zu verzichten?","author":"Bernd Leitenberger","date":"6. November 2019","format":false,"excerpt":"Gestern war erneut das \u201eKlimakabinett\u201c aktiv. Sie haben den Ausbau der Ladeinfrastruktur und des Netzes an Wasserstoffnetzen beschlossen. Mal abgesehen davon das dies nicht in den Verantwortungsbereich der Bundesregierung, sondern der Betreiber der entsprechenden Stationen f\u00e4llt, ist das wieder ein Beispiel f\u00fcr Aktionismus. Genauso wie die nun erh\u00f6hte Elektroautopr\u00e4mie. Wer\u2026","rel":"","context":"In &quot;Allgemein&quot;","block_context":{"text":"Allgemein","link":"https:\/\/www.bernd-leitenberger.de\/blog\/category\/allgemein\/"},"img":{"alt_text":"","src":"https:\/\/vg02.met.vgwort.de\/na\/a4a87b4f3c004c9ba9d11e2f979f8aac","width":350,"height":200},"classes":[]},{"id":18643,"url":"https:\/\/www.bernd-leitenberger.de\/blog\/2026\/04\/22\/reiches-endlager\/","url_meta":{"origin":18603,"position":3},"title":"Reiches Endlager","author":"Bernd Leitenberger","date":"22. April 2026","format":false,"excerpt":"Man ist ja von der derzeitigen Bundeswirtschaftsministerin Katherina Reiche einiges gewohnt. Mal will sie 40 neue Gaskraftwerke bauen, dann die F\u00f6rderung regenerativer Energien ab dem 1. Januar 2027 einstellen, schon jetzt bekommen nach einer Gesetzesreform Betreiber von Windkraftanlagen keine Verg\u00fctung mehr f\u00fcr Strom. den sie nicht einspeisen k\u00f6nnen, weil die\u2026","rel":"","context":"In &quot;M\u00fcnchhausens Kolumne&quot;","block_context":{"text":"M\u00fcnchhausens Kolumne","link":"https:\/\/www.bernd-leitenberger.de\/blog\/category\/satire\/muenchhausen\/"},"img":{"alt_text":"","src":"","width":0,"height":0},"classes":[]},{"id":18480,"url":"https:\/\/www.bernd-leitenberger.de\/blog\/2025\/12\/27\/die-umweltbilanz-der-new-shepard\/","url_meta":{"origin":18603,"position":4},"title":"Die Umweltbilanz der New Shepard","author":"Bernd Leitenberger","date":"27. Dezember 2025","format":false,"excerpt":"K\u00fcrzlich ist die deutsche Michaela Benthaus mit Blue Origin auf der Mission New Shepard NS37 geflogen. Da die Dame querschnittsgel\u00e4hmt ist, war dies den Nachrichten eine Schlagzeile wert, \u00e4hnlich wie vor einigen Monaten der Flug von Kate Perry, ebenfalls mit Blue Origin auf der New Shepard. Was dabei untergegangen ist,\u2026","rel":"","context":"In &quot;Raumfahrt&quot;","block_context":{"text":"Raumfahrt","link":"https:\/\/www.bernd-leitenberger.de\/blog\/category\/raumfahrt\/"},"img":{"alt_text":"","src":"https:\/\/vg04.met.vgwort.de\/na\/99ff84c04ca842a2baa1d4552eb54bab","width":350,"height":200},"classes":[]},{"id":18502,"url":"https:\/\/www.bernd-leitenberger.de\/blog\/2026\/01\/22\/der-ariane-kompatible-orbit\/","url_meta":{"origin":18603,"position":5},"title":"Der Ariane-Kompatible Orbit","author":"Bernd Leitenberger","date":"22. Januar 2026","format":false,"excerpt":"Heute wieder ein Grundlagenblog f\u00fcr alle, die die Grundlagen auf der Website noch nicht entdeckt haben, oder sie ihnen zu detailliert sind oder die einfach nur den Blog lesen. Es geht um einen Begriff, den man heute kaum noch h\u00f6rt, der aber mal das Ma\u00df der Dinge war und was\u2026","rel":"","context":"In &quot;Allgemein&quot;","block_context":{"text":"Allgemein","link":"https:\/\/www.bernd-leitenberger.de\/blog\/category\/allgemein\/"},"img":{"alt_text":"","src":"https:\/\/vg06.met.vgwort.de\/na\/901d5ccaac304c8baace44abf9e7aebe","width":350,"height":200},"classes":[]}],"jetpack_sharing_enabled":true,"amp_enabled":true,"_links":{"self":[{"href":"https:\/\/www.bernd-leitenberger.de\/blog\/wp-json\/wp\/v2\/posts\/18603","targetHints":{"allow":["GET"]}}],"collection":[{"href":"https:\/\/www.bernd-leitenberger.de\/blog\/wp-json\/wp\/v2\/posts"}],"about":[{"href":"https:\/\/www.bernd-leitenberger.de\/blog\/wp-json\/wp\/v2\/types\/post"}],"author":[{"embeddable":true,"href":"https:\/\/www.bernd-leitenberger.de\/blog\/wp-json\/wp\/v2\/users\/169"}],"replies":[{"embeddable":true,"href":"https:\/\/www.bernd-leitenberger.de\/blog\/wp-json\/wp\/v2\/comments?post=18603"}],"version-history":[{"count":0,"href":"https:\/\/www.bernd-leitenberger.de\/blog\/wp-json\/wp\/v2\/posts\/18603\/revisions"}],"wp:attachment":[{"href":"https:\/\/www.bernd-leitenberger.de\/blog\/wp-json\/wp\/v2\/media?parent=18603"}],"wp:term":[{"taxonomy":"category","embeddable":true,"href":"https:\/\/www.bernd-leitenberger.de\/blog\/wp-json\/wp\/v2\/categories?post=18603"},{"taxonomy":"post_tag","embeddable":true,"href":"https:\/\/www.bernd-leitenberger.de\/blog\/wp-json\/wp\/v2\/tags?post=18603"}],"curies":[{"name":"wp","href":"https:\/\/api.w.org\/{rel}","templated":true}]}}