{"id":2905,"date":"2010-06-25T16:06:59","date_gmt":"2010-06-25T14:06:59","guid":{"rendered":"http:\/\/www.bernd-leitenberger.de\/blog\/?p=2905"},"modified":"2010-06-25T16:12:49","modified_gmt":"2010-06-25T14:12:49","slug":"wacko-jacko","status":"publish","type":"post","link":"https:\/\/www.bernd-leitenberger.de\/blog\/2010\/06\/25\/wacko-jacko\/","title":{"rendered":"Wacko Jacko?"},"content":{"rendered":"<p><img loading=\"lazy\" decoding=\"async\" class=\"alignleft\" title=\"Michael Javkson mit 50\" src=\"http:\/\/irpmail.com\/wp-content\/uploads\/2009\/06\/2002_797647i.jpg\" alt=\"\" width=\"620\" height=\"400\" \/>Ein Jahr ist es nun her, dass Michael Jackson gestorben ist. Nun kommen wieder eine Reihe von Dokumentationen raus. Ich habe mir vor etwa einem Monat schon eine auf ARTE angesehen. Ich habe sie f&uuml;r relativ gut gehalten, doch im Endeffekt kam auch so was raus wie &#8222;nix genaues weiss mer net&#8220;. Ich habe mir f&uuml;r den Blog &uuml;berlegt was man wohl thematisieren sollte. Die Prozesse wegen (angeblichem?) Kindesmissbrauch? Seine finanzielle Situation? Die Operationen?<\/p>\n<p>Vielleicht schreibe ich mal auf was ich denke: Zum Vorwurf des sexuellen Missbrauchs. Sagen wir mal vorsichtig: Irgendwas stimmt sicher nicht bei Michael Jackson. Die Kinder scheinen von Samenspendern aus dem Bekanntenkreis zu stammen &#8211; wenn er schon nicht der leibliche Vater ist, warum adoptierte er nicht eines wie das nun ja bei Hollywood Stars inzwischen Mode geworden ist? Das w&auml;re zumindest nicht so merkw&uuml;rdig wie die Vorgehensweise und man fragt sich nicht so sehr &uuml;ber seine sexuelle Pr&auml;gung. Trotzdem denke ich ist nichts an den Missbrauchsvorw&uuml;rfen dran. Zum einen spricht das Design der Neverland Ranch wohl eher f&uuml;r jemanden der innerlich Kind geblieben ist oder gerne sein m&ouml;chte. Zum anderen waren die angeblichen Missbrauchsopfer vorher mit Jackson bei vielen offiziellen Anl&auml;ssen samt Familie zu sehen. Das kann ich mir bei einem Missbrauch nicht vorstellen, wohl aber bei Eltern die noch mehr Geld aus Jackson rausschlagen wollen als das &uuml;ber die Freundesschiene geht.<!--more--><\/p>\n<p><img loading=\"lazy\" decoding=\"async\" class=\"alignleft\" title=\"Michael Jackson mit 20\" src=\"http:\/\/irpmail.com\/wp-content\/uploads\/2009\/06\/jackson3_1431471i.jpg\" alt=\"\" width=\"620\" height=\"400\" \/>Das f&uuml;hrt mich zum Thema Geld: Wie bringt man es fertig mit Kassenschlagern wie dem &#8222;Thriller&#8220; und &#8222;Bad&#8220; Album so in die Kreide zu kommen? Er beschaffte sich ja mit den Erl&ouml;sen von Thriller sogar die Rechte an den Beatles Songs, was noch mehr Geld einbrachte. Auch wenn der Beitrag nicht vollst&auml;ndig Aufkl&auml;rung brauchte war doch einiges klar: Mehrere erfolglose Alben bei denen die Plattenfirmen schon die Videos nicht mehr finanzieren wollten, bei denen Michael Jackson ja schon immer enorme Summen investierte, waren wohl der Hauptkostenpunkt weniger die ausgaben f&uuml;r Privatvergn&uuml;gen.<\/p>\n<p>Er starb ja an einem Narkosemittel. Dieses nahm er weil er Schmerzen hatte. Die waren nach Ansicht eines plastischen Chirurgen, der fr&uuml;her Michael Jacksons &Auml;rzte beraten hatte auf die Operationen und die Bleichcreme zur&uuml;ckzuf&uuml;hren. Beide hatten sich verst&auml;rkende Wirkung. Die Haut wurde durch die Operationen angegriffen und spannte. (Die Nasenspitze ist ja schon abgefallen weil sie nicht mehr durchblutet wurde) und die Bleichcreme die er nahm weil er angeblich eine sehr seltene pigment&ouml;se St&ouml;rung hat, bei denen die Haut stellenweise wei&szlig; wird (aber nicht &uuml;berall) greift die Haut an und siw wird d&uuml;nn, fast pergamentartig und schmerzt.<\/p>\n<p>Mir ist zumindest einiges klar: W&auml;re er nicht ber&uuml;hmt geworden, so w&uuml;rde er wohl heute noch leben und w&auml;re vielleicht auch gl&uuml;cklicher. Ich bin mir nicht sicher, ob er jemals gl&uuml;cklich w&auml;re. Denn diese Operationen und das merkw&uuml;rdige Verhalten passen sicher nicht zu jemanden, der mit sich selbst zufrieden ist. Doch wenn man in der &Ouml;ffentlichkeit steht, viele neue &#8222;Freunde&#8220; auftauchen und noch mehr Leute die einen ausnutzen wollen, dann ist das f&uuml;r jemanden der (aus welchen Gr&uuml;nden auch immer) schon vorher psychische Probleme hat das noch verst&auml;rkend. Schon beim Aussehen ist doch klar, dass Michael jemand sein wollte als der er nicht geboren wurde. Als &#8222;Normalo&#8220; w&auml;re auf jeden Fall weniger auf in zugekommen und er h&auml;tte nicht das Geld f&uuml;r die Operationen gehabt und seine Umgebung h&auml;tte ihm wohl auch ein entsprechendes Feedback gegeben.<\/p>\n<p>Das ist das grundlegende Problem wenn due ber&uuml;hmt bist: Alle sind pl&ouml;tzlich deiner Meinung und finden alles toll was Du machst. Das war wohl auch das Problem beim Arzt. Heute steht er vor Gericht und ich wei&szlig; nicht ob? er schuldig ist oder nicht. Das Problem das ich zumindest verstehen kann: Was macht man bei einem Patienten wie Michael Jackson, denn man vielleicht nicht verlieren m&ouml;chte? Zu w&uuml;nschen w&auml;re es dass man trotzdem das beste f&uuml;r die Gesundheit tut, aber dann gibt es das Risiko dass man den Promi los ist. Und der geht zum n&auml;chsten Arzt. Ich bin mir auch sicher, dass es sicher verantwortungsvolle plastische Chirurgen gab die nicht operieren wollten. Aber es gibt eben genug welche nicht auf diesen Patienten verzichten wollten.<\/p>\n<p>Um zum Titel zur&uuml;ckzukommen: Ja ich denke man kann vom Wacko Jacko reden.<\/p>\n","protected":false},"excerpt":{"rendered":"<p>Ein Jahr ist es nun her, dass Michael Jackson gestorben ist. Nun kommen wieder eine Reihe von Dokumentationen raus. Ich habe mir vor etwa einem Monat schon eine auf ARTE angesehen. Ich habe sie f&uuml;r relativ gut gehalten, doch im Endeffekt kam auch so was raus wie &#8222;nix genaues weiss mer net&#8220;. Ich habe mir [&hellip;]<\/p>\n","protected":false},"author":169,"featured_media":0,"comment_status":"open","ping_status":"open","sticky":false,"template":"","format":"standard","meta":{"_jetpack_newsletter_access":"","_jetpack_dont_email_post_to_subs":false,"_jetpack_newsletter_tier_id":0,"_jetpack_memberships_contains_paywalled_content":false,"_jetpack_memberships_contains_paid_content":false,"footnotes":""},"categories":[1],"tags":[531,1217],"class_list":["post-2905","post","type-post","status-publish","format-standard","hentry","category-allgemein","tag-michael-jackson","tag-wacko-jacko","entry"],"a3_pvc":{"activated":false,"total_views":195,"today_views":0},"jetpack-related-posts":[{"id":4557,"url":"https:\/\/www.bernd-leitenberger.de\/blog\/2011\/04\/03\/atom-und-wahlnachlese\/","url_meta":{"origin":2905,"position":0},"title":"Atom- und Wahlnachlese","author":"Bernd Leitenberger","date":"03.04.2011","format":false,"excerpt":"Nun einige Wochen nach dem Super-Gau von Japan wird es an der Zeit f?r eine Nachlese und zwar eine etwas allgemeiner gehaltene. Ich m?chte an dieser Stelle mal meine Einstellung zur Kernkraft in den letzten Jahrzehnten reflektieren. Ich war urspr?nglich f?r Kernkraft. Wie viele andere, glaubte ich an umweltfreundliche Energie\u2026","rel":"","context":"In &quot;Allgemein&quot;","block_context":{"text":"Allgemein","link":"https:\/\/www.bernd-leitenberger.de\/blog\/category\/allgemein\/"},"img":{"alt_text":"","src":"","width":0,"height":0},"classes":[]},{"id":5088,"url":"https:\/\/www.bernd-leitenberger.de\/blog\/2011\/07\/14\/das-ende-des-space-shuttles-der-fehlende-nachfolger\/","url_meta":{"origin":2905,"position":1},"title":"Das Ende des Space Shuttles &#8211; der fehlende Nachfolger","author":"Bernd Leitenberger","date":"14.07.2011","format":false,"excerpt":"Nun da Atlantis die letzte Reise eines Shuttles durchf?hrt, ist es Zeit die lockere Serie ?ber das Shuttle zu Ende zu schreiben. Anfang der achtziger Jahre war klar, dass die? Shuttles nicht das erf?llten was man sich von ihnen versprach. Geplant war einmal ein Gef?hrt, dessen Transportkosten vor allem von\u2026","rel":"","context":"In &quot;Raumfahrt&quot;","block_context":{"text":"Raumfahrt","link":"https:\/\/www.bernd-leitenberger.de\/blog\/category\/raumfahrt\/"},"img":{"alt_text":"","src":"","width":0,"height":0},"classes":[]},{"id":13379,"url":"https:\/\/www.bernd-leitenberger.de\/blog\/2018\/05\/09\/die-nutzlasten-der-nicht-gebauten-saturn\/","url_meta":{"origin":2905,"position":2},"title":"Die Nutzlasten der nicht gebauten Saturn","author":"Bernd Leitenberger","date":"09.05.2018","format":false,"excerpt":"Wie bei vielen anderen Raketen waren einmal leistungsst\u00e4rkere Versionen der Saturn V geplant. Schaut man in die Archive, so findet man viele Pl\u00e4ne, die meisten setzen jedoch umfangreiche \u00c4nderungen voraus so der Einsatz von FLOX als Oxidator in der ersten Stufe oder eine nukleare Oberstufe. Ich habe das Thema \u201eSaturn\u2026","rel":"","context":"In &quot;Raumfahrt&quot;","block_context":{"text":"Raumfahrt","link":"https:\/\/www.bernd-leitenberger.de\/blog\/category\/raumfahrt\/"},"img":{"alt_text":"","src":"http:\/\/vg06.met.vgwort.de\/na\/7f9f0465c933497ebc396f676650eb5d","width":350,"height":200},"classes":[]},{"id":14020,"url":"https:\/\/www.bernd-leitenberger.de\/blog\/2019\/06\/15\/was-waere-wenn-es-wernher-von-braun-nicht-gegeben-haette\/","url_meta":{"origin":2905,"position":3},"title":"Was w&auml;re wenn \u2013 es Wernher von Braun nicht gegeben h&auml;tte?","author":"Bernd Leitenberger","date":"15.06.2019","format":false,"excerpt":"In f\u00fcnf Wochen j\u00e4hrt sich das 50-ste Jubil\u00e4um von Apollo 11. Dann laufen wieder viele Dokus \u00fcber den Wettlauf im All und auch wieder welche um Wernher von Braun. Um ihn kommt man ja nicht herum. Denn er hat nicht nur die Saturn V entwickelt, sondern auch die Raketen, die\u2026","rel":"","context":"In &quot;Allgemein&quot;","block_context":{"text":"Allgemein","link":"https:\/\/www.bernd-leitenberger.de\/blog\/category\/allgemein\/"},"img":{"alt_text":"","src":"https:\/\/vg02.met.vgwort.de\/na\/208c56f98e0247c0aeecd2575afa1d16","width":350,"height":200},"classes":[]},{"id":18683,"url":"https:\/\/www.bernd-leitenberger.de\/blog\/2026\/06\/01\/die-glorreichen-10-programmiersprachen-2\/","url_meta":{"origin":2905,"position":4},"title":"Die glorreichen 10 \u2013 Programmiersprachen (2)","author":"Bernd Leitenberger","date":"01.06.2026","format":false,"excerpt":"Der heutige Teil schlie\u00dft nahtlos an den ersten Teil an, der gestern erschien. Es geht um 10 Kriterien anhand derer man Programmiersprachen kategorisieren kann. Maschinennah oder universell, aber komplex Als eine maschinennahe Sprache bezeichnet man eine Sprache, die nahe den M\u00f6glichkeiten von Prozessoren ist. Das Paradebeispiel ist C. Alle Prozessoren\u2026","rel":"","context":"In &quot;Die Glorreichen 10&quot;","block_context":{"text":"Die Glorreichen 10","link":"https:\/\/www.bernd-leitenberger.de\/blog\/category\/allgemein\/die-glorreichen-10\/"},"img":{"alt_text":"","src":"https:\/\/vg09.met.vgwort.de\/na\/7f5d9cf5265047179df05b778bf455b5","width":350,"height":200},"classes":[]},{"id":18888,"url":"https:\/\/www.bernd-leitenberger.de\/blog\/2026\/08\/27\/die-ki-nachlese-nach-drei-jahren\/","url_meta":{"origin":2905,"position":5},"title":"Die KI &#8211; Nachlese nach drei Jahren","author":"Bernd Leitenberger","date":"27.08.2026","format":false,"excerpt":"Als die KI vor einigen Jahren aufkam, konnte man ihr noch etliche Tatsachen unterschieben. Ich empfehle, meinen Beitrag \u201eMariner\u202f10 und ChatGPT\u201c mal durchzulesen. Der Beitrag ist sehr humorvoll zu lesen, weil die KI fabuliert und sich auch entschuldigt, wenn man der KI v\u00f6lligen Unsinn als Tatsache vorsetzt. Selbst Bilder waren\u2026","rel":"","context":"In &quot;KI&quot;","block_context":{"text":"KI","link":"https:\/\/www.bernd-leitenberger.de\/blog\/category\/ki\/"},"img":{"alt_text":"","src":"\/img\/nightcafebild.jpg","width":350,"height":200,"srcset":"\/img\/nightcafebild.jpg 1x, \/img\/nightcafebild.jpg 1.5x, \/img\/nightcafebild.jpg 2x, \/img\/nightcafebild.jpg 3x"},"classes":[]}],"jetpack_sharing_enabled":true,"amp_enabled":true,"jetpack_featured_media_url":"","_links":{"self":[{"href":"https:\/\/www.bernd-leitenberger.de\/blog\/wp-json\/wp\/v2\/posts\/2905","targetHints":{"allow":["GET"]}}],"collection":[{"href":"https:\/\/www.bernd-leitenberger.de\/blog\/wp-json\/wp\/v2\/posts"}],"about":[{"href":"https:\/\/www.bernd-leitenberger.de\/blog\/wp-json\/wp\/v2\/types\/post"}],"author":[{"embeddable":true,"href":"https:\/\/www.bernd-leitenberger.de\/blog\/wp-json\/wp\/v2\/users\/169"}],"replies":[{"embeddable":true,"href":"https:\/\/www.bernd-leitenberger.de\/blog\/wp-json\/wp\/v2\/comments?post=2905"}],"version-history":[{"count":0,"href":"https:\/\/www.bernd-leitenberger.de\/blog\/wp-json\/wp\/v2\/posts\/2905\/revisions"}],"wp:attachment":[{"href":"https:\/\/www.bernd-leitenberger.de\/blog\/wp-json\/wp\/v2\/media?parent=2905"}],"wp:term":[{"taxonomy":"category","embeddable":true,"href":"https:\/\/www.bernd-leitenberger.de\/blog\/wp-json\/wp\/v2\/categories?post=2905"},{"taxonomy":"post_tag","embeddable":true,"href":"https:\/\/www.bernd-leitenberger.de\/blog\/wp-json\/wp\/v2\/tags?post=2905"}],"curies":[{"name":"wp","href":"https:\/\/api.w.org\/{rel}","templated":true}]}}