{"id":3107,"date":"2010-09-11T08:00:17","date_gmt":"2010-09-11T06:00:17","guid":{"rendered":"http:\/\/www.bernd-leitenberger.de\/blog\/?p=3107"},"modified":"2012-06-28T19:51:39","modified_gmt":"2012-06-28T17:51:39","slug":"ballonaufstiege-in-friedrichshafen-am-26-juni-2010","status":"publish","type":"post","link":"https:\/\/www.bernd-leitenberger.de\/blog\/2010\/09\/11\/ballonaufstiege-in-friedrichshafen-am-26-juni-2010\/","title":{"rendered":"Ballonaufstiege in Friedrichshafen am 26. Juni 2010"},"content":{"rendered":"<p>Ich habe am letzten Juniwochenende die Amateurfunkmesse <em>Ham Radio 2010<\/em> in Friedrichshafen besucht, weil dort zwei Ballone vom Amateurfunkverband <em>P56<\/em> (Taubertal) mit franz&ouml;sischer, &ouml;sterreichischer und polnischer Beteiligung gestartet wurden. Ich habe viel gelernt und m&ouml;chte hier einmal beschreiben, was ich erlebt habe.<\/p>\n<p><!--more--><\/p>\n<p>Die Ballone:<\/p>\n<p>Die beiden Ballone trugen unterschiedliche Nutzlasten, deren Beschreibung nun folgt.<\/p>\n<p>Ballon 1:<\/p>\n<ul>\n<li>Lineartransponder (&Ouml;sterreich), der Funksignale vom 2 Meter-Band in das 70 cm-Band &#8222;&uuml;bersetzt&#8220; hat<\/li>\n<li>Hauptnutzlast mit Sender, Empf&auml;nger, Datenlogger, GPS, Druchksensor, Temperatur- und Feuchtigkeitssensor, gedrucktes Solarpaneel zur Feststellung der Leistung, Ozonsensor (Fraunhofer Institut)<\/li>\n<\/ul>\n<p>Ballon 2:<\/p>\n<ul>\n<li>Amateurfernsehanlage (ATV) mit zwei Kameras (eine senkrecht nach unten und eine zur Seite gerichtet), welche alle drei Minuten automatisch umgeschaltet wurden.<\/li>\n<li>Kameranlage (Polen), die automatisch Bilder nach schr&auml;g unten aufgenommen hat<\/li>\n<li>Hauptnutzlast wie oben, aber mit modifizierter <em>Vaisala-Sonde<\/em> (Wettersonde f&uuml;r &#8222;normale&#8220; Wetterballone), Geigerz&auml;hler<\/li>\n<\/ul>\n<p>Beide Ballone wurden gegen 10:30 Uhr am 26.6. auf dem Messegel&auml;nde mit Helium gef&uuml;llt. W&auml;hrenddessen wurden die jeweiligen Nutzlasten mit einem Nylonfaden miteinander verbunden, sodass die Ger&auml;te jeweils in einer Reihe untereinander hingen, ganz oben der Fallschirm (rote Plastikfolie) und der Radarreflektor (der aus aluminiumbeschichteter Pappe bestand). Die Ballone wurden dann kurz nacheinander um11:50 Uhr (Nr.2)? und 12:02 Uhr (Nr.1) gestartet.<\/p>\n<p>Nach dem Start wurde auf einem Fernseher neben dem Startfeld das Bild der ATV-Anlage gezeigt, auf dem die Rotation des Ballons gut zu erkennen war. Weil aber der Start im Innenhof des Messegel&auml;ndes stattfand, verschwand der Ballon schnell aus der Sichtlinie der Antenne hinter der Dachkante, woraufhin das Signal nicht mehr empfangen wurde. Am Messestand wurde inzwischen &uuml;ber eine Internetseite der Aufstieg live verfolgt, d.h. der Downlink vom Ballon wurde direkt in eine Tabelle eingespeist, die sich automatisch aktualisierte. Nach einiger Zeit stellten wir fest, dass es im Router zur Webseite eine Fehlfunktion geben musste, da sich die Messdaten der Sensoren in der Tabelle nicht aktualisierten. Die Sensoren arbeiteten aber, wie wir am direkt empfangenen Downlink sehen konnten.<\/p>\n<p>Nach einiger Zeit fiel das GPS des zweiten Ballons aus, sodass wir von dort an nicht wussten, wo er sich befand und wo er niedergehen w&uuml;rde (dies war aber schon auf dem absteigenden Ast der Bahn, sodass die Maximalh&ouml;he bekannt ist). Ballon 1 hingegen sendete weiter Positionsdaten. Ballon 1 platzte um 13:43 Uhr in 28917 m H&ouml;he (was also eine durchschnittliche Steiggeschwindigkeit von 4.7 m\/s bedeutet, f&uuml;r die Rechnung wurde die Meeresh&ouml;he von Friedrichshafen (400 m &uuml;.N.N.) abgezogen). Ballon 2 platzte um 13:47? Uhr in 27778 m H&ouml;he (Durchschnittliche Steiggeschwindigkeit hier 3.9 m\/s).<\/p>\n<p>Der erste Ballon sendete bis in eine H&ouml;he von ca. 1000 m noch Daten bevor die Verbindung aufgrund der Berge zwischen dem Ballon und der Bodenstation abbrach. Weil die Ortschaft Weisslingen in der Schweiz, wo der Ballon niederging, 576 m &uuml;.N.N. liegt, gab es also noch bis ca. 400 m &uuml;ber dem Boden Daten vom Ballon. Der Ballon landete gegen 14:12 Uhr, was eine durchschnittliche Fallgeschwindigkeit von -16.3 m\/s und eine Gesamtaufstiegsdauer von 130 Minuten bedeutet. Nach der Landung allerdings konnte der Ballon nicht gefunden werden, auch nicht als ein Flugzeug gemietet wurde, um den Ballon aus der Luft zu suchen. Es wird vermutet, dass jemand die Nutzlast mitgenommen hat, aber bis heute ist nichts weiteres dar&uuml;ber festgestellt worden.<\/p>\n<p>Ballon 2 sendete nach dem Aufprall auf dem Boden wieder Positionsdaten aus und konnte von dem Team, welches den Ballonen hinterherfuhr, schnell gefunden werden. Er landete in der Ortschaft Maur am Greifensee (476 m &uuml;.N.N.) gegen 14:18 Uhr, also nach einem Fall mit einer durchschnittlichen Geschwindigkeit von -14.7 m\/s und einer Aufstiegsdauer von 148 Minuten.<\/p>\n<p>Anmerkung zur durchschnittlichen Fallgeschwindigkeit: Diese Werte scheinen hoch zu sein und sie sind es auch. Das liegt daran, dass in den ersten Minuten des Falls die sehr geringe Luftdichte in der hohen Atmosph&auml;re (im Falle von Ballon 1 nur 1.7% und bei Ballon 2 nur 2% der Dichte am Erdboden) den Fallschirm nur eine sehr kleine Reibungskraft aus&uuml;ben l&auml;sst, weshalb der Fall am Anfang sehr schnell ist. Eine Rechnung mit der Annahme, dass der Fallschirm einen Durchmesser von 60 cm hat und die Nutzlast 2 kg wiegt, zeigt den folgenden Verlauf der Fallgeschwindigkeit von der Maximalh&ouml;he des ersten Ballons bis zum Boden:<\/p>\n<p><a href=\"http:\/\/www.bernd-leitenberger.de\/blog\/wp-content\/uploads\/2010\/08\/Plot_Fallgeschwindigkeit.png\"><img loading=\"lazy\" decoding=\"async\" class=\"alignnone size-medium wp-image-3390\" title=\"Plot_Fallgeschwindigkeit\" src=\"http:\/\/www.bernd-leitenberger.de\/blog\/wp-content\/uploads\/2010\/08\/Plot_Fallgeschwindigkeit-300x240.png\" alt=\"\" width=\"300\" height=\"240\" srcset=\"https:\/\/www.bernd-leitenberger.de\/blog\/wp-content\/uploads\/2010\/08\/Plot_Fallgeschwindigkeit-300x240.png 300w, https:\/\/www.bernd-leitenberger.de\/blog\/wp-content\/uploads\/2010\/08\/Plot_Fallgeschwindigkeit-1024x819.png 1024w, https:\/\/www.bernd-leitenberger.de\/blog\/wp-content\/uploads\/2010\/08\/Plot_Fallgeschwindigkeit.png 1280w\" sizes=\"auto, (max-width: 300px) 100vw, 300px\" \/><\/a><\/p>\n<p>Die Rechnung ergibt eine Geschwindigkeit von etwa 300 m\/s nahe der Maximalh&ouml;he. Auf der H&ouml;he der Landungsorte erh&auml;lt man eine Geschwindigkeit von 5.5 m\/s. Dies war langsam genug damit an der Nutzlast keine gr&ouml;&szlig;eren Sch&auml;den auftreten konnten.<\/p>\n<p>Die Bilder des Aufstieges gibt es hier: <a href=\"http:\/\/en.copernicus-project.org\/galeria,104,european_balloon_project_-_fly5_-_part_1\/1\">http:\/\/en.copernicus-project.org\/galeria,104,european_balloon_project_-_fly5_-_part_1\/1<\/a><\/p>\n<p>Und einen Bericht hier: <a href=\"http:\/\/p56.de\/ballonprojekt\/20100626.php\">http:\/\/p56.de\/ballonprojekt\/20100626.php<\/a><\/p>\n","protected":false},"excerpt":{"rendered":"<p>Ich habe am letzten Juniwochenende die Amateurfunkmesse Ham Radio 2010 in Friedrichshafen besucht, weil dort zwei Ballone vom Amateurfunkverband P56 (Taubertal) mit franz&ouml;sischer, &ouml;sterreichischer und polnischer Beteiligung gestartet wurden. Ich habe viel gelernt und m&ouml;chte hier einmal beschreiben, was ich erlebt habe.<\/p>\n","protected":false},"author":63,"featured_media":0,"comment_status":"open","ping_status":"open","sticky":false,"template":"","format":"standard","meta":{"_jetpack_memberships_contains_paid_content":false,"footnotes":""},"categories":[529],"tags":[540],"class_list":["post-3107","post","type-post","status-publish","format-standard","hentry","category-gastbeitraege","tag-kevin-glinka","entry"],"a3_pvc":{"activated":false,"total_views":288,"today_views":0},"jetpack_featured_media_url":"","jetpack-related-posts":[{"id":18504,"url":"https:\/\/www.bernd-leitenberger.de\/blog\/2026\/01\/25\/die-glorreichen-10-satellitenrekorde\/","url_meta":{"origin":3107,"position":0},"title":"Die glorreichen 10 &#8211; Satellitenrekorde","author":"Bernd Leitenberger","date":"25. Januar 2026","format":false,"excerpt":"Ich denke, es wird mal wieder Zeit f\u00fcr etwas leichte Unterhaltung die etwas Wissen vermittelt. Also einen Blog \u00fcber 10 Rekorde bei Satelliten, die ihr vielleicht noch nicht kennt. Um eines klarzustellen - es geht nur um Satelliten. Raumsonden sind au\u00dfen vor, weil bei ihnen vieles anderes ist, so kann\u2026","rel":"","context":"In &quot;Die Glorreichen 10&quot;","block_context":{"text":"Die Glorreichen 10","link":"https:\/\/www.bernd-leitenberger.de\/blog\/category\/allgemein\/die-glorreichen-10\/"},"img":{"alt_text":"","src":"\/img\/1kgsats.png","width":350,"height":200,"srcset":"\/img\/1kgsats.png 1x, \/img\/1kgsats.png 1.5x, \/img\/1kgsats.png 2x, \/img\/1kgsats.png 3x"},"classes":[]},{"id":18485,"url":"https:\/\/www.bernd-leitenberger.de\/blog\/2026\/01\/13\/programm-437\/","url_meta":{"origin":3107,"position":1},"title":"Programm 437","author":"Bernd Leitenberger","date":"13. Januar 2026","format":false,"excerpt":"Ich wei\u00df, ich mache mich in den letzten Wochen etwas rar. Daf\u00fcr gibt es zwei Gr\u00fcnde. Da ist zum einen die gesamte politische Lage. Prim\u00e4r nat\u00fcrlich in dem Land des unbegrenzten Irrsinns. Wenn der Machthaber von Venezuela entf\u00fchrt wird und unter falscher Begr\u00fcndung angeklagt wird - weil es ja in\u2026","rel":"","context":"In &quot;Raumfahrt&quot;","block_context":{"text":"Raumfahrt","link":"https:\/\/www.bernd-leitenberger.de\/blog\/category\/raumfahrt\/"},"img":{"alt_text":"","src":"https:\/\/vg06.met.vgwort.de\/na\/3d6eb16326d743baa56f5ece884b5d21","width":350,"height":200},"classes":[]},{"id":18515,"url":"https:\/\/www.bernd-leitenberger.de\/blog\/2026\/01\/30\/thor-agena-a-und-kh-1\/","url_meta":{"origin":3107,"position":2},"title":"Thor Agena A und KH-1","author":"Bernd Leitenberger","date":"30. Januar 2026","format":false,"excerpt":"Heute gibt es wieder als Blog-Artikel einen kleinen Auszug aus dem aktuellen Buchmanuskript. Diesmal der Artikel \u00fcber die Thor Agena A, eine der fr\u00fchen Versionen die nicht oft flog. Der Artikel ist trotzdem l\u00e4nger geworden, weil eine der Neuerung, die ich beim laufenden Manuskript eingef\u00fchrt habe, ist das ich auch\u2026","rel":"","context":"In &quot;Raumfahrt&quot;","block_context":{"text":"Raumfahrt","link":"https:\/\/www.bernd-leitenberger.de\/blog\/category\/raumfahrt\/"},"img":{"alt_text":"","src":"https:\/\/vg06.met.vgwort.de\/na\/8002b5135f8349af8dcfab89af02a721","width":350,"height":200},"classes":[]},{"id":18458,"url":"https:\/\/www.bernd-leitenberger.de\/blog\/2025\/10\/23\/die-agena-c-2\/","url_meta":{"origin":3107,"position":3},"title":"Die Agena C","author":"Bernd Leitenberger","date":"23. Oktober 2025","format":false,"excerpt":"Wie ihr sicher bemerkt habt, war es etwas ruhig hier im Blog. Der Grund ist ganz einfach, ich habe mich endlich entschlossen, einen Schlussstrich zu ziehen. Nein, nicht unter dem Blog. Seit f\u00fcnf Jahren will ich Band 2 des Apolloprogramms fertigstellen und habe in den letzten Jahren eigentlich immer nur\u2026","rel":"","context":"In &quot;Raumfahrt&quot;","block_context":{"text":"Raumfahrt","link":"https:\/\/www.bernd-leitenberger.de\/blog\/category\/raumfahrt\/"},"img":{"alt_text":"","src":"https:\/\/vg04.met.vgwort.de\/na\/d6474dec02b34cf385a0dfced0cffb64","width":350,"height":200},"classes":[]},{"id":18385,"url":"https:\/\/www.bernd-leitenberger.de\/blog\/2025\/09\/07\/spacex-splitter\/","url_meta":{"origin":3107,"position":4},"title":"SpaceX-Splitter","author":"Bernd Leitenberger","date":"7. September 2025","format":false,"excerpt":"Der heutige Blog ist nicht neu, das, was ich schreibe habe ich schon einige Male geschrieben, aber ebenso wie ich zum wiederholten Male Artikel \u00fcber den Fortschritt oder fehlenden Fortschritt in anderen Webseiten lese, denke ich kann man einiges noch mal aufkochen. Ich will das als eine Folge von fiktiven\u2026","rel":"","context":"In &quot;SpaceX&quot;","block_context":{"text":"SpaceX","link":"https:\/\/www.bernd-leitenberger.de\/blog\/category\/raumfahrt\/spacex\/"},"img":{"alt_text":"","src":"https:\/\/vg02.met.vgwort.de\/na\/b2e94ef07fec4d7190886846bcbb4589","width":350,"height":200},"classes":[]},{"id":18492,"url":"https:\/\/www.bernd-leitenberger.de\/blog\/2026\/01\/18\/spacex-nachlese-2025-und-vorausschau-2026\/","url_meta":{"origin":3107,"position":5},"title":"SpaceX Nachlese 2025 und Vorausschau 2026","author":"Bernd Leitenberger","date":"18. Januar 2026","format":false,"excerpt":"Nach meiner allgemeinen Nachlese nun eine spezielle f\u00fcr SpaceX. Starship Das Starship sah ja schon 2023\/2024 nicht gut aus. Gehen wir mal zur\u00fcck zur Jahreswende 2024\/25: Es gab bis dahin 6 Fl\u00fcge des Starship V1 - auch eine Neuerung des letzten Jahres, denn vorher gab es nur ein \"Starship\", nun\u2026","rel":"","context":"In &quot;SpaceX&quot;","block_context":{"text":"SpaceX","link":"https:\/\/www.bernd-leitenberger.de\/blog\/category\/raumfahrt\/spacex\/"},"img":{"alt_text":"","src":"\/img\/starship-v4-tabelle.jpg","width":350,"height":200,"srcset":"\/img\/starship-v4-tabelle.jpg 1x, \/img\/starship-v4-tabelle.jpg 1.5x, \/img\/starship-v4-tabelle.jpg 2x"},"classes":[]}],"jetpack_sharing_enabled":true,"amp_enabled":true,"_links":{"self":[{"href":"https:\/\/www.bernd-leitenberger.de\/blog\/wp-json\/wp\/v2\/posts\/3107","targetHints":{"allow":["GET"]}}],"collection":[{"href":"https:\/\/www.bernd-leitenberger.de\/blog\/wp-json\/wp\/v2\/posts"}],"about":[{"href":"https:\/\/www.bernd-leitenberger.de\/blog\/wp-json\/wp\/v2\/types\/post"}],"author":[{"embeddable":true,"href":"https:\/\/www.bernd-leitenberger.de\/blog\/wp-json\/wp\/v2\/users\/63"}],"replies":[{"embeddable":true,"href":"https:\/\/www.bernd-leitenberger.de\/blog\/wp-json\/wp\/v2\/comments?post=3107"}],"version-history":[{"count":0,"href":"https:\/\/www.bernd-leitenberger.de\/blog\/wp-json\/wp\/v2\/posts\/3107\/revisions"}],"wp:attachment":[{"href":"https:\/\/www.bernd-leitenberger.de\/blog\/wp-json\/wp\/v2\/media?parent=3107"}],"wp:term":[{"taxonomy":"category","embeddable":true,"href":"https:\/\/www.bernd-leitenberger.de\/blog\/wp-json\/wp\/v2\/categories?post=3107"},{"taxonomy":"post_tag","embeddable":true,"href":"https:\/\/www.bernd-leitenberger.de\/blog\/wp-json\/wp\/v2\/tags?post=3107"}],"curies":[{"name":"wp","href":"https:\/\/api.w.org\/{rel}","templated":true}]}}