{"id":3210,"date":"2010-08-18T20:13:35","date_gmt":"2010-08-18T18:13:35","guid":{"rendered":"http:\/\/www.bernd-leitenberger.de\/blog\/?p=3210"},"modified":"2010-08-23T08:53:23","modified_gmt":"2010-08-23T06:53:23","slug":"das-raumfahrtraetsel","status":"publish","type":"post","link":"https:\/\/www.bernd-leitenberger.de\/blog\/2010\/08\/18\/das-raumfahrtraetsel\/","title":{"rendered":"Das Raumfahrtr&auml;tsel"},"content":{"rendered":"<p><em>&#8222;Der 24. Januar 1984 war ein Tag, der einst in den historischen NASA-R&uuml;ckblicken?ebenso?hervorgehoben werden wird wie der 25. Mai 1961 oder der 5. Januar 1972&#8220;<\/em><\/p>\n<p>So f&auml;ngtein Kapitel in einem Buch an, das ich just gerade mal wieder f&uuml;r die Recherche zur ISS teilweise durchlas. Wer weiss, f&uuml;r welchen Teil der Raumfahrt sich der Autor ausschlie&szlig;lich interessiert, der kommt vielleicht leicht auf die Daten. Ich hoffe mal die meisten k&ouml;nnen etwas mit dem 25.5.1961 anfangen. Da hielt Kennedy die ber&uuml;hmte Rede beginnend mit den Worten &#8222;before this decade is out, of landing a man on the moon and returning him safely to the earth&#8220;.<\/p>\n<p>Die anderen beidne Daten kann man sich aus den Vorlieben des Autors herleiten, auch wenn es beim einen keine Rede gibt und beim anderen sie weitgehend unterging. (Ich habe sie zumindest noch nie im Orginal geh&ouml;rt). der 5.1.1972 war der Tag als die NASA das Space Shuttle beschloss. Der 25.1.1984 wiederum ist der Termin in der Reagan in einer Rede den Startschuss f&uuml;r eine Raumstation gab. Die wird immer noch aufgebaut und hei&szlig;t inzwischen ISS&#8230;<\/p>\n<p>Wie sich die meisten Blogleser denken k&ouml;nnen, finde ich die letzten beiden Daten nicht historisch, wobei ich mich auch nicht auf die Ank&uuml;ndigung konzentriere sondern die Durchf&uuml;hrung. So w&uuml;rde ich also eher den 21.7.1969 oder den 12.4.1981 nehmen. Bei der ISS wirds schwierig. Ist sie &uuml;berhaupt mal fertig oder sollte man das Startdatum von Sarja nehmen?<\/p>\n<p>Aber das brachte mich auf eine Idee: Daraus kann man ein neues R&auml;tsel machen und zwar eines, bei dem Arne wohl nicht so gut aussieht wie bei der Musik. Also ich gebe ein Datum bekannt, dass ich wichtig im Bereich Raumfahrt halte und ihr ratet welches es ist. Wenn es erraten ist gebe ich im n&auml;chsten R&auml;tseblog bekannt warum es f&uuml;r mich wichtig ist und ein neues R&auml;tsel. Ihr d&uuml;rfte gerne Google bem&uuml;hen nur nicht Verzeichnisse mit Starts, sonst wird es zu leicht. Wer mich und meine Website kennt hat &uuml;brigens bessere Karten, da er gezielter suchen kann. Damit es einfach ist fange ich mit einem sehr bekannten Datum an:<\/p>\n<p>Was passierte am 24.12.1979?<\/p>\n","protected":false},"excerpt":{"rendered":"<p>&#8222;Der 24. Januar 1984 war ein Tag, der einst in den historischen NASA-R&uuml;ckblicken?ebenso?hervorgehoben werden wird wie der 25. Mai 1961 oder der 5. Januar 1972&#8220; So f&auml;ngtein Kapitel in einem Buch an, das ich just gerade mal wieder f&uuml;r die Recherche zur ISS teilweise durchlas. Wer weiss, f&uuml;r welchen Teil der Raumfahrt sich der Autor [&hellip;]<\/p>\n","protected":false},"author":169,"featured_media":0,"comment_status":"open","ping_status":"open","sticky":false,"template":"","format":"standard","meta":{"_jetpack_newsletter_access":"","_jetpack_dont_email_post_to_subs":false,"_jetpack_newsletter_tier_id":0,"_jetpack_memberships_contains_paywalled_content":false,"_jetpack_memberships_contains_paid_content":false,"footnotes":""},"categories":[1402],"tags":[3939],"class_list":["post-3210","post","type-post","status-publish","format-standard","hentry","category-raetsel","tag-raetsel","entry"],"a3_pvc":{"activated":false,"total_views":544,"today_views":0},"jetpack-related-posts":[{"id":5088,"url":"https:\/\/www.bernd-leitenberger.de\/blog\/2011\/07\/14\/das-ende-des-space-shuttles-der-fehlende-nachfolger\/","url_meta":{"origin":3210,"position":0},"title":"Das Ende des Space Shuttles &#8211; der fehlende Nachfolger","author":"Bernd Leitenberger","date":"14.07.2011","format":false,"excerpt":"Nun da Atlantis die letzte Reise eines Shuttles durchf?hrt, ist es Zeit die lockere Serie ?ber das Shuttle zu Ende zu schreiben. Anfang der achtziger Jahre war klar, dass die? Shuttles nicht das erf?llten was man sich von ihnen versprach. Geplant war einmal ein Gef?hrt, dessen Transportkosten vor allem von\u2026","rel":"","context":"In &quot;Raumfahrt&quot;","block_context":{"text":"Raumfahrt","link":"https:\/\/www.bernd-leitenberger.de\/blog\/category\/raumfahrt\/"},"img":{"alt_text":"","src":"","width":0,"height":0},"classes":[]},{"id":4557,"url":"https:\/\/www.bernd-leitenberger.de\/blog\/2011\/04\/03\/atom-und-wahlnachlese\/","url_meta":{"origin":3210,"position":1},"title":"Atom- und Wahlnachlese","author":"Bernd Leitenberger","date":"03.04.2011","format":false,"excerpt":"Nun einige Wochen nach dem Super-Gau von Japan wird es an der Zeit f?r eine Nachlese und zwar eine etwas allgemeiner gehaltene. Ich m?chte an dieser Stelle mal meine Einstellung zur Kernkraft in den letzten Jahrzehnten reflektieren. Ich war urspr?nglich f?r Kernkraft. Wie viele andere, glaubte ich an umweltfreundliche Energie\u2026","rel":"","context":"In &quot;Allgemein&quot;","block_context":{"text":"Allgemein","link":"https:\/\/www.bernd-leitenberger.de\/blog\/category\/allgemein\/"},"img":{"alt_text":"","src":"","width":0,"height":0},"classes":[]},{"id":13379,"url":"https:\/\/www.bernd-leitenberger.de\/blog\/2018\/05\/09\/die-nutzlasten-der-nicht-gebauten-saturn\/","url_meta":{"origin":3210,"position":2},"title":"Die Nutzlasten der nicht gebauten Saturn","author":"Bernd Leitenberger","date":"09.05.2018","format":false,"excerpt":"Wie bei vielen anderen Raketen waren einmal leistungsst\u00e4rkere Versionen der Saturn V geplant. Schaut man in die Archive, so findet man viele Pl\u00e4ne, die meisten setzen jedoch umfangreiche \u00c4nderungen voraus so der Einsatz von FLOX als Oxidator in der ersten Stufe oder eine nukleare Oberstufe. Ich habe das Thema \u201eSaturn\u2026","rel":"","context":"In &quot;Raumfahrt&quot;","block_context":{"text":"Raumfahrt","link":"https:\/\/www.bernd-leitenberger.de\/blog\/category\/raumfahrt\/"},"img":{"alt_text":"","src":"http:\/\/vg06.met.vgwort.de\/na\/7f9f0465c933497ebc396f676650eb5d","width":350,"height":200},"classes":[]},{"id":13317,"url":"https:\/\/www.bernd-leitenberger.de\/blog\/2018\/04\/04\/die-aufklaerung-des-aprilscherzes\/","url_meta":{"origin":3210,"position":3},"title":"Die Aufkl&auml;rung des Aprilscherzes","author":"Bernd Leitenberger","date":"04.04.2018","format":false,"excerpt":"So, nun komme ich wieder mal zu einem Blog. Derzeit arbeite ich noch flei\u00dfig an der Aufstiegssimulation, nun vor allem im Pflegen der alten Daten. Rund 200 Tr\u00e4ger wollen schlie\u00dflich erg\u00e4nzt werden. Anscheinend hat es keiner gemerkt: Der letzte Blog war ein Aprilscherz. Nat\u00fcrlich w\u00fcrde unsere Regierung nie auf seinen\u2026","rel":"","context":"In &quot;SpaceX&quot;","block_context":{"text":"SpaceX","link":"https:\/\/www.bernd-leitenberger.de\/blog\/category\/raumfahrt\/spacex\/"},"img":{"alt_text":"","src":"\/img\/sapcex-falcons.jpg","width":350,"height":200,"srcset":"\/img\/sapcex-falcons.jpg 1x, \/img\/sapcex-falcons.jpg 1.5x, \/img\/sapcex-falcons.jpg 2x"},"classes":[]},{"id":18888,"url":"https:\/\/www.bernd-leitenberger.de\/blog\/2026\/08\/27\/die-ki-nachlese-nach-drei-jahren\/","url_meta":{"origin":3210,"position":4},"title":"Die KI &#8211; Nachlese nach drei Jahren","author":"Bernd Leitenberger","date":"27.08.2026","format":false,"excerpt":"Als die KI vor einigen Jahren aufkam, konnte man ihr noch etliche Tatsachen unterschieben. Ich empfehle, meinen Beitrag \u201eMariner\u202f10 und ChatGPT\u201c mal durchzulesen. Der Beitrag ist sehr humorvoll zu lesen, weil die KI fabuliert und sich auch entschuldigt, wenn man der KI v\u00f6lligen Unsinn als Tatsache vorsetzt. Selbst Bilder waren\u2026","rel":"","context":"In &quot;KI&quot;","block_context":{"text":"KI","link":"https:\/\/www.bernd-leitenberger.de\/blog\/category\/ki\/"},"img":{"alt_text":"","src":"\/img\/nightcafebild.jpg","width":350,"height":200,"srcset":"\/img\/nightcafebild.jpg 1x, \/img\/nightcafebild.jpg 1.5x, \/img\/nightcafebild.jpg 2x, \/img\/nightcafebild.jpg 3x"},"classes":[]},{"id":15301,"url":"https:\/\/www.bernd-leitenberger.de\/blog\/2021\/04\/20\/nachlese-zum-human-landing-system-hls-kontrakt\/","url_meta":{"origin":3210,"position":5},"title":"Nachlese zum Human Landing System (HLS) Kontrakt","author":"Bernd Leitenberger","date":"20.04.2021","format":false,"excerpt":"\ufeffWie bereits bekannt und hier auch schon kommentiert, hat die NASA am Wochenende SpaceX den Vertrag \u00fcber das HLS in einer H\u00f6he von 2,89 Milliarden Dollar vergeben. Ich habe zuerst \u00fcberlegt, ob ich das in der Aprilnachlese zu SpaceX thematisieren sollte, aber da die Kritik daran eigentlich nur teilweise mit\u2026","rel":"","context":"In &quot;Raumfahrt&quot;","block_context":{"text":"Raumfahrt","link":"https:\/\/www.bernd-leitenberger.de\/blog\/category\/raumfahrt\/"},"img":{"alt_text":"","src":"https:\/\/vg01.met.vgwort.de\/na\/352f2778c491440a9f73c731c5880d09","width":350,"height":200},"classes":[]}],"jetpack_sharing_enabled":true,"amp_enabled":true,"jetpack_featured_media_url":"","_links":{"self":[{"href":"https:\/\/www.bernd-leitenberger.de\/blog\/wp-json\/wp\/v2\/posts\/3210","targetHints":{"allow":["GET"]}}],"collection":[{"href":"https:\/\/www.bernd-leitenberger.de\/blog\/wp-json\/wp\/v2\/posts"}],"about":[{"href":"https:\/\/www.bernd-leitenberger.de\/blog\/wp-json\/wp\/v2\/types\/post"}],"author":[{"embeddable":true,"href":"https:\/\/www.bernd-leitenberger.de\/blog\/wp-json\/wp\/v2\/users\/169"}],"replies":[{"embeddable":true,"href":"https:\/\/www.bernd-leitenberger.de\/blog\/wp-json\/wp\/v2\/comments?post=3210"}],"version-history":[{"count":0,"href":"https:\/\/www.bernd-leitenberger.de\/blog\/wp-json\/wp\/v2\/posts\/3210\/revisions"}],"wp:attachment":[{"href":"https:\/\/www.bernd-leitenberger.de\/blog\/wp-json\/wp\/v2\/media?parent=3210"}],"wp:term":[{"taxonomy":"category","embeddable":true,"href":"https:\/\/www.bernd-leitenberger.de\/blog\/wp-json\/wp\/v2\/categories?post=3210"},{"taxonomy":"post_tag","embeddable":true,"href":"https:\/\/www.bernd-leitenberger.de\/blog\/wp-json\/wp\/v2\/tags?post=3210"}],"curies":[{"name":"wp","href":"https:\/\/api.w.org\/{rel}","templated":true}]}}