{"id":3629,"date":"2010-10-21T01:59:47","date_gmt":"2010-10-20T23:59:47","guid":{"rendered":"http:\/\/www.bernd-leitenberger.de\/blog\/?p=3629"},"modified":"2010-10-20T21:01:13","modified_gmt":"2010-10-20T19:01:13","slug":"verbrauchertaeuschung-am-pranger","status":"publish","type":"post","link":"https:\/\/www.bernd-leitenberger.de\/blog\/2010\/10\/21\/verbrauchertaeuschung-am-pranger\/","title":{"rendered":"Verbrauchert&auml;uschung am Pranger?"},"content":{"rendered":"<p>Das k&uuml;ndigte Verbraucherministerin Aigner an. Im M&auml;rz 2011 sollen in einem Forum Verbraucher Produkte anprangern k&ouml;nnen durch die sie sich get&auml;uscht f&uuml;hlen. Und die Ministerin nannte auch ein Beispiel, so werde bei &#8222;Kalbleberwurst auch immer h&auml;ufiger Schweineleber verwendet&#8220;.<\/p>\n<p>Okay. Politiker sind doof. Regierungspolitiker sind strunz dumm, aber das man nun im Verbraucherministerium auch keine Kompetenz mehr hat ist mir neu. Den von irgendwo her muss Frau Aigner das haben, genauso wie den Vorschlag.<\/p>\n<p>Fangen wir mal mit dem Beispiel an: Frau Aigner, In Kalbsleberwurst wird &uuml;berhaupt keine Kalbsleber eingesetzt, das k&ouml;nnten sie nicht bezahlen. Kalbleberwurst hei&szlig;t so weil das eingesetzte Fleisch vom Kalb stammt, aber nicht die Leber. Und das ist nichts neues, das war schon immer so, das ist sogar gesetzlich festgelegt in den Leits&auml;tzen.<!--more--><\/p>\n<p>Das leitet mich zum zweiten Thema &uuml;ber: Dem Forum. es ist v&ouml;llig &uuml;berfl&uuml;ssig, Die Lebensmittelkennzeichnung ist durch zahlreiche Gesetze geregelt, darunter als zentraler Punkt die Lebensmittelkennzeichnungsverordnung. Wenn also diese ungen&uuml;gend ist, dann ist diese gesetzliche Vorschrift zu ver&auml;ndern und nicht ein Diskussionsforum zu er&ouml;ffnen und es ist die Aufgabe der Verbraucherschutzbeh&ouml;rden diesen nachzugehen und diese zu ahnden und nicht in einem Forum zu diskutieren. Was soll das bringen. Ein Forum kann ja die Gesetzesl&uuml;cken nicht wegdiskutieren. Es gab da schon vorher gen&uuml;gend Beispiele, wo gesetzliche Regelungen von der Industrie ignoriert wurden. Der Schokoriegel &#8222;Mars&#8220; schreibt seit eh und je das Zutatenverzeichnis viel zu klein, in unlesbarer goldener Schrift auf Schwarz meist auf den Falz der Folie, sodass man es nicht lesen kann. Das Argument dass es nicht anders gehe, hat der Konzern selbst ad absurdum gef&uuml;hrt als vor einigen Jahren f&uuml;r die Supermarktkassen der Strichcode eingef&uuml;hrt wurde und dieser deutlich lesbar in Schwarz auf Weiss an prominenter Stelle steht.<\/p>\n<p>Wenn sie etwas f&uuml;r die Verbraucher tun wollen, dann &auml;ndern sie die Gesetze und stocken sie die &Uuml;berwachung auf und prozessieren sie auch mal gegen Marktriesen wie Nestle oder Unilever. Vor allem aber nehmen sie sich auch der Internet, Print, Funk- und Fernsehwerbung an, die heute weitgehend ignoriert wird, weil die Untersuchungs&auml;mter Produkte kontrollieren und nicht Werbeversprechen, obwohl ?11 des LFGB explizit auch die Werbung f&uuml;r ein Produkt mit falschen oder irref&uuml;hrenden Angaben unter Strafe stellt.<\/p>\n<p>Machen wir uns nichts vor: In den letzten Jahren wurde der Verbraucherschutz ausgeh&ouml;hlt. Die Industrie agiert immer unversch&auml;mter und f&uuml;hrt eigene Kennzeichnungen wie die GDA Kennzeichnung ein und wehrt sich seit Jahren gegen die Ampel &#8211; ich halte von der auch nicht so viel, aber sie ist auf jeden Fall besser als die GDA Kennzeichnung. Neue Verbraucherschutzgesetze wie das nach dem Gammelfleischskandal eingef&uuml;hrte Verbraucherinformationsgesetz sind zahnlose Tiger, bei denen die Industrie ewig lange verz&ouml;gern kann, selbst bei offensichtlichen Gesetzesverst&ouml;&szlig;en.<\/p>\n<p>Mein Vorschlag:<\/p>\n<p>Macht das Lebensmittelrecht einfacher, weniger Ausnahmeregelungen. Versch&auml;rft es wenn ihr bestimmte Produkte nicht haben wollt, wie Imitate oder irref&uuml;hrenden Bezeichnungen.<\/p>\n<p>Vor allem aber: Ahndet Verst&ouml;&szlig;e, stockt die Lebensmittel&uuml;berwachung auf und wenn ihr die B&uuml;rger beteiligen wollt, wie w&auml;re es mit einem direkten Kontakt zu den &Uuml;berwachungsbeh&ouml;rden? Der wird heute n&auml;mlich noch stiefm&uuml;tterlich behandelt und wie w&auml;re es da pro Untersuchungsamt mit 1-2 Leuten die sich nur mit den Fragen und Beschwerden von Verbrauchern besch&auml;ftigen. Das w&uuml;rde wirklich was bringen. Wir sind hier nicht bei den &Ouml;kos, wo man alles mal in einem Forum ausdiskutiert, wir haben einen Rechtsstaat mit Gesetzen, Lebensmittelpolizei oder analogen Kontrolleuren und wir haben Gerichte die &uuml;ber Anklagen entscheiden zu haben. Und dieser Apparat muss nur auch mal eingesetzt werden.<\/p>\n<p>Aber das kostet Geld, und wahrscheinlich macht es die Regierung bei der Industrie unbeliebt. Seien wir mal ehrlich eine Regierung die so offen die Politik der Wirtschaft in Gesetze umgie&szlig;t (Laufzeitverl&auml;ngerungen f&uuml;r Atomkraftwerke, MWST Erleichterung f&uuml;r Hoteliers) und irgendwelche nutzlosen Alibiaktionen wie dieses Forum betreibt hatten wir noch nie. Willkommen in den Bananenrepublik Deutschland!<\/p>\n","protected":false},"excerpt":{"rendered":"<p>Das k&uuml;ndigte Verbraucherministerin Aigner an. Im M&auml;rz 2011 sollen in einem Forum Verbraucher Produkte anprangern k&ouml;nnen durch die sie sich get&auml;uscht f&uuml;hlen. Und die Ministerin nannte auch ein Beispiel, so werde bei &#8222;Kalbleberwurst auch immer h&auml;ufiger Schweineleber verwendet&#8220;. Okay. Politiker sind doof. Regierungspolitiker sind strunz dumm, aber das man nun im Verbraucherministerium auch keine Kompetenz [&hellip;]<\/p>\n","protected":false},"author":169,"featured_media":0,"comment_status":"open","ping_status":"open","sticky":false,"template":"","format":"standard","meta":{"_jetpack_memberships_contains_paid_content":false,"footnotes":""},"categories":[276],"tags":[1602,1603,1604],"class_list":["post-3629","post","type-post","status-publish","format-standard","hentry","category-ernaehrung","tag-aigner","tag-forum","tag-verbraucherschutz","entry"],"a3_pvc":{"activated":false,"total_views":997,"today_views":0},"jetpack_featured_media_url":"","jetpack-related-posts":[{"id":18458,"url":"https:\/\/www.bernd-leitenberger.de\/blog\/2025\/10\/23\/die-agena-c-2\/","url_meta":{"origin":3629,"position":0},"title":"Die Agena C","author":"Bernd Leitenberger","date":"23. Oktober 2025","format":false,"excerpt":"Wie ihr sicher bemerkt habt, war es etwas ruhig hier im Blog. Der Grund ist ganz einfach, ich habe mich endlich entschlossen, einen Schlussstrich zu ziehen. Nein, nicht unter dem Blog. Seit f\u00fcnf Jahren will ich Band 2 des Apolloprogramms fertigstellen und habe in den letzten Jahren eigentlich immer nur\u2026","rel":"","context":"In &quot;Raumfahrt&quot;","block_context":{"text":"Raumfahrt","link":"https:\/\/www.bernd-leitenberger.de\/blog\/category\/raumfahrt\/"},"img":{"alt_text":"","src":"https:\/\/vg04.met.vgwort.de\/na\/d6474dec02b34cf385a0dfced0cffb64","width":350,"height":200},"classes":[]},{"id":18472,"url":"https:\/\/www.bernd-leitenberger.de\/blog\/2025\/12\/16\/die-deutsche-automobilindustrie-2\/","url_meta":{"origin":3629,"position":1},"title":"Die Deutsche Automobilindustrie.","author":"Bernd Leitenberger","date":"16. Dezember 2025","format":false,"excerpt":"Ich wei\u00df, ich habe lange nichts von mir h\u00f6ren lassen. Ich lebe aber noch. Ich arbeite derzeit viel an dem neuen Buch \u00fcber die Thor- und Delta-Tr\u00e4gerraketen. Leider sto\u00dfe ich auf immer mehr Material und das nimmt sehr viel Arbeit in Anspruch, um mich einzuarbeiten und zu schreiben. Jetzt schon\u2026","rel":"","context":"In &quot;Politik&quot;","block_context":{"text":"Politik","link":"https:\/\/www.bernd-leitenberger.de\/blog\/category\/politik\/"},"img":{"alt_text":"","src":"https:\/\/vg04.met.vgwort.de\/na\/98960bbbe1644c829b9337b57667bf6c","width":350,"height":200},"classes":[]},{"id":4557,"url":"https:\/\/www.bernd-leitenberger.de\/blog\/2011\/04\/03\/atom-und-wahlnachlese\/","url_meta":{"origin":3629,"position":2},"title":"Atom- und Wahlnachlese","author":"Bernd Leitenberger","date":"3. April 2011","format":false,"excerpt":"Nun einige Wochen nach dem Super-Gau von Japan wird es an der Zeit f?r eine Nachlese und zwar eine etwas allgemeiner gehaltene. Ich m?chte an dieser Stelle mal meine Einstellung zur Kernkraft in den letzten Jahrzehnten reflektieren. Ich war urspr?nglich f?r Kernkraft. Wie viele andere, glaubte ich an umweltfreundliche Energie\u2026","rel":"","context":"In &quot;Allgemein&quot;","block_context":{"text":"Allgemein","link":"https:\/\/www.bernd-leitenberger.de\/blog\/category\/allgemein\/"},"img":{"alt_text":"","src":"","width":0,"height":0},"classes":[]},{"id":18612,"url":"https:\/\/www.bernd-leitenberger.de\/blog\/2026\/03\/28\/galileos-cds-teil-2\/","url_meta":{"origin":3629,"position":3},"title":"Galileos CDS \u2013 Teil 2","author":"Bernd Leitenberger","date":"28. M\u00e4rz 2026","format":false,"excerpt":"So, heute geht es weiter mit Teil 2 \u00fcber Galileos CDS, dieser Beitrag schlie\u00dft nahtlos an den ersten Beitrag von gestern an, wie man schon an der ersten Textzeile sieht. Nach der Einleitung im ersten Teil geht es heute weiter damit warum der RCA 1802 genutzt wurde und was seine\u2026","rel":"","context":"In &quot;Raumfahrt&quot;","block_context":{"text":"Raumfahrt","link":"https:\/\/www.bernd-leitenberger.de\/blog\/category\/raumfahrt\/"},"img":{"alt_text":"","src":"https:\/\/vg07.met.vgwort.de\/na\/191e4b0728de42829cf656027b84dc82","width":350,"height":200},"classes":[]},{"id":18610,"url":"https:\/\/www.bernd-leitenberger.de\/blog\/2026\/03\/27\/galileos-cds-teil-1\/","url_meta":{"origin":3629,"position":4},"title":"Galileos CDS &#8211; Teil 1","author":"Bernd Leitenberger","date":"27. M\u00e4rz 2026","format":false,"excerpt":"Hall\u00f6chen, es wird Zeit das ich mich mal wieder melde. Es gab zwei Gr\u00fcnde, warum ich mich so rar gemacht habe. Das eine ist das es gerade nicht so viel aktuelles gibt, au\u00dfer einem Update zu Artemis, zu dem ich vielleicht noch etwas schreibe. W\u00e4hrend Trump das ganze Programm nach\u2026","rel":"","context":"In &quot;Raumfahrt&quot;","block_context":{"text":"Raumfahrt","link":"https:\/\/www.bernd-leitenberger.de\/blog\/category\/raumfahrt\/"},"img":{"alt_text":"","src":"https:\/\/vg07.met.vgwort.de\/na\/4fb81c7bafbd4d9d88b5695abdb33d29","width":350,"height":200},"classes":[]},{"id":14393,"url":"https:\/\/www.bernd-leitenberger.de\/blog\/2019\/11\/06\/warum-tut-man-sich-so-schwer-auf-etwas-voellig-ueberfluessiges-zu-verzichten\/","url_meta":{"origin":3629,"position":5},"title":"Warum tut man sich so schwer, auf etwas v&ouml;llig &Uuml;berfl&uuml;ssiges zu verzichten?","author":"Bernd Leitenberger","date":"6. November 2019","format":false,"excerpt":"Gestern war erneut das \u201eKlimakabinett\u201c aktiv. Sie haben den Ausbau der Ladeinfrastruktur und des Netzes an Wasserstoffnetzen beschlossen. Mal abgesehen davon das dies nicht in den Verantwortungsbereich der Bundesregierung, sondern der Betreiber der entsprechenden Stationen f\u00e4llt, ist das wieder ein Beispiel f\u00fcr Aktionismus. Genauso wie die nun erh\u00f6hte Elektroautopr\u00e4mie. Wer\u2026","rel":"","context":"In &quot;Allgemein&quot;","block_context":{"text":"Allgemein","link":"https:\/\/www.bernd-leitenberger.de\/blog\/category\/allgemein\/"},"img":{"alt_text":"","src":"https:\/\/vg02.met.vgwort.de\/na\/a4a87b4f3c004c9ba9d11e2f979f8aac","width":350,"height":200},"classes":[]}],"jetpack_sharing_enabled":true,"amp_enabled":true,"_links":{"self":[{"href":"https:\/\/www.bernd-leitenberger.de\/blog\/wp-json\/wp\/v2\/posts\/3629","targetHints":{"allow":["GET"]}}],"collection":[{"href":"https:\/\/www.bernd-leitenberger.de\/blog\/wp-json\/wp\/v2\/posts"}],"about":[{"href":"https:\/\/www.bernd-leitenberger.de\/blog\/wp-json\/wp\/v2\/types\/post"}],"author":[{"embeddable":true,"href":"https:\/\/www.bernd-leitenberger.de\/blog\/wp-json\/wp\/v2\/users\/169"}],"replies":[{"embeddable":true,"href":"https:\/\/www.bernd-leitenberger.de\/blog\/wp-json\/wp\/v2\/comments?post=3629"}],"version-history":[{"count":0,"href":"https:\/\/www.bernd-leitenberger.de\/blog\/wp-json\/wp\/v2\/posts\/3629\/revisions"}],"wp:attachment":[{"href":"https:\/\/www.bernd-leitenberger.de\/blog\/wp-json\/wp\/v2\/media?parent=3629"}],"wp:term":[{"taxonomy":"category","embeddable":true,"href":"https:\/\/www.bernd-leitenberger.de\/blog\/wp-json\/wp\/v2\/categories?post=3629"},{"taxonomy":"post_tag","embeddable":true,"href":"https:\/\/www.bernd-leitenberger.de\/blog\/wp-json\/wp\/v2\/tags?post=3629"}],"curies":[{"name":"wp","href":"https:\/\/api.w.org\/{rel}","templated":true}]}}