{"id":4178,"date":"2011-01-13T00:10:26","date_gmt":"2011-01-12T23:10:26","guid":{"rendered":"http:\/\/www.bernd-leitenberger.de\/blog\/?p=4178"},"modified":"2013-12-25T15:07:35","modified_gmt":"2013-12-25T14:07:35","slug":"die-steuerreform-von-fdp-und-den-linken","status":"publish","type":"post","link":"https:\/\/www.bernd-leitenberger.de\/blog\/2011\/01\/13\/die-steuerreform-von-fdp-und-den-linken\/","title":{"rendered":"Die Steuerreform von FDP und den Linken"},"content":{"rendered":"\n<p>Wie aus gut unterrichteter Quelle verlautet, wird es bald einen neuen Vorschlag f&uuml;r die Vereinfachung des Steuersystems. Erstaunlicherweise konnten sich dabei die sonst so verfeindeten Parteien &quot;Die Linke &quot;und die FDP sich einigen.<\/p>\n<p>Das neue Konzept sieht so aus:<\/p>\n<p>Es gibt ein garantiertes Grundeinkommen von 9.000 Euro. Hat jemand ein geringeres Einkommen, so gibt es einen staatlichen Zuschuss bis zu 9.000 Euro (750 Euro\/Monat). Damit werden alle anderen staatlichen Leistungen (ALG-II, Rentenzuschuss) abgel&ouml;st.<\/p>\n<p>Jeder Euro der mehr verdient wird, muss anfangs mit 35% versteuert, wobei der Satz linear absinkt um bei 50.000 Euro 0 % zu erreichen. Alle dar&uuml;ber gehenden Einnahmen sind dann steuerfrei.<\/p>\n<p><!--more--><\/p>\n<p>Guido Westerwelle begr&uuml;&szlig;te das neue Konzept: &quot;Es ist f&uuml;r unsere W&auml;hler eine bedeutende Steuererleichterung, die sonst immer den Hauptteil der Steuerlast tragen m&uuml;ssen&quot;. Weiterhin leisten diese wertvollen Mitglieder der Gesellschaft alleine durch die Mehrwertsteuer einen h&ouml;heren Beitrag als alle anderen Gruppen. Alleine die Mehrwertsteuer die beim Kauf einer Luxusjacht f&auml;llig wird, bel&auml;uft sich auf &uuml;ber 1 Million Euro. Wir sind von dem Steuerkonzept deswegen so &uuml;berzeugt, weil es die Personen dazu animiert mehr zu verdienen, denn mit h&ouml;herem Einkommen wird die Steuerbelastung prozentual niedriger. Das ist das was die FDP schon seit Jahrzehnten predigt. Es w&uuml;rde auch zur Reduktion der Schwarzarbeit f&uuml;hren, schlie&szlig;lich sind Handwerker schon heute Spitzenverdiener.&quot;<\/p>\n<p>Auch Georg Gysi war voll des Lobes: &quot;Es hat uns erstaunt, dass wir ausgerechnet mit der FDP einig werden konnten, doch war sie die einzige Partei die offen f&uuml;r unser Grundversorgungskonzept war. Der Betrag von 1.000 Euro pro Monat war nach eingehenden Konsultationen nicht zu halten. Doch wir k&ouml;nnen auch mit 750 Euro leben, zumal der Betrag f&uuml;r jeden ausgezahlt wird &#8211; auch Kinder und Rentner.<\/p>\n<p>Die Konsultationen gehen weiter. Die Gr&uuml;nen halten den Vorschlag f&uuml;r diskussionsw&uuml;rdig, m&ouml;chten aber 10% der Steuereinnahmen f&uuml;r den &ouml;kologischen Wandel investiert sehen.<\/p>\n<p>CDU und SPD Sprecher sprachen unisono von einer Benachteiligung der mittleren Einkommen, welches mit Ihnen nicht zu machen sei. Doch angesichts des Verlusts an W&auml;hlerstimmen bei den fr&uuml;heren Volksparteien ist dies kein Hindernis mehr. Merz signalisierte Zustimmung &#8211; sofern die Steuererkl&auml;rung auf einen Bierdeckel passt. Seehofer machte seine Zustimmung von einem Bier\/Wei&szlig;wurstzuschuss in der H&ouml;he von 60 Ma&szlig; und 240 Wei&szlig;w&uuml;rsten pro Monat abh&auml;ngig.<\/p>\n","protected":false},"excerpt":{"rendered":"<p>Wie aus gut unterrichteter Quelle verlautet, wird es bald einen neuen Vorschlag f&uuml;r die Vereinfachung des Steuersystems. Erstaunlicherweise konnten sich dabei die sonst so verfeindeten Parteien &quot;Die Linke &quot;und die FDP sich einigen. Das neue Konzept sieht so aus: Es gibt ein garantiertes Grundeinkommen von 9.000 Euro. Hat jemand ein geringeres Einkommen, so gibt es [&hellip;]<\/p>\n","protected":false},"author":169,"featured_media":0,"comment_status":"open","ping_status":"open","sticky":false,"template":"","format":"standard","meta":{"_jetpack_newsletter_access":"","_jetpack_dont_email_post_to_subs":false,"_jetpack_newsletter_tier_id":0,"_jetpack_memberships_contains_paywalled_content":false,"_jetpack_memberships_contains_paid_content":false,"footnotes":""},"categories":[3437],"tags":[],"class_list":["post-4178","post","type-post","status-publish","format-standard","hentry","category-muenchhausen","entry"],"a3_pvc":{"activated":false,"total_views":821,"today_views":0},"jetpack-related-posts":[{"id":18745,"url":"https:\/\/www.bernd-leitenberger.de\/blog\/2026\/07\/02\/die-autofahrerpartei\/","url_meta":{"origin":4178,"position":0},"title":"Die Autofahrerpartei","author":"Bernd Leitenberger","date":"02.07.2026","format":false,"excerpt":"Heute (also wenn ich das schreibe ist es der 30. Juni) l\u00e4uft der Tankrabatt aus. Schon vorher kamen Forderungen ihn zu verl\u00e4ngern, so vom Bauernverband, der \u00fcber gestiegene Dieselpreise und D\u00fcngerkosten klagt. Dabei ist das Konzept ja nicht neu. Politiker haben ja ein kurzes Ged\u00e4chtnis, aber ich kann mich noch\u2026","rel":"","context":"In &quot;Satire und Fiction&quot;","block_context":{"text":"Satire und Fiction","link":"https:\/\/www.bernd-leitenberger.de\/blog\/category\/satire\/"},"img":{"alt_text":"","src":"https:\/\/vg08.met.vgwort.de\/na\/688b6d887944438ab00ba3096ded5912","width":350,"height":200},"classes":[]},{"id":18603,"url":"https:\/\/www.bernd-leitenberger.de\/blog\/2026\/03\/12\/politikverdruss\/","url_meta":{"origin":4178,"position":1},"title":"Politikverdruss","author":"Bernd Leitenberger","date":"12.03.2026","format":false,"excerpt":"Bei uns wurde in BW gew\u00e4hlt und nat\u00fcrlich gab es jede Menge Sendungen im Radio und Fernsehen mit den Spitzenkandidaten. Ich habe mir die SWR1 Reihe \"Leute\", ein Radio-Talkformat mit den Spitzenkandidaten angeh\u00f6rt und nehme das mal als Aufh\u00e4nger etwas \u00fcber das zu schreiben was mich an der Politik in\u2026","rel":"","context":"In &quot;Allgemein&quot;","block_context":{"text":"Allgemein","link":"https:\/\/www.bernd-leitenberger.de\/blog\/category\/allgemein\/"},"img":{"alt_text":"","src":"https:\/\/vg07.met.vgwort.de\/na\/9297ac798f9047d9a27f46008ab7fa99","width":350,"height":200},"classes":[]},{"id":4557,"url":"https:\/\/www.bernd-leitenberger.de\/blog\/2011\/04\/03\/atom-und-wahlnachlese\/","url_meta":{"origin":4178,"position":2},"title":"Atom- und Wahlnachlese","author":"Bernd Leitenberger","date":"03.04.2011","format":false,"excerpt":"Nun einige Wochen nach dem Super-Gau von Japan wird es an der Zeit f?r eine Nachlese und zwar eine etwas allgemeiner gehaltene. Ich m?chte an dieser Stelle mal meine Einstellung zur Kernkraft in den letzten Jahrzehnten reflektieren. Ich war urspr?nglich f?r Kernkraft. Wie viele andere, glaubte ich an umweltfreundliche Energie\u2026","rel":"","context":"In &quot;Allgemein&quot;","block_context":{"text":"Allgemein","link":"https:\/\/www.bernd-leitenberger.de\/blog\/category\/allgemein\/"},"img":{"alt_text":"","src":"","width":0,"height":0},"classes":[]},{"id":14020,"url":"https:\/\/www.bernd-leitenberger.de\/blog\/2019\/06\/15\/was-waere-wenn-es-wernher-von-braun-nicht-gegeben-haette\/","url_meta":{"origin":4178,"position":3},"title":"Was w&auml;re wenn \u2013 es Wernher von Braun nicht gegeben h&auml;tte?","author":"Bernd Leitenberger","date":"15.06.2019","format":false,"excerpt":"In f\u00fcnf Wochen j\u00e4hrt sich das 50-ste Jubil\u00e4um von Apollo 11. Dann laufen wieder viele Dokus \u00fcber den Wettlauf im All und auch wieder welche um Wernher von Braun. Um ihn kommt man ja nicht herum. Denn er hat nicht nur die Saturn V entwickelt, sondern auch die Raketen, die\u2026","rel":"","context":"In &quot;Allgemein&quot;","block_context":{"text":"Allgemein","link":"https:\/\/www.bernd-leitenberger.de\/blog\/category\/allgemein\/"},"img":{"alt_text":"","src":"https:\/\/vg02.met.vgwort.de\/na\/208c56f98e0247c0aeecd2575afa1d16","width":350,"height":200},"classes":[]},{"id":18721,"url":"https:\/\/www.bernd-leitenberger.de\/blog\/2026\/06\/18\/ich-bin-reich\/","url_meta":{"origin":4178,"position":4},"title":"Ich bin reich \u2026","author":"Bernd Leitenberger","date":"18.06.2026","format":false,"excerpt":"Also zumindest meint meine Bank das. Als kleines Zwischenbonbon bis der n\u00e4chste Beitrag fertig ist, heute ein ganz kurzer unterhaltsamer Blog. Jeder der einen Online Zugang zu einer Bank hat kennt das: sie wollen einem immer auch noch neue \u201eProdukte\u201c verkaufen und blenden Werbung ein. Ich bin mal bei der\u2026","rel":"","context":"In &quot;Allgemein&quot;","block_context":{"text":"Allgemein","link":"https:\/\/www.bernd-leitenberger.de\/blog\/category\/allgemein\/"},"img":{"alt_text":"","src":"\/img\/comemrz3.png","width":350,"height":200,"srcset":"\/img\/comemrz3.png 1x, \/img\/comemrz3.png 1.5x"},"classes":[]},{"id":5088,"url":"https:\/\/www.bernd-leitenberger.de\/blog\/2011\/07\/14\/das-ende-des-space-shuttles-der-fehlende-nachfolger\/","url_meta":{"origin":4178,"position":5},"title":"Das Ende des Space Shuttles &#8211; der fehlende Nachfolger","author":"Bernd Leitenberger","date":"14.07.2011","format":false,"excerpt":"Nun da Atlantis die letzte Reise eines Shuttles durchf?hrt, ist es Zeit die lockere Serie ?ber das Shuttle zu Ende zu schreiben. Anfang der achtziger Jahre war klar, dass die? Shuttles nicht das erf?llten was man sich von ihnen versprach. Geplant war einmal ein Gef?hrt, dessen Transportkosten vor allem von\u2026","rel":"","context":"In &quot;Raumfahrt&quot;","block_context":{"text":"Raumfahrt","link":"https:\/\/www.bernd-leitenberger.de\/blog\/category\/raumfahrt\/"},"img":{"alt_text":"","src":"","width":0,"height":0},"classes":[]}],"jetpack_sharing_enabled":true,"amp_enabled":true,"jetpack_featured_media_url":"","_links":{"self":[{"href":"https:\/\/www.bernd-leitenberger.de\/blog\/wp-json\/wp\/v2\/posts\/4178","targetHints":{"allow":["GET"]}}],"collection":[{"href":"https:\/\/www.bernd-leitenberger.de\/blog\/wp-json\/wp\/v2\/posts"}],"about":[{"href":"https:\/\/www.bernd-leitenberger.de\/blog\/wp-json\/wp\/v2\/types\/post"}],"author":[{"embeddable":true,"href":"https:\/\/www.bernd-leitenberger.de\/blog\/wp-json\/wp\/v2\/users\/169"}],"replies":[{"embeddable":true,"href":"https:\/\/www.bernd-leitenberger.de\/blog\/wp-json\/wp\/v2\/comments?post=4178"}],"version-history":[{"count":0,"href":"https:\/\/www.bernd-leitenberger.de\/blog\/wp-json\/wp\/v2\/posts\/4178\/revisions"}],"wp:attachment":[{"href":"https:\/\/www.bernd-leitenberger.de\/blog\/wp-json\/wp\/v2\/media?parent=4178"}],"wp:term":[{"taxonomy":"category","embeddable":true,"href":"https:\/\/www.bernd-leitenberger.de\/blog\/wp-json\/wp\/v2\/categories?post=4178"},{"taxonomy":"post_tag","embeddable":true,"href":"https:\/\/www.bernd-leitenberger.de\/blog\/wp-json\/wp\/v2\/tags?post=4178"}],"curies":[{"name":"wp","href":"https:\/\/api.w.org\/{rel}","templated":true}]}}