{"id":4296,"date":"2011-02-13T18:35:11","date_gmt":"2011-02-13T17:35:11","guid":{"rendered":"http:\/\/www.bernd-leitenberger.de\/blog\/?p=4296"},"modified":"2011-02-13T18:35:11","modified_gmt":"2011-02-13T17:35:11","slug":"das-ende-einer-fernsehaera","status":"publish","type":"post","link":"https:\/\/www.bernd-leitenberger.de\/blog\/2011\/02\/13\/das-ende-einer-fernsehaera\/","title":{"rendered":"Das Ende einer Fernseh&auml;ra"},"content":{"rendered":"<p>Nun geht auch noch Gottschalk, nach dem Unfall in der letzten &#8222;Wetten Dass&#8220; Sendung h&ouml;rt nun auch Gottschalk zum Staffelende auf. Manche meinen, er hat nur den richtigen Absprung gesucht und gefunden, weil die Sendung seit einigen Jahren an Quote verliert und auch die Hinzunahme von Hunziger daran nichts &auml;nderte. Es gab ja Kritik an den letzten Sendungen. Gottschalk w&auml;re unkonzentriert gewesen, das schon &uuml;bliche herumgequatsche ohne Sinn h&auml;tte stark zugenommen und Kritik gab es auch das die Prominenten und ihre Aussagen immer flacher werden. Das mag alles stimmen, aber Gottschalk macht es noch immer sehr charmant und besser als jeder andere.<\/p>\n<p>Schon einmal gab es ja mal eine kurzzeitige Unterbrechung der &Auml;ra Gottschalk, als das ZDF Lippert einige Jahre lang Wetten dass moderieren lie&szlig; &#8211; Mensch war das peinlich. Der schreckte nicht mal zur&uuml;ck auf offener B&uuml;hne Paul McCartney um ein Autogramm zu bitten. Ich wage zu prophezeien, dass der Weggang von Gottschalk auch das Ende von &#8222;Wetten dass&#8220; sein wird, und damit das Ende der klassischen Samstag-Abend Unterhaltung. Kann sich noch jemand an fr&uuml;her erinnern, als die Unterhaltungsshow fest zum Samstag Abend geh&ouml;rte? Mit Sendungen wie das Laufende Band, Einer wird Gewinnen, Verstehen Sie Spass oder eben Wetten Dass? (die anderen Versuche des ZDF andere Samstag-Abend Shows zu etablieren scheiterte ja alle). Es gibt heute keine richtigen Showmoderatoren mehr und alle die nun als Nachfolge diskutiert werden sind entweder Quizmoderatoren, Comedians oder Talkshowmoderatoren. Darum geht es aber nicht. Es geht darum charmant durch eine Show zu f&uuml;hren.<\/p>\n<p>Ich kenne keinen der das schafft. G&uuml;nter Jauch als wohl prominentester Nachfolgekandidat ist zu trocken und passt gut in eine Quizshow oder Stern-TV aber nicht auf eine Couch zum lockeren Talk und wahrscheinlich wird sich das ZDF bei den Leuten bedienen die sie schon hat, also den Lanz mit seiner komischen Aussprache oder dem Quiz-Pilger Pilawa, der von Sender zu Sender tingelt wenn die Quizshows, die er moderiert, nicht mehr laufen.<\/p>\n<p>Was wird kommen? Das das deutsche Fernsehprogramm noch uniformer wird. Seit Jahren l&auml;uft es ja nach demselben Muster: Billigproduktionen vor Qualit&auml;t und Nachmachen was andere tun. Deswegen gibt es zig Krimisendungen sowohl auf den &ouml;ffentlich rechtlichen wie auch privaten, dazu die auswechselbaren Talkshows, Quizshows und Telenovelas. Es ist zum Abschalten!<\/p>\n","protected":false},"excerpt":{"rendered":"<p>Nun geht auch noch Gottschalk, nach dem Unfall in der letzten &#8222;Wetten Dass&#8220; Sendung h&ouml;rt nun auch Gottschalk zum Staffelende auf. Manche meinen, er hat nur den richtigen Absprung gesucht und gefunden, weil die Sendung seit einigen Jahren an Quote verliert und auch die Hinzunahme von Hunziger daran nichts &auml;nderte. Es gab ja Kritik an [&hellip;]<\/p>\n","protected":false},"author":169,"featured_media":0,"comment_status":"open","ping_status":"open","sticky":false,"template":"","format":"standard","meta":{"_jetpack_memberships_contains_paid_content":false,"footnotes":""},"categories":[1],"tags":[],"class_list":["post-4296","post","type-post","status-publish","format-standard","hentry","category-allgemein","entry"],"a3_pvc":{"activated":false,"total_views":685,"today_views":0},"jetpack_featured_media_url":"","jetpack-related-posts":[{"id":4557,"url":"https:\/\/www.bernd-leitenberger.de\/blog\/2011\/04\/03\/atom-und-wahlnachlese\/","url_meta":{"origin":4296,"position":0},"title":"Atom- und Wahlnachlese","author":"Bernd Leitenberger","date":"3. April 2011","format":false,"excerpt":"Nun einige Wochen nach dem Super-Gau von Japan wird es an der Zeit f?r eine Nachlese und zwar eine etwas allgemeiner gehaltene. Ich m?chte an dieser Stelle mal meine Einstellung zur Kernkraft in den letzten Jahrzehnten reflektieren. Ich war urspr?nglich f?r Kernkraft. Wie viele andere, glaubte ich an umweltfreundliche Energie\u2026","rel":"","context":"In &quot;Allgemein&quot;","block_context":{"text":"Allgemein","link":"https:\/\/www.bernd-leitenberger.de\/blog\/category\/allgemein\/"},"img":{"alt_text":"","src":"","width":0,"height":0},"classes":[]},{"id":18492,"url":"https:\/\/www.bernd-leitenberger.de\/blog\/2026\/01\/18\/spacex-nachlese-2025-und-vorausschau-2026\/","url_meta":{"origin":4296,"position":1},"title":"SpaceX Nachlese 2025 und Vorausschau 2026","author":"Bernd Leitenberger","date":"18. Januar 2026","format":false,"excerpt":"Nach meiner allgemeinen Nachlese nun eine spezielle f\u00fcr SpaceX. Starship Das Starship sah ja schon 2023\/2024 nicht gut aus. Gehen wir mal zur\u00fcck zur Jahreswende 2024\/25: Es gab bis dahin 6 Fl\u00fcge des Starship V1 - auch eine Neuerung des letzten Jahres, denn vorher gab es nur ein \"Starship\", nun\u2026","rel":"","context":"In &quot;SpaceX&quot;","block_context":{"text":"SpaceX","link":"https:\/\/www.bernd-leitenberger.de\/blog\/category\/raumfahrt\/spacex\/"},"img":{"alt_text":"","src":"\/img\/starship-v4-tabelle.jpg","width":350,"height":200,"srcset":"\/img\/starship-v4-tabelle.jpg 1x, \/img\/starship-v4-tabelle.jpg 1.5x, \/img\/starship-v4-tabelle.jpg 2x"},"classes":[]},{"id":18603,"url":"https:\/\/www.bernd-leitenberger.de\/blog\/2026\/03\/12\/politikverdruss\/","url_meta":{"origin":4296,"position":2},"title":"Politikverdruss","author":"Bernd Leitenberger","date":"12. M\u00e4rz 2026","format":false,"excerpt":"Bei uns wurde in BW gew\u00e4hlt und nat\u00fcrlich gab es jede Menge Sendungen im Radio und Fernsehen mit den Spitzenkandidaten. Ich habe mir die SWR1 Reihe \"Leute\", ein Radio-Talkformat mit den Spitzenkandidaten angeh\u00f6rt und nehme das mal als Aufh\u00e4nger etwas \u00fcber das zu schreiben was mich an der Politik in\u2026","rel":"","context":"In &quot;Allgemein&quot;","block_context":{"text":"Allgemein","link":"https:\/\/www.bernd-leitenberger.de\/blog\/category\/allgemein\/"},"img":{"alt_text":"","src":"https:\/\/vg07.met.vgwort.de\/na\/9297ac798f9047d9a27f46008ab7fa99","width":350,"height":200},"classes":[]},{"id":18380,"url":"https:\/\/www.bernd-leitenberger.de\/blog\/2025\/09\/03\/die-glorreichen-10-das-war-mal-weg-pc-hardware\/","url_meta":{"origin":4296,"position":3},"title":"Die glorreichen 10 &#8211; Das war mal weg: PC Hardware","author":"Bernd Leitenberger","date":"3. September 2025","format":false,"excerpt":"Ich will heute mal zwei ZDF Info \/ Neo Sendungen verbinden. Die glorreichen 10, die bei mir als Vorlage f\u00fcr einige Blogs dienten und die von mir noch mehr gesch\u00e4tzte Sendung \"Das war mal weg\", wo es um Dinge geht, die fr\u00fcher fast jeder hatte und die heute aus unserem\u2026","rel":"","context":"In &quot;Die Glorreichen 10&quot;","block_context":{"text":"Die Glorreichen 10","link":"https:\/\/www.bernd-leitenberger.de\/blog\/category\/allgemein\/die-glorreichen-10\/"},"img":{"alt_text":"","src":"https:\/\/vg02.met.vgwort.de\/na\/876c61d389304d98aa0332fadd769381","width":350,"height":200},"classes":[]},{"id":17895,"url":"https:\/\/www.bernd-leitenberger.de\/blog\/2025\/01\/19\/nachlese-teststart-starship-itf-7\/","url_meta":{"origin":4296,"position":4},"title":"Nachlese Teststart Starship ITF-7","author":"Bernd Leitenberger","date":"19. Januar 2025","format":false,"excerpt":"Die erste Phase lief noch nach Plan. Das Starship mit der Seriennummer S33 und die SuperHeavy mit der Seriennummer B14 hoben mit 37 Minuten Versp\u00e4tung um 4:37 nachmittags lokaler Zeit ab. Der Flug selbst hatte einen genehmigten Startzeitraum von 10. bis zum 17. Januar 2025 mit jeweils einem Startfenster pro\u2026","rel":"","context":"In &quot;SpaceX&quot;","block_context":{"text":"SpaceX","link":"https:\/\/www.bernd-leitenberger.de\/blog\/category\/raumfahrt\/spacex\/"},"img":{"alt_text":"","src":"https:\/\/vg06.met.vgwort.de\/na\/60231369830445f0b5712ad7af8fdc7a","width":350,"height":200},"classes":[]},{"id":12013,"url":"https:\/\/www.bernd-leitenberger.de\/blog\/2016\/09\/27\/entstehung-von-leben-auf-der-erde-und-im-sonnensystem\/","url_meta":{"origin":4296,"position":5},"title":"Entstehung von Leben auf der Erde und im Sonnensystem","author":"Bernd Leitenberger","date":"27. September 2016","format":false,"excerpt":"Eines der Dauerbrennerthemen bei Sendungen \u00fcber Astronomie ist es, wo es noch Leben geben k\u00f6nnte. Man kann ja viel spekulieren \u00fcber fremde Planeten, doch am meisten wird nat\u00fcrlich \u00fcber Leben in unserem Sonnensystem spekuliert. Die NASA n\u00e4hrt das sehr gut, vor allem beim Mars. Auch wenn sie von \"Der Suche\u2026","rel":"","context":"In &quot;Allgemein&quot;","block_context":{"text":"Allgemein","link":"https:\/\/www.bernd-leitenberger.de\/blog\/category\/allgemein\/"},"img":{"alt_text":"","src":"http:\/\/vg02.met.vgwort.de\/na\/4e11b05707214a29aee07687a953aec8","width":350,"height":200},"classes":[]}],"jetpack_sharing_enabled":true,"amp_enabled":true,"_links":{"self":[{"href":"https:\/\/www.bernd-leitenberger.de\/blog\/wp-json\/wp\/v2\/posts\/4296","targetHints":{"allow":["GET"]}}],"collection":[{"href":"https:\/\/www.bernd-leitenberger.de\/blog\/wp-json\/wp\/v2\/posts"}],"about":[{"href":"https:\/\/www.bernd-leitenberger.de\/blog\/wp-json\/wp\/v2\/types\/post"}],"author":[{"embeddable":true,"href":"https:\/\/www.bernd-leitenberger.de\/blog\/wp-json\/wp\/v2\/users\/169"}],"replies":[{"embeddable":true,"href":"https:\/\/www.bernd-leitenberger.de\/blog\/wp-json\/wp\/v2\/comments?post=4296"}],"version-history":[{"count":0,"href":"https:\/\/www.bernd-leitenberger.de\/blog\/wp-json\/wp\/v2\/posts\/4296\/revisions"}],"wp:attachment":[{"href":"https:\/\/www.bernd-leitenberger.de\/blog\/wp-json\/wp\/v2\/media?parent=4296"}],"wp:term":[{"taxonomy":"category","embeddable":true,"href":"https:\/\/www.bernd-leitenberger.de\/blog\/wp-json\/wp\/v2\/categories?post=4296"},{"taxonomy":"post_tag","embeddable":true,"href":"https:\/\/www.bernd-leitenberger.de\/blog\/wp-json\/wp\/v2\/tags?post=4296"}],"curies":[{"name":"wp","href":"https:\/\/api.w.org\/{rel}","templated":true}]}}