{"id":5097,"date":"2011-07-17T00:58:19","date_gmt":"2011-07-17T00:58:19","guid":{"rendered":"http:\/\/www.bernd-leitenberger.de\/blog\/?p=5097"},"modified":"2011-07-16T10:59:18","modified_gmt":"2011-07-16T10:59:18","slug":"luckenfuller","status":"publish","type":"post","link":"https:\/\/www.bernd-leitenberger.de\/blog\/2011\/07\/17\/luckenfuller\/","title":{"rendered":"L&uuml;ckenf&uuml;ller"},"content":{"rendered":"<p><img loading=\"lazy\" decoding=\"async\" class=\"alignleft\" src=\"http:\/\/content3.promiflash.de\/article-images\/w500\/sommermaedchen-2011-die-elf-kandidatinnen.jpg\" alt=\"\" width=\"500\" height=\"333\" align=\"left\" \/>Weil mir gerade nicht so viel einf&auml;llt, f&uuml;lle ich den heutigen Tag mal mit ein paar Dingen. Zuerst mal wieder eine Fernsehserie, die mir auffiel. Ehrlich gesagt, sie fiel mir schon vor zwei Jahren auf: Das Sommerm&auml;dchen auf Pro 7. Also wer meint, dass GNTM so der Tiefpunkt des Vorf&uuml;hrens auf Pro 7 ist (ich wei&szlig;, andere Sender sind noch viel schlimmer), der muss sich diese Sendung ansehen. Da k&auml;mpfen ein Dutzend &#8222;M&auml;dchen&#8220; (Die Anf&uuml;hrungszeichen weil die meisten &gt;25 sind, die &auml;lteste ist 31) um den absolut belanglosen Titel des Sommerm&auml;dchens. Die Pr&uuml;fungen haben im Prinzip die Aufgabe die M&auml;dchen zu blamieren oder viel Haut zu zeigen. Also dass Frauen sich nicht trauen vom 3 m Turm zu springen oder nur Body gepainted Fu&szlig;ball spielen. Vor zwei Jahren gab es das schon mal mit Moderatoren, die keiner kannte und als H&ouml;hepunkt gab es damals &#8222;Bodychecker&#8220; vor denen die Kandidatinnen Kunstst&uuml;ckchen machen mussten und wenn sie durchfielen wurden sie in den Pool geschubst. Diesmal hat man die Dauer-C Promis Jana Ina und Giovannie Zaerlla verpflichtet. Nat&uuml;rlich lebt dies von den dummen Spr&uuml;chen der Kandidatinnen. So flog letzte Woche eine raus, die keine 10 s unter Wasser bleiben konnte, weil ihre Silikonbr&uuml;ste zu viel Auftrieb ergeben &#8230;. Nach zwei Sendungen ist das Sommerm&auml;dchen nun aber schon aus der Prime Time rausgeflogen.<!--more--><\/p>\n<p>Bei mir pers&ouml;nlich gibt es auch neues. Dem einen oder anderen wird es aufgefallen sein &#8211; es gibt wieder mehr neue Aufs&auml;tze auf der Website. Umgekehrt komme ich bei den B&uuml;chern nicht so weiter. Nat&uuml;rlich h&auml;ngt das zusammen, denn die Zeit ist begrenzt. Alleine der Blog steht jeden Tag f&uuml;r 1,5 bis 2 Stunden Arbeit. Wenn ich dann noch an einer Webseite arbeite ist der Tag gelaufen und meistens der n&auml;chste auch noch. Beim Di&auml;tbuch bin ich dagegen erst bei 100 Seiten, wobei davon auch noch mehr als die H&auml;lfte vom ersten Buch &uuml;bernommen ist (die Einf&uuml;hrung in die Ern&auml;hrung). daf&uuml;r habe ich inzwischen begonnen ein Buch &uuml;ber die n&auml;chste Marsmission Curiosity zu schreiben &#8211; wobei ich allerdings mit der historischen Marsforschung und den fr&uuml;heren Raumsonden angefangen habe. So nebenher arbeite ich immer wieder mal an der Neuauflage des Raketenlexikons &#8211; wie schon seit mehr als einem Jahr. Immer wieder wenn ich was entdecke, wird erg&auml;nzt, so jetzt gerade weitere Daten der Feststoffmotoren von ATK.? Irgendwie ist das Winterhalbjahr f&uuml;r mich besser zum B&uuml;cherschreiben. Neben den beiden B&uuml;chern ist ja noch eines beim ersten Korrekturleser, sodass derzeit 4 in der Queue sind.<\/p>\n<p>Ansonsten gibt es nur positives zu vermelden. Vier B&uuml;cher haben letztes Jahr die 100 Exemplare Grenze gerissen und es gibt dann von der VG-Wort einen kleinen Bonus. Bei der DHBW wo ich Informatik als Nebenfach unterrichte, habe ich erfahren, dass das Fach n&auml;chstes Jahr aufgewertet wird und nun nicht mehr mit Elektrotechnik zusammengelegt wird. Das korrespondiert auch mit mehr Unterrichtsstunden. Das Problem das ich bisher habe, ist die Motivation der Studenten, die meinen Informatik w&auml;re &uuml;berfl&uuml;ssig und wenn dann sollte man doch Excel lernen. Ich hoffe mal, das &auml;ndert sich wenn man das Fach nicht mehr so leicht nehmen kann. Wie man zu dieser Einsch&auml;tzung kommen kann ist mir ein R&auml;tsel. Denn im Prinzip ist es doch so, dass der Computer alles was automatisiert werden kann, was nur Erfahrung ben&ouml;tigt ersetzt. Da d&uuml;rfte es nicht lange dauern, bis die Hauptaufgabe &#8211; Zeichnungen machen? &#8211; von Maschinenbauern vollst&auml;ndig automatisiert ist. Und das einzige Fach bei dem man selbst denken muss, und dass eben dadurch eine Zukunftsqualifikation ist meinen sie w&auml;re &uuml;berfl&uuml;ssig&#8230;. Eventuell kann ich im Herbst auch noch eine weitere Vorlesung an einer anderen Fakult&auml;t halten, doch das ist noch offen.<\/p>\n<p>Passend dazu bekam ich auch die Anfrage ob ich an einem Projekt das ich schon als Student geschrieben habe, weiter programmieren k&ouml;nnte. Mich hat das etwas erstaunt, weil die letzte Auskunft war, dass sie von der eigens f&uuml;r ihre Zwecke programmierten L&ouml;sung auf Standardsoftware umsteigen wollten, wobei glaube ich auch die Produktpolitik des Herstellers der Hardware f&uuml;r die ich die Anwendung programmiert habe eine Rolle spielte. Die war wohl zu teuer und der Support befriedigte nicht so ganz, sodass sie sich von dem Me&szlig;system trennen wollten und dann nat&uuml;rlich auch die softwarefrage sich neu stellt. Mal sehen was draus wird oder ob nur bugfixes anstehen.<\/p>\n<p>Also derzeit fast nur gute Nachrichten. so sollte es immer sein &#8230;.<\/p>\n","protected":false},"excerpt":{"rendered":"<p>Weil mir gerade nicht so viel einf&auml;llt, f&uuml;lle ich den heutigen Tag mal mit ein paar Dingen. Zuerst mal wieder eine Fernsehserie, die mir auffiel. Ehrlich gesagt, sie fiel mir schon vor zwei Jahren auf: Das Sommerm&auml;dchen auf Pro 7. Also wer meint, dass GNTM so der Tiefpunkt des Vorf&uuml;hrens auf Pro 7 ist (ich [&hellip;]<\/p>\n","protected":false},"author":169,"featured_media":0,"comment_status":"open","ping_status":"open","sticky":false,"template":"","format":"standard","meta":{"_jetpack_memberships_contains_paid_content":false,"footnotes":""},"categories":[1,704],"tags":[1994],"class_list":["post-5097","post","type-post","status-publish","format-standard","hentry","category-allgemein","category-buecher","tag-sommermadchen","entry"],"a3_pvc":{"activated":false,"total_views":192,"today_views":0},"jetpack_featured_media_url":"","jetpack-related-posts":[{"id":18511,"url":"https:\/\/www.bernd-leitenberger.de\/blog\/2026\/01\/27\/musks-ki-rechenzentren-im-orbit\/","url_meta":{"origin":5097,"position":0},"title":"Musks KI-Rechenzentren im Orbit","author":"Bernd Leitenberger","date":"27. Januar 2026","format":false,"excerpt":"Bei meinem regelm\u00e4\u00dfigen Besuch des Space Reviews stie\u00df ich auf diesen Artikel: SpaceX, orbital data centers, and the journey to Mars. Ich hatte in meiner Nachlese schon erw\u00e4hnt das Elon Musk, nachdem er dies lange verschoben hat nun plant SpaceX an die B\u00f6rse zu bringen. Ich meinte aber, das l\u00e4ge\u2026","rel":"","context":"In &quot;SpaceX&quot;","block_context":{"text":"SpaceX","link":"https:\/\/www.bernd-leitenberger.de\/blog\/category\/raumfahrt\/spacex\/"},"img":{"alt_text":"","src":"https:\/\/vg06.met.vgwort.de\/na\/0ee72da693054bc3b5c3f00214a7e2b3","width":350,"height":200},"classes":[]},{"id":18524,"url":"https:\/\/www.bernd-leitenberger.de\/blog\/2026\/02\/06\/elon-musks-ki-rechenzentren-im-orbit-nochmals-nachgerechnet\/","url_meta":{"origin":5097,"position":1},"title":"Elon Musks KI-Rechenzentren im Orbit &#8211; nochmals nachgerechnet","author":"Bernd Leitenberger","date":"6. Februar 2026","format":false,"excerpt":"Ich habe mich ja schon mal mit diesem Thema besch\u00e4ftigt, in dem es vor allem um die Kosten und den wirtschaftlichen Unsinn ging - warum sollte ich ein Rechenzentrum in den Orbit bringen, wenn ich es billiger auf der Erde bauen kann und es auch gen\u00fcgend Gegenden gibt in denen\u2026","rel":"","context":"In &quot;Raumfahrt&quot;","block_context":{"text":"Raumfahrt","link":"https:\/\/www.bernd-leitenberger.de\/blog\/category\/raumfahrt\/"},"img":{"alt_text":"","src":"https:\/\/vg06.met.vgwort.de\/na\/78014052fde04012a2be60bd108cd4bb","width":350,"height":200},"classes":[]},{"id":18406,"url":"https:\/\/www.bernd-leitenberger.de\/blog\/2025\/09\/23\/der-blogautor-von-der-ki-beurteilt\/","url_meta":{"origin":5097,"position":2},"title":"Der Blogautor von der KI beurteilt","author":"Bernd Leitenberger","date":"23. September 2025","format":false,"excerpt":"Ich nutze inzwischen auch eine KI. Prim\u00e4r zu Recherche, im Browser https:\/\/www.perplexity.ai die f\u00fcr Recherchen (nach Eigenauskunft) spezialisiert ist. Seit ich vor mehr als zwei Jahren die KI zum ersten Mal getestet habe, hat diese sich enorm gebessert. Sie fabuliert weniger und ist intelligenter. Damals konnte man noch die AI\u2026","rel":"","context":"In &quot;Allgemein&quot;","block_context":{"text":"Allgemein","link":"https:\/\/www.bernd-leitenberger.de\/blog\/category\/allgemein\/"},"img":{"alt_text":"","src":"https:\/\/vg01.met.vgwort.de\/na\/c334c52e97b74da9b82424a9e80c6d97","width":350,"height":200},"classes":[]},{"id":18605,"url":"https:\/\/www.bernd-leitenberger.de\/blog\/2026\/03\/13\/artemis-berechnungen\/","url_meta":{"origin":5097,"position":3},"title":"Artemis-Berechnungen","author":"Bernd Leitenberger","date":"13. M\u00e4rz 2026","format":false,"excerpt":"Wie ihr vielleicht schon mitbekommen habt, gibt es im Artemisprogramm Neuigkeiten. Da wurde zuerst eine neue Erdorbitmission zur Erprobung der Lander eingeschoben, Artemis III wird also nicht auf dem Mond landen. Die zweite Neuerung war das die Oberstufe EUS wegf\u00e4llt. Zuerst mal dazu. Ein Bericht des OMG, so eine Art\u2026","rel":"","context":"In &quot;Raumfahrt&quot;","block_context":{"text":"Raumfahrt","link":"https:\/\/www.bernd-leitenberger.de\/blog\/category\/raumfahrt\/"},"img":{"alt_text":"","src":"https:\/\/vg07.met.vgwort.de\/na\/8003982d62154aaf9914aedb1248c232","width":350,"height":200},"classes":[]},{"id":18502,"url":"https:\/\/www.bernd-leitenberger.de\/blog\/2026\/01\/22\/der-ariane-kompatible-orbit\/","url_meta":{"origin":5097,"position":4},"title":"Der Ariane-Kompatible Orbit","author":"Bernd Leitenberger","date":"22. Januar 2026","format":false,"excerpt":"Heute wieder ein Grundlagenblog f\u00fcr alle, die die Grundlagen auf der Website noch nicht entdeckt haben, oder sie ihnen zu detailliert sind oder die einfach nur den Blog lesen. Es geht um einen Begriff, den man heute kaum noch h\u00f6rt, der aber mal das Ma\u00df der Dinge war und was\u2026","rel":"","context":"In &quot;Allgemein&quot;","block_context":{"text":"Allgemein","link":"https:\/\/www.bernd-leitenberger.de\/blog\/category\/allgemein\/"},"img":{"alt_text":"","src":"https:\/\/vg06.met.vgwort.de\/na\/901d5ccaac304c8baace44abf9e7aebe","width":350,"height":200},"classes":[]},{"id":13317,"url":"https:\/\/www.bernd-leitenberger.de\/blog\/2018\/04\/04\/die-aufklaerung-des-aprilscherzes\/","url_meta":{"origin":5097,"position":5},"title":"Die Aufkl&auml;rung des Aprilscherzes","author":"Bernd Leitenberger","date":"4. April 2018","format":false,"excerpt":"So, nun komme ich wieder mal zu einem Blog. Derzeit arbeite ich noch flei\u00dfig an der Aufstiegssimulation, nun vor allem im Pflegen der alten Daten. Rund 200 Tr\u00e4ger wollen schlie\u00dflich erg\u00e4nzt werden. Anscheinend hat es keiner gemerkt: Der letzte Blog war ein Aprilscherz. Nat\u00fcrlich w\u00fcrde unsere Regierung nie auf seinen\u2026","rel":"","context":"In &quot;SpaceX&quot;","block_context":{"text":"SpaceX","link":"https:\/\/www.bernd-leitenberger.de\/blog\/category\/raumfahrt\/spacex\/"},"img":{"alt_text":"","src":"\/img\/sapcex-falcons.jpg","width":350,"height":200,"srcset":"\/img\/sapcex-falcons.jpg 1x, \/img\/sapcex-falcons.jpg 1.5x, \/img\/sapcex-falcons.jpg 2x"},"classes":[]}],"jetpack_sharing_enabled":true,"amp_enabled":true,"_links":{"self":[{"href":"https:\/\/www.bernd-leitenberger.de\/blog\/wp-json\/wp\/v2\/posts\/5097","targetHints":{"allow":["GET"]}}],"collection":[{"href":"https:\/\/www.bernd-leitenberger.de\/blog\/wp-json\/wp\/v2\/posts"}],"about":[{"href":"https:\/\/www.bernd-leitenberger.de\/blog\/wp-json\/wp\/v2\/types\/post"}],"author":[{"embeddable":true,"href":"https:\/\/www.bernd-leitenberger.de\/blog\/wp-json\/wp\/v2\/users\/169"}],"replies":[{"embeddable":true,"href":"https:\/\/www.bernd-leitenberger.de\/blog\/wp-json\/wp\/v2\/comments?post=5097"}],"version-history":[{"count":0,"href":"https:\/\/www.bernd-leitenberger.de\/blog\/wp-json\/wp\/v2\/posts\/5097\/revisions"}],"wp:attachment":[{"href":"https:\/\/www.bernd-leitenberger.de\/blog\/wp-json\/wp\/v2\/media?parent=5097"}],"wp:term":[{"taxonomy":"category","embeddable":true,"href":"https:\/\/www.bernd-leitenberger.de\/blog\/wp-json\/wp\/v2\/categories?post=5097"},{"taxonomy":"post_tag","embeddable":true,"href":"https:\/\/www.bernd-leitenberger.de\/blog\/wp-json\/wp\/v2\/tags?post=5097"}],"curies":[{"name":"wp","href":"https:\/\/api.w.org\/{rel}","templated":true}]}}