{"id":5138,"date":"2011-07-27T00:05:32","date_gmt":"2011-07-27T00:05:32","guid":{"rendered":"http:\/\/www.bernd-leitenberger.de\/blog\/?p=5138"},"modified":"2011-07-24T13:06:32","modified_gmt":"2011-07-24T13:06:32","slug":"die-guten-und-die-bosen","status":"publish","type":"post","link":"https:\/\/www.bernd-leitenberger.de\/blog\/2011\/07\/27\/die-guten-und-die-bosen\/","title":{"rendered":"Die Guten und die B&ouml;sen"},"content":{"rendered":"<p>Ich habe mir heute mal wieder Eis gekauft. Ich nehme gerade ab, aber so nach etwas mehr als einem Monat hatte ich mal Lust auf eine S&uuml;&szlig;igkeit und Eis ist mir da lieber als Schokolade. Meine Wahl fiel auf ein &#8222;Strudeleis&#8220; (seit die Speiseeisverordnung nicht mehr gilt gibt es zig Phantasienamen, die nichts mehr &uuml;ber die Zusammensetzung aussagen). Also &#8222;Strudeleis&#8220; besteht meinen Erfahrungen nach (es ist nicht das erste) vor allem aus Luft und hat dann auf der Zunge mehr das gef&uuml;hl von Schaum oder Mohrenkopf als von klassischem Eis. Das ist etwas ungewohnt. aber der eine mag es und der andere vielleicht nicht.<\/p>\n<p>An sich ist das Eis relativ ehrlich. Relativ hei&szlig;t, es enth&auml;lt die f&uuml;r industrielles Eis &uuml;bliche Emulgatoren, die man in Eis aus handwerklicher Produktion nicht findet. (Prim&auml;r um die Luft zu stabilisieren die nat&uuml;rlich f&uuml;r mehr Volumen sorgt, sekund&auml;r um auch das Eis nicht so fl&uuml;ssig werden zu lassen, wenn es taut). Daf&uuml;r gab es kein Pflanzenfett oder andere Bestandteile die nichts im Eis zu suchen haben. Aber es fiel mir was anderes auf: es wurde schongef&auml;rbt. Das Kirscheis verendet dazu Hibusextrakt, Karottenextrakt und Rotebeetensaftkonzentrat. Alle diese Zutaten haben keinen Sinn in einem Eis, au&szlig;er es einzuf&auml;rben. Dabei sollte man annehmen, dass das Sauerkirschensaftkonzentrat gen&uuml;gend Eigenfarbe aufweist. Das Aroma schmeckt auch ziemlich k&uuml;nstlich, so ein bisschen wie bei diesen Cocktailkirschen und dieses k&uuml;nstliche Kirscharoma das man in Kirschlik&ouml;r findet. Ich will nicht zu sehr ins Detail gehen, das wird nach Verzehr der Packung noch ein &#8222;Was ist drin Artikel&#8220;.<!--more--><\/p>\n<p>Aber was mir eigentlich am Herzen liegt: Das ist ein typisches Produkt der Lebensmitteltechnologen. Ich wei&szlig; ja, das mein erster erlernter Beruf &#8211; Lebensmittelchemiker &#8211; bei der breiten &Ouml;ffentlichkeit einen schlechten Ruf hat. Das liegt vielleicht daran, weil Chemie allgemein einen schlechten Ruf hat, und das wird ja propagiert in B&uuml;chern wie &#8222;Neue Chemie in unserer Nahrung&#8220;. Das entspricht nat&uuml;rlich nicht dem Inhalt der Wissenschaft. Es gibt wenn man sich die praktische Besch&auml;ftigung ansieht, so gibt es drei S&auml;ulen. Das eine ist die Theorie, das zweite ist das, was das Stereotyp &#8222;Chemie&#8220; in der &Ouml;ffentlichkeit wohl sieht &#8211; die Synthese, also die Erzeugung neuer Substanzen, die man in der Natur nicht findet oder die Modifikation nat&uuml;rlicher Substanzen. Der dritte und eigentlich traditionellste Zweig ist die Analytik. F&uuml;r mich ist Analytik sicher das wichtigste an der Chemie. Zum einen nat&uuml;rlich aus dem geschichtlichen Kontext &#8211; der gr&ouml;&szlig;te Teil der Chemiegeschichte entfiel auf die Erforschung der Elemente und Verbindungen. Auch Nobelpreise wurden vor allem f&uuml;r Aufkl&auml;rungen und analytische Leistungen vergeben. Zum andern ist es nat&uuml;rlich auch im Studium der wichtigste Teil. Anorganische Chemie ist zum gr&ouml;&szlig;ten Teil Analytik, bei Wasserchemie, Biochemie, Molekularchemie und Lebensmittelchemie ist es sogar zu fast 100% nur Analytik. Lediglich die organische Chemie wird von der Synthese dominiert.<\/p>\n<p>Was macht der Lebensmittelchemiker? Er untersucht Lebensmittel oder ihre Zutaten. Entweder bei einem staatlichen Labor oder bei einem Industriebetrieb in der Qualit&auml;tskontrolle oder in einem unabh&auml;ngigen Labor. Dann sollte er noch eine rechtliche Hilfestellung geben wie das dabei erhaltende Ergebnis zu beurteilen ist. Wobei zumindest als ich noch t&auml;tig war, es darauf hinaus lief nicht nur eine Hilfestellung war, (also eine naturwissenschaftliche Beurteilung, aber keine rechtliche) sondern eine konkrete Aufstellung der Vergehen, was eigentlich Aufgabe des Staatsanwaltes gewesen w&auml;re.<\/p>\n<p>Wer ist f&uuml;r die netten Lebensmittel mit billigen Zutaten, Ersatz von Zusatzstoffen mit technologisch &auml;hnlich wirkenden Lebensmitteln und vielen Aromastoffen verantwortlich? Es sind die Lebensmitteltechnologen. Dieser Studiengang hat als Aufgabe prim&auml;r die Umsetzung der Technologie zur Produktion von Lebensmitteln. Also wie optimiere ich die Produktion, verringere ich die Kosten, kreiere ich neue Rezepturen und setze diese in ein Massenprodukt um. Dieser Job umfasst weder eine rechtliche Ausbildung, noch eine chemische Vorbildung. Der Abschluss ist auch nicht eine Staatspr&uuml;fung nach einem einj&auml;hrigen Praktikum in einer Landesuntersuchungsbeh&ouml;rde, sondern ein ein einfaches Diplom .Ich meine beide Inhalte geh&ouml;ren mit rein. Das was produziert wird muss ja dann rechtlichen Vorschriften gehorchen, die ja auch mit chemischen Grenzwerten, Vorgaben, gehorchen m&uuml;ssen. Der Beruf hat eine gro&szlig;e Verantwortung hinsichtlich der &Ouml;ffentlichkeit und davon ist im praktischen Handeln nichts zu sp&uuml;ren. So wird man wahrscheinlich mit noch raffinierteren Verbrauchert&auml;uschungen rechnen k&ouml;nnen. Denn sie stehen auf der andern Seite. Die einen m&uuml;ssen dar&uuml;ber wachen, dass Lebensmittel den gesetzlichen Bestimmungen entsprechen und die anderen m&uuml;ssen eben versuchen deren Grenzen maximal auszuloten und den Gewinn ihrer Arbeitgeber zu maximieren. Aber was mich immer &auml;rgert ist, dass die erste Berufsgruppe mit dem schlechten Ruf der zweiten assoziiert wird. Also Leute wenn euch die Zusammensetzung von Lebensmitteln nervt, dann beschimpft in Zukunft die Lebensmitteltechnologen.<\/p>\n<p>Ich bin auf das Thema gekommen, weil sich meine j&uuml;ngste Nichte nun gerade f&uuml;rs Studium bewirbt. Sie will prim&auml;r Biologie studieren und hat bei jeder Bewerbung noch einen Hilfsantrag gestellt f&uuml;r ein zweites Fach. Und da war auch Lebensmitteltechnologie drunter. Und das gefiel mir gar nicht, wie man sich denken kann. Aber da sie sich an vier Unis\/FH beworben hat, denke ich hat sie eine gute Chance Biologie zu studieren und nicht bei den Panschern zu landen.<\/p>\n","protected":false},"excerpt":{"rendered":"<p>Ich habe mir heute mal wieder Eis gekauft. Ich nehme gerade ab, aber so nach etwas mehr als einem Monat hatte ich mal Lust auf eine S&uuml;&szlig;igkeit und Eis ist mir da lieber als Schokolade. Meine Wahl fiel auf ein &#8222;Strudeleis&#8220; (seit die Speiseeisverordnung nicht mehr gilt gibt es zig Phantasienamen, die nichts mehr &uuml;ber [&hellip;]<\/p>\n","protected":false},"author":169,"featured_media":0,"comment_status":"open","ping_status":"open","sticky":false,"template":"","format":"standard","meta":{"_jetpack_memberships_contains_paid_content":false,"footnotes":""},"categories":[276],"tags":[2018,2019,2020],"class_list":["post-5138","post","type-post","status-publish","format-standard","hentry","category-ernaehrung","tag-lebensmittelchemiker","tag-lebensmitteltechnologen","tag-panscher","entry"],"a3_pvc":{"activated":false,"total_views":588,"today_views":0},"jetpack_featured_media_url":"","jetpack-related-posts":[{"id":16031,"url":"https:\/\/www.bernd-leitenberger.de\/blog\/2022\/08\/15\/nicht-so-tasty\/","url_meta":{"origin":5138,"position":0},"title":"Nicht so Tasty","author":"Bernd Leitenberger","date":"15. August 2022","format":false,"excerpt":"Letzte Woche gab es von der Aldi Marke \u201eMucci\u201c die energiereduzierten Eisvariationen der Marke \u201eLess & Tasty\u201c im Angebot. Regul\u00e4r kostet ein Becher von 500 ml 2,89 Euro und damit erheblich mehr als das normale Eis der Eigenmarke \u201eMucci\u201c. Ich habe mir mal zwei Becher gekauft und zwar \u201eWalnuss Vanille\u201c\u2026","rel":"","context":"In &quot;Ern\u00e4hrung&quot;","block_context":{"text":"Ern\u00e4hrung","link":"https:\/\/www.bernd-leitenberger.de\/blog\/category\/ernaehrung\/"},"img":{"alt_text":"","src":"https:\/\/vg05.met.vgwort.de\/na\/f94905129aca445eb5f4b5305dd72217","width":350,"height":200},"classes":[]},{"id":18415,"url":"https:\/\/www.bernd-leitenberger.de\/blog\/2025\/10\/01\/die-groessten-raetsel-in-der-fruehen-erdgeschichte-2\/","url_meta":{"origin":5138,"position":1},"title":"Die gr&ouml;&szlig;ten R&auml;tsel in der fr&uuml;hen Erdgeschichte (2)","author":"Bernd Leitenberger","date":"1. Oktober 2025","format":false,"excerpt":"So weiter geht es mit dem Artikel zu fragen oder R\u00e4tseln der fr\u00fchen Erdgeschichte also vor dem Kambrium. Dieser Teil schlie\u00dft inhaltlich an den ersten Teil von gestern an. Die langsame Evolution der Eukaryoten Biologen unterscheiden zwischen Prokaryonten und Eukaryoten. Alle Bakterien, einschlie\u00dflich der Cyanobakterien, sind Prokaryoten \u2013 Zellen ohne\u2026","rel":"","context":"In &quot;Chemie&quot;","block_context":{"text":"Chemie","link":"https:\/\/www.bernd-leitenberger.de\/blog\/category\/chemie\/"},"img":{"alt_text":"","src":"https:\/\/vg01.met.vgwort.de\/na\/e534ab16d0564d968b03e686e6c982bb","width":350,"height":200},"classes":[]},{"id":18413,"url":"https:\/\/www.bernd-leitenberger.de\/blog\/2025\/09\/30\/die-groessten-raetsel-in-der-fruehen-erdgeschichte-1\/","url_meta":{"origin":5138,"position":2},"title":"Die gr&ouml;&szlig;ten R&auml;tsel in der fr&uuml;hen Erdgeschichte (1)","author":"Bernd Leitenberger","date":"30. September 2025","format":false,"excerpt":"Wir wissen immer noch sehr wenig \u00fcber einen Gro\u00dfteil der Geschichte der Erde. Sie entstand vor 4,6 Milliarden Jahren. Bis vor 600 Millionen Jahren \u2013 also \u00fcber den gr\u00f6\u00dften Teil dieser Zeit \u2013 gibt es kaum Fossilienfunde, und auch alte Gesteine werden umso seltener, je weiter man in der Zeit\u2026","rel":"","context":"In &quot;Chemie&quot;","block_context":{"text":"Chemie","link":"https:\/\/www.bernd-leitenberger.de\/blog\/category\/chemie\/"},"img":{"alt_text":"","src":"https:\/\/vg01.met.vgwort.de\/na\/929016b2bd2249e0b0f606c4839ef36b","width":350,"height":200},"classes":[]},{"id":18430,"url":"https:\/\/www.bernd-leitenberger.de\/blog\/2025\/10\/06\/treibstoffgewinnung-auf-dem-mars\/","url_meta":{"origin":5138,"position":3},"title":"Treibstoffgewinnung auf dem Mars","author":"Bernd Leitenberger","date":"6. Oktober 2025","format":false,"excerpt":"Bis es eine Kolonie auf dem Mars gibt wird es sicher noch Jahrzehnte dauern, wenn \u00fcberhaupt. Ich bin jetzt 60 und glaube nicht, das ich dies noch erleben werde. Chancen g\u00e4be es f\u00fcr eine Expedition, also einen Flug zum Mars, einen Aufenthalt dort, der aus himmelsmechanischen Gr\u00fcnden etwa eineinhalb Jahre\u2026","rel":"","context":"In &quot;Chemie&quot;","block_context":{"text":"Chemie","link":"https:\/\/www.bernd-leitenberger.de\/blog\/category\/chemie\/"},"img":{"alt_text":"","src":"https:\/\/vg01.met.vgwort.de\/na\/1098a0be1f3743bcb77eed3bd08301c5","width":350,"height":200},"classes":[]},{"id":18519,"url":"https:\/\/www.bernd-leitenberger.de\/blog\/2026\/02\/03\/warum-elon-musk-zum-mars-will\/","url_meta":{"origin":5138,"position":4},"title":"Warum Elon Musk zum Mars will","author":"Bernd Leitenberger","date":"3. Februar 2026","format":false,"excerpt":"K\u00fcrzlich war ich bei einem Vortrag \u00fcber das Alphateilchenspektrometer, das 1997 bei der Mars Mission Sojourner als deutsches Experiment (Max-Planck-Institut f\u00fcr Chemie aus Mainz) mitflog, was damals etwas Besonderes war. In der Unterhaltung nach dem Vortrag meinte der inzwischen emittierte Wissenschaftler, dass sich sogar Elon Musk f\u00fcr die Ergebnisse interessiert\u2026","rel":"","context":"In &quot;M\u00fcnchhausens Kolumne&quot;","block_context":{"text":"M\u00fcnchhausens Kolumne","link":"https:\/\/www.bernd-leitenberger.de\/blog\/category\/satire\/muenchhausen\/"},"img":{"alt_text":"","src":"https:\/\/vg06.met.vgwort.de\/na\/644d63c4123243a3900cf5c92fa7398b","width":350,"height":200},"classes":[]},{"id":17895,"url":"https:\/\/www.bernd-leitenberger.de\/blog\/2025\/01\/19\/nachlese-teststart-starship-itf-7\/","url_meta":{"origin":5138,"position":5},"title":"Nachlese Teststart Starship ITF-7","author":"Bernd Leitenberger","date":"19. Januar 2025","format":false,"excerpt":"Die erste Phase lief noch nach Plan. Das Starship mit der Seriennummer S33 und die SuperHeavy mit der Seriennummer B14 hoben mit 37 Minuten Versp\u00e4tung um 4:37 nachmittags lokaler Zeit ab. Der Flug selbst hatte einen genehmigten Startzeitraum von 10. bis zum 17. Januar 2025 mit jeweils einem Startfenster pro\u2026","rel":"","context":"In &quot;SpaceX&quot;","block_context":{"text":"SpaceX","link":"https:\/\/www.bernd-leitenberger.de\/blog\/category\/raumfahrt\/spacex\/"},"img":{"alt_text":"","src":"https:\/\/vg06.met.vgwort.de\/na\/60231369830445f0b5712ad7af8fdc7a","width":350,"height":200},"classes":[]}],"jetpack_sharing_enabled":true,"amp_enabled":true,"_links":{"self":[{"href":"https:\/\/www.bernd-leitenberger.de\/blog\/wp-json\/wp\/v2\/posts\/5138","targetHints":{"allow":["GET"]}}],"collection":[{"href":"https:\/\/www.bernd-leitenberger.de\/blog\/wp-json\/wp\/v2\/posts"}],"about":[{"href":"https:\/\/www.bernd-leitenberger.de\/blog\/wp-json\/wp\/v2\/types\/post"}],"author":[{"embeddable":true,"href":"https:\/\/www.bernd-leitenberger.de\/blog\/wp-json\/wp\/v2\/users\/169"}],"replies":[{"embeddable":true,"href":"https:\/\/www.bernd-leitenberger.de\/blog\/wp-json\/wp\/v2\/comments?post=5138"}],"version-history":[{"count":0,"href":"https:\/\/www.bernd-leitenberger.de\/blog\/wp-json\/wp\/v2\/posts\/5138\/revisions"}],"wp:attachment":[{"href":"https:\/\/www.bernd-leitenberger.de\/blog\/wp-json\/wp\/v2\/media?parent=5138"}],"wp:term":[{"taxonomy":"category","embeddable":true,"href":"https:\/\/www.bernd-leitenberger.de\/blog\/wp-json\/wp\/v2\/categories?post=5138"},{"taxonomy":"post_tag","embeddable":true,"href":"https:\/\/www.bernd-leitenberger.de\/blog\/wp-json\/wp\/v2\/tags?post=5138"}],"curies":[{"name":"wp","href":"https:\/\/api.w.org\/{rel}","templated":true}]}}