{"id":6002,"date":"2012-03-02T00:10:16","date_gmt":"2012-03-01T23:10:16","guid":{"rendered":"http:\/\/www.bernd-leitenberger.de\/blog\/?p=6002"},"modified":"2012-02-26T00:11:16","modified_gmt":"2012-02-25T23:11:16","slug":"geiz-ist-geil","status":"publish","type":"post","link":"https:\/\/www.bernd-leitenberger.de\/blog\/2012\/03\/02\/geiz-ist-geil\/","title":{"rendered":"Geiz ist geil"},"content":{"rendered":"<p>Die Werbebotschaft ist zwar nun nicht mehr Bestandteil der Saturn-Werbung, aber es trifft doch die deutsche Mentalit&auml;t. Es muss billig sein. Man muss sparen. Wir haben ja nichts zu verschenken und wer mehr bezahlt als n&ouml;tig ist entweder reich oder d&auml;mlich, weil er nicht f&auml;hig ist das billigste Angebot zu finden.<\/p>\n<p>Politiker sind ja seit zwei Jahrzehnten dabei die Dienstleistungsgesellschaft zu propagieren, also immer weniger sind im produktiven Gewerbe t&auml;tig und immer mehr bringen Dienstleistungen, dazu geh&ouml;rt eben Service, Bedienung, Beratung. Nur klappt das nicht bei einer Gesellschaft bei der Sparen das h&ouml;chste ist und es billig sein muss. Das f&uuml;hrte dann zu einer Explosion der 400 Euro Jobs, die dann zwar viel mehr in Arbeit bringt, nur k&ouml;nnen die nicht davon leben und sie zahlen kaum was in die Kranken- und Rentenversicherung ein, was deren Situation verschlimmert und bei der Rentenversicherung dann auch in Zukunft die Leute von Sozialhilfe abh&auml;ngig machen wird.<!--more--><\/p>\n<p>Ich kann mich noch erinnern, dass ich in der f&uuml;nften Klasse recht erstaunt war, dass im englischen &#8222;cheap&#8220; ein abwertender Begriff ist, w&auml;hrend ich &#8222;billig&#8220; nur positiv besetzt kannte. Bei uns ist das Gegenst&uuml;ck zu &#8222;inexpensive&#8220;, also eigentlich &#8222;nicht teuer&#8220; ja auch nicht &#8222;billig&#8220; sondern &#8222;Preiswert&#8220;. Also es ist seinen Preis wert, vielleicht nicht teuer, aber es ist eben nicht billig. Es hei&szlig;t ja auch &#8222;Das ist nicht mehr als recht und billig&#8220;, wobei damals (vor dem 18-ten Jahrhundert) &#8222;billig&#8220; noch eine andere Bedeutung hatte.<\/p>\n<p>Die Folgen sind un&uuml;bersehbar. Eine Gesellschaft in der alles billig sein muss, ist eine in der in dem f&uuml;r den Endbenutzer produzierenden Gewerbe ein enormer Preisdruck herrscht, der schlussendlich auf den Lohnkosten ausgetragen wird, die man wenn alles automatisiert ist als einzige noch dr&uuml;cken kann, Oder es wird eben am Service gespart, an der Bedienung, Beratung.<\/p>\n<p>Ist nun das Gegenteil richtig? Nicht unbedingt. Ich m&ouml;chte auch nicht immer Service haben, manchmal ist er mir sogar peinlich. Vor einigen Jahren war ich im Weihnachtstrubel im Real, eigentlich nur f&uuml;r einen normalen Einkauf. Damit die Kassen schneller die Kunden durchschleusen konnten hatte der Markt Schulkinder angestellt, die die T&uuml;ten der Kunden packten, damit diese gleich zahlen konnten und nicht durch Packen die Schlange aufhielten. Mir war das peinlich. Ich wollte das auch nicht. Ich denke ich bin auch m&uuml;ndig genug zu entscheiden wo ich Service brauche und wo nicht.<\/p>\n<p>Ich gestehe: ich bin auch da typisch deutsch und ich &auml;rgere mich manchmal wirklich wenn ich zu viel ausgebe. Ich unterscheide recht deutlich zwischen Service von dem ich was habe und unterschiedlichen Preisen f&uuml;r die gleiche Qualit&auml;t. Das liegt vor wenn ein namhafter Hersteller auch f&uuml;r Discounter oder No-Name Marken produziert, was ja eigentlich der Normalfall ist &#8211; ALDI , LIDL &amp; Co haben keine eigenen Werke, sondern lassen Produzieren. Ich habe bei Pfanni die ALDI Packungen gesehen, andere Beispiele sind M&uuml;ller-Milch (Milbona) oder Koppenrath und Wiese (ALDI). Wenn ich Service brauche bezahle ich auch daf&uuml;r, aber dann m&ouml;chte ich eben auch einen Nutzen haben. So wird dieses Fr&uuml;hjahr ein neues Fahrrad f&auml;llig. Mein ganz altes, (ich habe immer zwei) wurde Opfer des Sturms &uuml;ber Neujahr als es aus dem St&auml;nder gerissen wurde und nun einen Achter vorne hat. Weil auch die G&auml;nge nicht mehr alle gehen wird nun ein neues f&auml;llig. Das kaufe ich beim Fahrradh&auml;ndler vor Ort, obwohl dessen Auswahl bei den R&auml;dern die ich brauche (als Last- und Transportfahrrad und nicht als Freizeitger&auml;t) nicht so gro&szlig; ist. Ich bekomme dann ein sauber eingestelltes Fahrrad und auch eine Beratung und ich kann es mir in Natura ansehen und untersuchen.<\/p>\n<p>In letzter Zeit &uuml;berlege ich ob ich nicht zumindest bei Fleisch und Wurst ganz auf Bio umsteigen soll. Die Zust&auml;nde in der Massentierhaltung, die Tiertransporte quer durchs Land sind ja bekannt und der Gesetzgeber tut nichts dagegen. So kann man als Verbraucher wenn man das nicht haben will ja eigentlich nur &#8222;Bio&#8220; kaufen. Das verr&uuml;ckte dabei ist: Bio bekomme ich in meinem Ort nicht bei den beiden Metzgern, sondern nur bei ALDI. Okay, da ist es auch nur ein Teil des Sortiments, aber immerhin. Aber es wird mehr und mehr und das ist positiv.<\/p>\n","protected":false},"excerpt":{"rendered":"<p>Die Werbebotschaft ist zwar nun nicht mehr Bestandteil der Saturn-Werbung, aber es trifft doch die deutsche Mentalit&auml;t. Es muss billig sein. Man muss sparen. Wir haben ja nichts zu verschenken und wer mehr bezahlt als n&ouml;tig ist entweder reich oder d&auml;mlich, weil er nicht f&auml;hig ist das billigste Angebot zu finden. Politiker sind ja seit [&hellip;]<\/p>\n","protected":false},"author":169,"featured_media":0,"comment_status":"open","ping_status":"open","sticky":false,"template":"","format":"standard","meta":{"_jetpack_memberships_contains_paid_content":false,"footnotes":""},"categories":[1],"tags":[2370,903,2371],"class_list":["post-6002","post","type-post","status-publish","format-standard","hentry","category-allgemein","tag-billig","tag-bio","tag-geiz-ist-geil","entry"],"a3_pvc":{"activated":false,"total_views":784,"today_views":0},"jetpack_featured_media_url":"","jetpack-related-posts":[{"id":4557,"url":"https:\/\/www.bernd-leitenberger.de\/blog\/2011\/04\/03\/atom-und-wahlnachlese\/","url_meta":{"origin":6002,"position":0},"title":"Atom- und Wahlnachlese","author":"Bernd Leitenberger","date":"3. April 2011","format":false,"excerpt":"Nun einige Wochen nach dem Super-Gau von Japan wird es an der Zeit f?r eine Nachlese und zwar eine etwas allgemeiner gehaltene. Ich m?chte an dieser Stelle mal meine Einstellung zur Kernkraft in den letzten Jahrzehnten reflektieren. Ich war urspr?nglich f?r Kernkraft. Wie viele andere, glaubte ich an umweltfreundliche Energie\u2026","rel":"","context":"In &quot;Allgemein&quot;","block_context":{"text":"Allgemein","link":"https:\/\/www.bernd-leitenberger.de\/blog\/category\/allgemein\/"},"img":{"alt_text":"","src":"","width":0,"height":0},"classes":[]},{"id":18472,"url":"https:\/\/www.bernd-leitenberger.de\/blog\/2025\/12\/16\/die-deutsche-automobilindustrie-2\/","url_meta":{"origin":6002,"position":1},"title":"Die Deutsche Automobilindustrie.","author":"Bernd Leitenberger","date":"16. Dezember 2025","format":false,"excerpt":"Ich wei\u00df, ich habe lange nichts von mir h\u00f6ren lassen. Ich lebe aber noch. Ich arbeite derzeit viel an dem neuen Buch \u00fcber die Thor- und Delta-Tr\u00e4gerraketen. Leider sto\u00dfe ich auf immer mehr Material und das nimmt sehr viel Arbeit in Anspruch, um mich einzuarbeiten und zu schreiben. Jetzt schon\u2026","rel":"","context":"In &quot;Politik&quot;","block_context":{"text":"Politik","link":"https:\/\/www.bernd-leitenberger.de\/blog\/category\/politik\/"},"img":{"alt_text":"","src":"https:\/\/vg04.met.vgwort.de\/na\/98960bbbe1644c829b9337b57667bf6c","width":350,"height":200},"classes":[]},{"id":18385,"url":"https:\/\/www.bernd-leitenberger.de\/blog\/2025\/09\/07\/spacex-splitter\/","url_meta":{"origin":6002,"position":2},"title":"SpaceX-Splitter","author":"Bernd Leitenberger","date":"7. September 2025","format":false,"excerpt":"Der heutige Blog ist nicht neu, das, was ich schreibe habe ich schon einige Male geschrieben, aber ebenso wie ich zum wiederholten Male Artikel \u00fcber den Fortschritt oder fehlenden Fortschritt in anderen Webseiten lese, denke ich kann man einiges noch mal aufkochen. Ich will das als eine Folge von fiktiven\u2026","rel":"","context":"In &quot;SpaceX&quot;","block_context":{"text":"SpaceX","link":"https:\/\/www.bernd-leitenberger.de\/blog\/category\/raumfahrt\/spacex\/"},"img":{"alt_text":"","src":"https:\/\/vg02.met.vgwort.de\/na\/b2e94ef07fec4d7190886846bcbb4589","width":350,"height":200},"classes":[]},{"id":14393,"url":"https:\/\/www.bernd-leitenberger.de\/blog\/2019\/11\/06\/warum-tut-man-sich-so-schwer-auf-etwas-voellig-ueberfluessiges-zu-verzichten\/","url_meta":{"origin":6002,"position":3},"title":"Warum tut man sich so schwer, auf etwas v&ouml;llig &Uuml;berfl&uuml;ssiges zu verzichten?","author":"Bernd Leitenberger","date":"6. November 2019","format":false,"excerpt":"Gestern war erneut das \u201eKlimakabinett\u201c aktiv. Sie haben den Ausbau der Ladeinfrastruktur und des Netzes an Wasserstoffnetzen beschlossen. Mal abgesehen davon das dies nicht in den Verantwortungsbereich der Bundesregierung, sondern der Betreiber der entsprechenden Stationen f\u00e4llt, ist das wieder ein Beispiel f\u00fcr Aktionismus. Genauso wie die nun erh\u00f6hte Elektroautopr\u00e4mie. Wer\u2026","rel":"","context":"In &quot;Allgemein&quot;","block_context":{"text":"Allgemein","link":"https:\/\/www.bernd-leitenberger.de\/blog\/category\/allgemein\/"},"img":{"alt_text":"","src":"https:\/\/vg02.met.vgwort.de\/na\/a4a87b4f3c004c9ba9d11e2f979f8aac","width":350,"height":200},"classes":[]},{"id":18547,"url":"https:\/\/www.bernd-leitenberger.de\/blog\/2026\/03\/04\/quo-vadis-artemis\/","url_meta":{"origin":6002,"position":4},"title":"Quo Vadis Artemis?","author":"Bernd Leitenberger","date":"4. M\u00e4rz 2026","format":false,"excerpt":"Ich muss mal meine nicht vorhandene humanistische Bildung heraush\u00e4ngen, sprich Latein kann ich nicht, aber ich habe in meiner Jugend gerne Monumentalschinken angeschaut und da gibt es den ber\u00fchmtem Film \"Quo Vadis\" mit der ersten gro\u00dfen Rolle f\u00fcr Peter Ustinov als Nero. Das Zitat ist bekannt: Petrus flieht aus Rom,\u2026","rel":"","context":"In &quot;Raumfahrt&quot;","block_context":{"text":"Raumfahrt","link":"https:\/\/www.bernd-leitenberger.de\/blog\/category\/raumfahrt\/"},"img":{"alt_text":"","src":"\/img\/artemis-2026-2028.jpg","width":350,"height":200,"srcset":"\/img\/artemis-2026-2028.jpg 1x, \/img\/artemis-2026-2028.jpg 1.5x, \/img\/artemis-2026-2028.jpg 2x, \/img\/artemis-2026-2028.jpg 3x, \/img\/artemis-2026-2028.jpg 4x"},"classes":[]},{"id":18396,"url":"https:\/\/www.bernd-leitenberger.de\/blog\/2025\/09\/19\/die-falcon-9-eine-nachlese-2\/","url_meta":{"origin":6002,"position":5},"title":"Die Falcon 9 \u2013 eine Nachlese (2)","author":"Bernd Leitenberger","date":"19. September 2025","format":false,"excerpt":"So und hier folgt der zweite Teil der Nachbetrachtung der Falcon 9, er schlie\u00dft an den ersten Teil von gestern an. Den ganzen Artikel gibt es auch auf der Website. Nutzlastverkleidung Ein einziges System wurde beim \u00dcbergang von der ersten zur heutigen Version kleiner: Die Nutzlastverkleidung wurde von 15,24 auf\u2026","rel":"","context":"In &quot;SpaceX&quot;","block_context":{"text":"SpaceX","link":"https:\/\/www.bernd-leitenberger.de\/blog\/category\/raumfahrt\/spacex\/"},"img":{"alt_text":"","src":"https:\/\/vg02.met.vgwort.de\/na\/56024d59119b4e4685580cdc237045c2","width":350,"height":200},"classes":[]}],"jetpack_sharing_enabled":true,"amp_enabled":true,"_links":{"self":[{"href":"https:\/\/www.bernd-leitenberger.de\/blog\/wp-json\/wp\/v2\/posts\/6002","targetHints":{"allow":["GET"]}}],"collection":[{"href":"https:\/\/www.bernd-leitenberger.de\/blog\/wp-json\/wp\/v2\/posts"}],"about":[{"href":"https:\/\/www.bernd-leitenberger.de\/blog\/wp-json\/wp\/v2\/types\/post"}],"author":[{"embeddable":true,"href":"https:\/\/www.bernd-leitenberger.de\/blog\/wp-json\/wp\/v2\/users\/169"}],"replies":[{"embeddable":true,"href":"https:\/\/www.bernd-leitenberger.de\/blog\/wp-json\/wp\/v2\/comments?post=6002"}],"version-history":[{"count":0,"href":"https:\/\/www.bernd-leitenberger.de\/blog\/wp-json\/wp\/v2\/posts\/6002\/revisions"}],"wp:attachment":[{"href":"https:\/\/www.bernd-leitenberger.de\/blog\/wp-json\/wp\/v2\/media?parent=6002"}],"wp:term":[{"taxonomy":"category","embeddable":true,"href":"https:\/\/www.bernd-leitenberger.de\/blog\/wp-json\/wp\/v2\/categories?post=6002"},{"taxonomy":"post_tag","embeddable":true,"href":"https:\/\/www.bernd-leitenberger.de\/blog\/wp-json\/wp\/v2\/tags?post=6002"}],"curies":[{"name":"wp","href":"https:\/\/api.w.org\/{rel}","templated":true}]}}