{"id":6343,"date":"2012-05-29T00:01:00","date_gmt":"2012-05-28T22:01:00","guid":{"rendered":"http:\/\/www.bernd-leitenberger.de\/blog\/?p=6343"},"modified":"2012-05-27T19:02:24","modified_gmt":"2012-05-27T17:02:24","slug":"facebook-ich-mag-das-nicht","status":"publish","type":"post","link":"https:\/\/www.bernd-leitenberger.de\/blog\/2012\/05\/29\/facebook-ich-mag-das-nicht\/","title":{"rendered":"Facebook &#8211; ich mag das nicht"},"content":{"rendered":"<p>In einer Woche haben die Aktien von Facebook ein Drittel an Wert verloren &#8211; Das gef&auml;llt mir. Ich fand Facebook noch nie sympathisch. Nicht nur seit das Unternehmen vor einigen Jahren wegen seiner Datenschutzbestimmungen in die Kritik geriet. Das wurde ja immer schlimmer. Inzwischen geht es ja in Richtung v&ouml;lliger &Uuml;berwachung des Users und Nutzung aller dabei gewonnenen Daten f&uuml;r Werbung (und was kommt dann noch?). Wenn ich mir die aktuelle ct&#8216; ansehe, dann ist das be&auml;ngstigend was da gemacht wird und was m&ouml;glich ist. Es geht in Richtung &#8222;Big Brother&#8220;, denn Facebook kann auch ihr Surfverhalten &uuml;berwachen. Man braucht dazu nur einen &#8222;I like Button&#8220; auf einer Seite, denn man nicht mal anklicken muss. Das laden der Seite reicht und in den Cookies legt Facebook ab, dass sie das besucht haben. (dieser Blog hat nat&uuml;rlich keinen &#8222;I like that&#8220; Button). &Uuml;berfl&uuml;ssig zu sagen, dass ich nicht bei Facebook bin. (es gibt einige Namensvetter dort, aber mich nicht).<!--more--><\/p>\n<p>Ich konnte aber schon mit dem Konzept nichts anfangen. Warum sollte ich an einer bestimmten Stelle alle Kontakte &ouml;ffentlich pr&auml;sentieren und f&uuml;r alle irgendwelche Nachrichten pr&auml;sentieren. Also bei mir bestehen Kontakte aus pers&ouml;nlichen Beziehungen. Und die sind unterschiedlich. Wenn ich in den Urlaub gehe sollte das meine Familie und Kollegen an der Arbeit wissen. Aber muss das ein Schulkamerad wissen, denn ich seit 10 Jahren nicht mehr gesehen habe? Also wenn ich etwas mitzuteilen habe, geht das direkt und wenn ich mich mit jemanden unterhalten will dann auch. Dass ein Unternehmen das auch noch missbraucht ist dann eigentlich nur die Krone des ganzen.<\/p>\n<p>Ich muss aber auch sagen in &#8222;Social Nets&#8220; bin ich ein Technikmuffel. Ich konnte auch nicht den tieferen Sinn von Twitter erkennen. Vor allem nicht im Internet das nichts vergisst. Bei meinem Blog habe ich wenigstens die volle Kontrolle &uuml;ber das was ich publiziere. Aber bei einem Dienst?<\/p>\n<p>Man sollte sich von allen Diensten emanzipieren. Also ich r&uuml;cke inzwischen von Google ab. Der Grund ist einfach: Alles was ich von Google benutzt habe wird eingestellt. Google Video, Google Notebook. Es ist weniger die auch hier platzierte Werbung. Das ist nicht die Art von Service die ich im Kopf habe,<\/p>\n<p>Schlimm finde ich, dass Facebook aufgewertet wird. Praktisch jede Firma, jede Fernsehproduktion hat eine Facebook Seite und wirbt damit. Besonders schlimm finde ich das beim &ouml;ffentlich-rechtlichen Fernsehen. Da wird regelm&auml;&szlig;ig kritisch &uuml;ber facebook berichtet und dann gibt es bei jedem Magazin doch die Einblendung der facebook Adresse und oft sogar den Hinweis. &#8222;Besuchen sie uns bei facebok&#8220;. Leute, Glaubw&uuml;rdigkeit sieht anders aus.<\/p>\n<p>Ich w&uuml;nsche Facebook dass sie pleite gehen, aber dem scheint nicht so zu sein. Aber wenn eine Firma die mit den Daten ihrer Mitglieder Schindluder betreibt diese verliert oder die Einnahmen ausbleiben, dann &auml;ndert sich vielleicht bei dem Datenschutz bei anderen Firmen was.<\/p>\n","protected":false},"excerpt":{"rendered":"<p>In einer Woche haben die Aktien von Facebook ein Drittel an Wert verloren &#8211; Das gef&auml;llt mir. Ich fand Facebook noch nie sympathisch. Nicht nur seit das Unternehmen vor einigen Jahren wegen seiner Datenschutzbestimmungen in die Kritik geriet. Das wurde ja immer schlimmer. Inzwischen geht es ja in Richtung v&ouml;lliger &Uuml;berwachung des Users und Nutzung [&hellip;]<\/p>\n","protected":false},"author":169,"featured_media":0,"comment_status":"open","ping_status":"open","sticky":false,"template":"","format":"standard","meta":{"_jetpack_memberships_contains_paid_content":false,"footnotes":""},"categories":[1,4],"tags":[2553,2552,584],"class_list":["post-6343","post","type-post","status-publish","format-standard","hentry","category-allgemein","category-computer","tag-datenschutz","tag-facebook","tag-google","entry"],"a3_pvc":{"activated":false,"total_views":472,"today_views":0},"jetpack_featured_media_url":"","jetpack-related-posts":[{"id":18614,"url":"https:\/\/www.bernd-leitenberger.de\/blog\/2026\/03\/29\/galileos-cds-teil-3\/","url_meta":{"origin":6343,"position":0},"title":"Galileos CDS &#8211; Teil 3","author":"Bernd Leitenberger","date":"29. M\u00e4rz 2026","format":false,"excerpt":"So nun zum dritten Teil \u00fcber das prim\u00e4re Computersystem von Galileo, das CDS. Nachdem sich die ersten beiden Teile nur mit dem RCA 1802, warum er gew\u00e4hlt wurde und seiner Architektur befassten geht es heute um das Computersystem selbst. Der Artikel schlie\u00dft so an seine beiden Vorg\u00e4nger gestern und vorgestern\u2026","rel":"","context":"In &quot;Raumfahrt&quot;","block_context":{"text":"Raumfahrt","link":"https:\/\/www.bernd-leitenberger.de\/blog\/category\/raumfahrt\/"},"img":{"alt_text":"","src":"https:\/\/vg07.met.vgwort.de\/na\/6e7f572a246b4ac395de9c260733b707","width":350,"height":200},"classes":[]},{"id":18605,"url":"https:\/\/www.bernd-leitenberger.de\/blog\/2026\/03\/13\/artemis-berechnungen\/","url_meta":{"origin":6343,"position":1},"title":"Artemis-Berechnungen","author":"Bernd Leitenberger","date":"13. M\u00e4rz 2026","format":false,"excerpt":"Wie ihr vielleicht schon mitbekommen habt, gibt es im Artemisprogramm Neuigkeiten. Da wurde zuerst eine neue Erdorbitmission zur Erprobung der Lander eingeschoben, Artemis III wird also nicht auf dem Mond landen. Die zweite Neuerung war das die Oberstufe EUS wegf\u00e4llt. Zuerst mal dazu. Ein Bericht des OMG, so eine Art\u2026","rel":"","context":"In &quot;Raumfahrt&quot;","block_context":{"text":"Raumfahrt","link":"https:\/\/www.bernd-leitenberger.de\/blog\/category\/raumfahrt\/"},"img":{"alt_text":"","src":"https:\/\/vg07.met.vgwort.de\/na\/8003982d62154aaf9914aedb1248c232","width":350,"height":200},"classes":[]},{"id":18610,"url":"https:\/\/www.bernd-leitenberger.de\/blog\/2026\/03\/27\/galileos-cds-teil-1\/","url_meta":{"origin":6343,"position":2},"title":"Galileos CDS &#8211; Teil 1","author":"Bernd Leitenberger","date":"27. M\u00e4rz 2026","format":false,"excerpt":"Hall\u00f6chen, es wird Zeit das ich mich mal wieder melde. Es gab zwei Gr\u00fcnde, warum ich mich so rar gemacht habe. Das eine ist das es gerade nicht so viel aktuelles gibt, au\u00dfer einem Update zu Artemis, zu dem ich vielleicht noch etwas schreibe. W\u00e4hrend Trump das ganze Programm nach\u2026","rel":"","context":"In &quot;Raumfahrt&quot;","block_context":{"text":"Raumfahrt","link":"https:\/\/www.bernd-leitenberger.de\/blog\/category\/raumfahrt\/"},"img":{"alt_text":"","src":"https:\/\/vg07.met.vgwort.de\/na\/4fb81c7bafbd4d9d88b5695abdb33d29","width":350,"height":200},"classes":[]},{"id":18380,"url":"https:\/\/www.bernd-leitenberger.de\/blog\/2025\/09\/03\/die-glorreichen-10-das-war-mal-weg-pc-hardware\/","url_meta":{"origin":6343,"position":3},"title":"Die glorreichen 10 &#8211; Das war mal weg: PC Hardware","author":"Bernd Leitenberger","date":"3. September 2025","format":false,"excerpt":"Ich will heute mal zwei ZDF Info \/ Neo Sendungen verbinden. Die glorreichen 10, die bei mir als Vorlage f\u00fcr einige Blogs dienten und die von mir noch mehr gesch\u00e4tzte Sendung \"Das war mal weg\", wo es um Dinge geht, die fr\u00fcher fast jeder hatte und die heute aus unserem\u2026","rel":"","context":"In &quot;Die Glorreichen 10&quot;","block_context":{"text":"Die Glorreichen 10","link":"https:\/\/www.bernd-leitenberger.de\/blog\/category\/allgemein\/die-glorreichen-10\/"},"img":{"alt_text":"","src":"https:\/\/vg02.met.vgwort.de\/na\/876c61d389304d98aa0332fadd769381","width":350,"height":200},"classes":[]},{"id":18511,"url":"https:\/\/www.bernd-leitenberger.de\/blog\/2026\/01\/27\/musks-ki-rechenzentren-im-orbit\/","url_meta":{"origin":6343,"position":4},"title":"Musks KI-Rechenzentren im Orbit","author":"Bernd Leitenberger","date":"27. Januar 2026","format":false,"excerpt":"Bei meinem regelm\u00e4\u00dfigen Besuch des Space Reviews stie\u00df ich auf diesen Artikel: SpaceX, orbital data centers, and the journey to Mars. Ich hatte in meiner Nachlese schon erw\u00e4hnt das Elon Musk, nachdem er dies lange verschoben hat nun plant SpaceX an die B\u00f6rse zu bringen. Ich meinte aber, das l\u00e4ge\u2026","rel":"","context":"In &quot;SpaceX&quot;","block_context":{"text":"SpaceX","link":"https:\/\/www.bernd-leitenberger.de\/blog\/category\/raumfahrt\/spacex\/"},"img":{"alt_text":"","src":"https:\/\/vg06.met.vgwort.de\/na\/0ee72da693054bc3b5c3f00214a7e2b3","width":350,"height":200},"classes":[]},{"id":13317,"url":"https:\/\/www.bernd-leitenberger.de\/blog\/2018\/04\/04\/die-aufklaerung-des-aprilscherzes\/","url_meta":{"origin":6343,"position":5},"title":"Die Aufkl&auml;rung des Aprilscherzes","author":"Bernd Leitenberger","date":"4. April 2018","format":false,"excerpt":"So, nun komme ich wieder mal zu einem Blog. Derzeit arbeite ich noch flei\u00dfig an der Aufstiegssimulation, nun vor allem im Pflegen der alten Daten. Rund 200 Tr\u00e4ger wollen schlie\u00dflich erg\u00e4nzt werden. Anscheinend hat es keiner gemerkt: Der letzte Blog war ein Aprilscherz. Nat\u00fcrlich w\u00fcrde unsere Regierung nie auf seinen\u2026","rel":"","context":"In &quot;SpaceX&quot;","block_context":{"text":"SpaceX","link":"https:\/\/www.bernd-leitenberger.de\/blog\/category\/raumfahrt\/spacex\/"},"img":{"alt_text":"","src":"\/img\/sapcex-falcons.jpg","width":350,"height":200,"srcset":"\/img\/sapcex-falcons.jpg 1x, \/img\/sapcex-falcons.jpg 1.5x, \/img\/sapcex-falcons.jpg 2x"},"classes":[]}],"jetpack_sharing_enabled":true,"amp_enabled":true,"_links":{"self":[{"href":"https:\/\/www.bernd-leitenberger.de\/blog\/wp-json\/wp\/v2\/posts\/6343","targetHints":{"allow":["GET"]}}],"collection":[{"href":"https:\/\/www.bernd-leitenberger.de\/blog\/wp-json\/wp\/v2\/posts"}],"about":[{"href":"https:\/\/www.bernd-leitenberger.de\/blog\/wp-json\/wp\/v2\/types\/post"}],"author":[{"embeddable":true,"href":"https:\/\/www.bernd-leitenberger.de\/blog\/wp-json\/wp\/v2\/users\/169"}],"replies":[{"embeddable":true,"href":"https:\/\/www.bernd-leitenberger.de\/blog\/wp-json\/wp\/v2\/comments?post=6343"}],"version-history":[{"count":0,"href":"https:\/\/www.bernd-leitenberger.de\/blog\/wp-json\/wp\/v2\/posts\/6343\/revisions"}],"wp:attachment":[{"href":"https:\/\/www.bernd-leitenberger.de\/blog\/wp-json\/wp\/v2\/media?parent=6343"}],"wp:term":[{"taxonomy":"category","embeddable":true,"href":"https:\/\/www.bernd-leitenberger.de\/blog\/wp-json\/wp\/v2\/categories?post=6343"},{"taxonomy":"post_tag","embeddable":true,"href":"https:\/\/www.bernd-leitenberger.de\/blog\/wp-json\/wp\/v2\/tags?post=6343"}],"curies":[{"name":"wp","href":"https:\/\/api.w.org\/{rel}","templated":true}]}}