{"id":67,"date":"2007-12-01T19:45:17","date_gmt":"2007-12-01T18:45:17","guid":{"rendered":"http:\/\/bernd-leitenberger.de\/blog\/2007\/12\/01\/astronauten\/"},"modified":"2012-06-28T18:46:35","modified_gmt":"2012-06-28T16:46:35","slug":"astronauten","status":"publish","type":"post","link":"https:\/\/www.bernd-leitenberger.de\/blog\/2007\/12\/01\/astronauten\/","title":{"rendered":"Astronauten"},"content":{"rendered":"<p>Wenn man sie nach einem Astronauten fragt, wer f&auml;llt Ihnen da ein? Ich  \tdenke wenn man die meisten Deutschen fragt vielleicht Neil Armstrong oder  \tauch Juri Gagarin (obwohl der genau genommen ja Kosmonaut war, aber ich sehe  \tdas nicht so eng, der Beruf ist der gleiche). Vielleicht in Ostdeutschland  \terh&auml;lt man auch die Antwort: Sigmund J&auml;hn und im Westen vielleicht einen  \tNamen der westdeutschen Astronauten, vielleicht am ehesten Thomas Reiter, da  \ter erst k&uuml;rzlich im All war.<\/p>\n<p>In Amerika sind die Chancen gut von John Glenn oder Al Shepard zu h&ouml;ren  \toder vielleicht von Buzz Aldrin. Ich w&uuml;rde wahrscheinlich als ersten John  \tYoung nennen. F&uuml;r mich ist von allen Astronauten John Young der, f&uuml;r den ich  \tam meisten Respekt hatte. mir fiel er zum ersten Mal bei einer Tafel der  \tApollo Astronauten auf, wo er hervorstach, weil er nett l&auml;chelte, w&auml;hrend  \tdie anderen mehr ernst oder seri&ouml;s schauten.<\/p>\n<p><!--more--><\/p>\n<p>Meinen Respekt hat er aber vor allem, weil er der NASA nicht nach Apollo  \tden R&uuml;cken kehrte. Obwohl jeder Astronaut immer betont, es ginge nur darum  \tdie Mission zu erf&uuml;llen und nicht um pers&ouml;nlichen Ruhm, spielt doch bei  \tallen so etwas wie Ehrgeiz mit: Mehr zu erreichen, zu einer Elite zu  \tgeh&ouml;ren. John Young hatte 1972 alles erreicht was man bei der NASA erreichen  \tkonnte: Er hatte zwei Gemini Erdorbit Fl&uuml;ge hinter sich, 2 Apollo Fl&uuml;ge, er  \twar zweimal in einer Mondumlaufbahn und einmal auf der Mondoberfl&auml;che. Eine  \tvergleichbare Bilanz konnte nur Eugene Cernan aufweisen. Mehr ging nicht.  \tDie NASA hatte das Apollo Programm beendet und der Space Shuttle stand erst  \tin 8 Jahren zur Verf&uuml;gung. F&uuml;r diesen waren bald 50,60 Missionen pro Jahr  \tangek&uuml;ndigt mit bis zu 7 Besatzungsmitgliedern. Dort w&auml;re man dann nur ein  \tAstronaut von vielen, es ist nicht mehr ein kleiner Zirkel, es sind dann  \thunderte von Astronauten. <\/p>\n<p>Entsprechend haben fast alle Astronauten die die NASA damals hatte und  \tdie schon einmal geflogen sind ihr den R&uuml;cken gekehrt. Manche recht schnell  \twie Armstrong und Aldrin manche sp&auml;ter. Young blieb. Er flog dann noch  \tColumbia bei ihrem Jungfernstart und f&uuml;hrte auch den ersten Spacelab Flug  \tdurch. Er war noch f&uuml;r den Start von Hubble nominiert, dieser Flug wurde  \tjedoch nach der Explosion der Challenger abgesagt. Danach zog er sich aus  \tdem aktiven Dienst zur&uuml;ck und arbeitete im NASA Management. Er war Mitglied  \tder Untersuchungskommission des Challenger Verlustes und hatte auch schon im  \tVorfeld Kritik an der Sicherheit des Space Shuttles ge&uuml;bt. <\/p>\n<p>Er arbeitete ab dem Mai 1987 als Assistent des Direktors und sp&auml;ter  \tTechnischer Direktors an der Konzeption der ISS und vor allem den  \tSicherheitsaspekten der Station. Erst am 31.12.2004 &#8211; nach 42 Jahren  \tT&auml;tigkeit f&uuml;r die NASA trat er im Alter von 74 Jahren von einem Posten  \tzur&uuml;ck und ging in den wohlverdienten Ruhestand.<\/p>\n<p>Er ist der einzige der ersten zwei Astronautengruppen der nicht in die  \tWirtschaft gewechselt ist, und obwohl er in der NASA blieb hat er niemals  \tdarauf gedr&auml;ngt nochmals einen Raumflug durchzuf&uuml;hren. Darin unterscheidet  \ter sich wohltuend von John Glenn, der nach seinem Heldstatus als erster  \tAmerikaner im Orbit sofort die NASA verlie&szlig;, seine Ber&uuml;hmtheit nutzte um  \tSenator zu werden und dann dort seine politischen Einfluss nutzte um noch  \tals Rentner nochmal ins All zu fliegen. <\/p>\n<p>Wenn es jemand gibt dem ich glaube, dass die Mission im Vordergrund steht  \tund es nicht um pers&ouml;nlichen Ruhm geht, dann ist es John Young.<\/p>\n","protected":false},"excerpt":{"rendered":"<p>Wenn man sie nach einem Astronauten fragt, wer f&auml;llt Ihnen da ein? Ich denke wenn man die meisten Deutschen fragt vielleicht Neil Armstrong oder auch Juri Gagarin (obwohl der genau genommen ja Kosmonaut war, aber ich sehe das nicht so eng, der Beruf ist der gleiche). Vielleicht in Ostdeutschland erh&auml;lt man auch die Antwort: Sigmund [&hellip;]<\/p>\n","protected":false},"author":169,"featured_media":0,"comment_status":"open","ping_status":"open","sticky":false,"template":"","format":"standard","meta":{"_jetpack_memberships_contains_paid_content":false,"footnotes":""},"categories":[3],"tags":[198],"class_list":["post-67","post","type-post","status-publish","format-standard","hentry","category-raumfahrt","tag-astronauten","entry"],"a3_pvc":{"activated":false,"total_views":1220,"today_views":0},"jetpack_featured_media_url":"","jetpack-related-posts":[{"id":18419,"url":"https:\/\/www.bernd-leitenberger.de\/blog\/2025\/10\/02\/der-neue-rekordhalter-bei-der-bemannten-raumfahrt\/","url_meta":{"origin":67,"position":0},"title":"Der neue Rekordhalter bei der bemannten Raumfahrt","author":"Bernd Leitenberger","date":"2. Oktober 2025","format":false,"excerpt":"\u2026 ist unfreiwillig Oleg Popolow. Die Geschichte zeigt, wo Russland heute in der Raumfahrt steht. Sie beginnt am 22. September 2022. Russland f\u00fchrt seit rund sieben Monaten Krieg gegen die Ukraine und hat Tausende Gefallene, Verwundete und gefangene Soldaten zu beklagen. Um die Verluste auszugleichen, wurde an diesem Tag eine\u2026","rel":"","context":"In &quot;M\u00fcnchhausens Kolumne&quot;","block_context":{"text":"M\u00fcnchhausens Kolumne","link":"https:\/\/www.bernd-leitenberger.de\/blog\/category\/satire\/muenchhausen\/"},"img":{"alt_text":"","src":"https:\/\/vg01.met.vgwort.de\/na\/6566478af4c24587a85b9f439288056d","width":350,"height":200},"classes":[]},{"id":15301,"url":"https:\/\/www.bernd-leitenberger.de\/blog\/2021\/04\/20\/nachlese-zum-human-landing-system-hls-kontrakt\/","url_meta":{"origin":67,"position":1},"title":"Nachlese zum Human Landing System (HLS) Kontrakt","author":"Bernd Leitenberger","date":"20. April 2021","format":false,"excerpt":"\ufeffWie bereits bekannt und hier auch schon kommentiert, hat die NASA am Wochenende SpaceX den Vertrag \u00fcber das HLS in einer H\u00f6he von 2,89 Milliarden Dollar vergeben. Ich habe zuerst \u00fcberlegt, ob ich das in der Aprilnachlese zu SpaceX thematisieren sollte, aber da die Kritik daran eigentlich nur teilweise mit\u2026","rel":"","context":"In &quot;Raumfahrt&quot;","block_context":{"text":"Raumfahrt","link":"https:\/\/www.bernd-leitenberger.de\/blog\/category\/raumfahrt\/"},"img":{"alt_text":"","src":"https:\/\/vg01.met.vgwort.de\/na\/352f2778c491440a9f73c731c5880d09","width":350,"height":200},"classes":[]},{"id":18465,"url":"https:\/\/www.bernd-leitenberger.de\/blog\/2025\/11\/07\/neues-zu-artemis-blue-origin-und-spacex\/","url_meta":{"origin":67,"position":2},"title":"Neues zu Artemis, Blue Origin und SpaceX","author":"Bernd Leitenberger","date":"7. November 2025","format":false,"excerpt":"Hallo. Ich wei\u00df, ich habe mich in den letzten Wochen etwas rar gemacht. Ich hatte zum einen viel zu tun, dann noch eine OP am Handgelenk, etwas an meinem Buch geschrieben und derzeit ist auch meine Winterdepression wieder st\u00e4rker, sodass ich lieber spiele als Artikel zu verfassen. Es hat sich\u2026","rel":"","context":"In &quot;Raumfahrt&quot;","block_context":{"text":"Raumfahrt","link":"https:\/\/www.bernd-leitenberger.de\/blog\/category\/raumfahrt\/"},"img":{"alt_text":"","src":"https:\/\/vg04.met.vgwort.de\/na\/76454a00a29844c79745dc13a13341de","width":350,"height":200},"classes":[]},{"id":18385,"url":"https:\/\/www.bernd-leitenberger.de\/blog\/2025\/09\/07\/spacex-splitter\/","url_meta":{"origin":67,"position":3},"title":"SpaceX-Splitter","author":"Bernd Leitenberger","date":"7. September 2025","format":false,"excerpt":"Der heutige Blog ist nicht neu, das, was ich schreibe habe ich schon einige Male geschrieben, aber ebenso wie ich zum wiederholten Male Artikel \u00fcber den Fortschritt oder fehlenden Fortschritt in anderen Webseiten lese, denke ich kann man einiges noch mal aufkochen. Ich will das als eine Folge von fiktiven\u2026","rel":"","context":"In &quot;SpaceX&quot;","block_context":{"text":"SpaceX","link":"https:\/\/www.bernd-leitenberger.de\/blog\/category\/raumfahrt\/spacex\/"},"img":{"alt_text":"","src":"https:\/\/vg02.met.vgwort.de\/na\/b2e94ef07fec4d7190886846bcbb4589","width":350,"height":200},"classes":[]},{"id":4557,"url":"https:\/\/www.bernd-leitenberger.de\/blog\/2011\/04\/03\/atom-und-wahlnachlese\/","url_meta":{"origin":67,"position":4},"title":"Atom- und Wahlnachlese","author":"Bernd Leitenberger","date":"3. April 2011","format":false,"excerpt":"Nun einige Wochen nach dem Super-Gau von Japan wird es an der Zeit f?r eine Nachlese und zwar eine etwas allgemeiner gehaltene. Ich m?chte an dieser Stelle mal meine Einstellung zur Kernkraft in den letzten Jahrzehnten reflektieren. Ich war urspr?nglich f?r Kernkraft. Wie viele andere, glaubte ich an umweltfreundliche Energie\u2026","rel":"","context":"In &quot;Allgemein&quot;","block_context":{"text":"Allgemein","link":"https:\/\/www.bernd-leitenberger.de\/blog\/category\/allgemein\/"},"img":{"alt_text":"","src":"","width":0,"height":0},"classes":[]},{"id":18627,"url":"https:\/\/www.bernd-leitenberger.de\/blog\/2026\/04\/05\/artemis-ii\/","url_meta":{"origin":67,"position":5},"title":"Artemis II","author":"Bernd Leitenberger","date":"5. April 2026","format":false,"excerpt":"Seit gestern ist nun die Artemis II Mission auf dem Mond, wenige Tage zuvor hat NASA Administrator Isaac Jaredmann neue Pl\u00e4ne ank\u00fcndigt. Zeit mal was dazu zu schreiben. Ich fange aber mit was an was zusammenh\u00e4ngt: Die Verseichtung. Keine Ahnung ob es den Begriff schon gibt, ich beschreibe damit das\u2026","rel":"","context":"In &quot;Raumfahrt&quot;","block_context":{"text":"Raumfahrt","link":"https:\/\/www.bernd-leitenberger.de\/blog\/category\/raumfahrt\/"},"img":{"alt_text":"","src":"https:\/\/vg07.met.vgwort.de\/na\/9a9d83018f8447148efa0d8328798e18","width":350,"height":200},"classes":[]}],"jetpack_sharing_enabled":true,"amp_enabled":true,"_links":{"self":[{"href":"https:\/\/www.bernd-leitenberger.de\/blog\/wp-json\/wp\/v2\/posts\/67","targetHints":{"allow":["GET"]}}],"collection":[{"href":"https:\/\/www.bernd-leitenberger.de\/blog\/wp-json\/wp\/v2\/posts"}],"about":[{"href":"https:\/\/www.bernd-leitenberger.de\/blog\/wp-json\/wp\/v2\/types\/post"}],"author":[{"embeddable":true,"href":"https:\/\/www.bernd-leitenberger.de\/blog\/wp-json\/wp\/v2\/users\/169"}],"replies":[{"embeddable":true,"href":"https:\/\/www.bernd-leitenberger.de\/blog\/wp-json\/wp\/v2\/comments?post=67"}],"version-history":[{"count":0,"href":"https:\/\/www.bernd-leitenberger.de\/blog\/wp-json\/wp\/v2\/posts\/67\/revisions"}],"wp:attachment":[{"href":"https:\/\/www.bernd-leitenberger.de\/blog\/wp-json\/wp\/v2\/media?parent=67"}],"wp:term":[{"taxonomy":"category","embeddable":true,"href":"https:\/\/www.bernd-leitenberger.de\/blog\/wp-json\/wp\/v2\/categories?post=67"},{"taxonomy":"post_tag","embeddable":true,"href":"https:\/\/www.bernd-leitenberger.de\/blog\/wp-json\/wp\/v2\/tags?post=67"}],"curies":[{"name":"wp","href":"https:\/\/api.w.org\/{rel}","templated":true}]}}