{"id":6852,"date":"2012-08-03T00:36:23","date_gmt":"2012-08-02T22:36:23","guid":{"rendered":"http:\/\/www.bernd-leitenberger.de\/blog\/?p=6852"},"modified":"2012-07-31T09:37:50","modified_gmt":"2012-07-31T07:37:50","slug":"ist-leber-stark-mit-schwermetallen-belastet","status":"publish","type":"post","link":"https:\/\/www.bernd-leitenberger.de\/blog\/2012\/08\/03\/ist-leber-stark-mit-schwermetallen-belastet\/","title":{"rendered":"Ist Leber stark mit Schwermetallen belastet?"},"content":{"rendered":"<p><!--#include virtual=\"nav\/nav-lmchem-faq.html\" --> <!--#include virtual=\"nav\/werbung-oben.html\" --><\/p>\n<p>Die Leber ist das zentrale Stoffwechselorgan unseres K&ouml;rpers. Zahlreiche Auf- und Abbauvorg&auml;nge erfolgen nur in der Leber. Aufgrund dessen haben die Leberzellen eine reiche Enzymausstattung. Da Vitamine und Spurenelemente oft als Coenzyme oder Cofaktoren wichtig sind, ist Leber auch reich an Vitaminen. Weiterhin liegt bei einigen Vitaminen der Speicher in der Leber. Daher ist die Leber sehr vitaminreich, wie folgende Tabelle zeigt:<!--more--><\/p>\n<table>\n<tbody>\n<tr>\n<th>Rinderleber<\/th>\n<\/tr>\n<tr>\n<td>Energie<\/td>\n<td>462 kJ (114 kcal)<\/td>\n<td>Wasser:<\/td>\n<td>69,9 g<\/td>\n<\/tr>\n<tr>\n<td>Eiwei&szlig;<\/td>\n<td>19,7 g<\/td>\n<td>Fett<\/td>\n<td>3,1 g<\/td>\n<\/tr>\n<tr>\n<td>Kohlenhydrate<\/td>\n<td>1,7 g<\/td>\n<td>Mineralstoffe<\/td>\n<td>1,4 g<\/td>\n<\/tr>\n<tr>\n<td>Eisen<\/td>\n<td>7,1 mg<\/td>\n<td>Vitamin B<sub>1<\/sub><\/td>\n<td>0,3 mg<\/td>\n<\/tr>\n<tr>\n<td>Kupfer<\/td>\n<td>3,6 mg<\/td>\n<td>Vitamin B<sub>2<\/sub><\/td>\n<td>2,88 mg<\/td>\n<\/tr>\n<tr>\n<td>Zink<\/td>\n<td>5,1 mg<\/td>\n<td>Vitamin B<sub>6<\/sub><\/td>\n<td>0,71 mg<\/td>\n<\/tr>\n<tr>\n<td>Fluorid<\/td>\n<td>0,13 mg<\/td>\n<td>Niacin<\/td>\n<td>15 mg<\/td>\n<\/tr>\n<tr>\n<td>Iodid<\/td>\n<td>14 \u00b5g<\/td>\n<td>Pantothens&auml;ure<\/td>\n<td>7,3 mg<\/td>\n<\/tr>\n<tr>\n<td>Selen<\/td>\n<td>35 \u00b5g<\/td>\n<td>Fols&auml;ure<\/td>\n<td>0,22 mg<\/td>\n<\/tr>\n<tr>\n<td>Vitamin A<\/td>\n<td>15 mg<\/td>\n<td>Vitamin B<sub>12<\/sub><\/td>\n<td>65 \u00b5g<\/td>\n<\/tr>\n<tr>\n<td>Vitamin D<\/td>\n<td>2 mg<\/td>\n<td>Biotin<\/td>\n<td>0,1 mg<\/td>\n<\/tr>\n<tr>\n<td>&nbsp;<\/td>\n<td>&nbsp;<\/td>\n<td>Vitamin C<\/td>\n<td>30 mg<\/td>\n<\/tr>\n<\/tbody>\n<\/table>\n<p>100 g Leber decken so den Tagesbedarf an Kupfer, Selen, Pantothens&auml;ure, Niacin etwa 50% des Tagesbedarfs an Eisen, Zink, Vitamin B<sub>6<\/sub>, C, Fols&auml;ure und 10% des Tagesbedarfs an Iod, Fluor, Vitamin B<sub>1<\/sub>.<\/p>\n<p>Bei den Vitaminen Biotin, A, D, B<sub>12<\/sub> und B<sub>2<\/sub> liegt die Bedarfsdeckung bei &uuml;ber 100%. Beim Vitamin B<sub>12<\/sub> w&auml;ren schon 5 g Leber ausreichend um den ganzen Tagesbedarf zu decken.<\/p>\n<p>Durch die zentrale Funktion als Stoffwechselorgan lagert die Leber leider auch Schwermetalle ab und war fr&uuml;her relativ stark belastet:<\/p>\n<table>\n<colgroup>\n<col \/>\n<col \/>\n<col \/>\n<col \/> <\/colgroup>\n<tbody>\n<tr>\n<th>Mittelwerte in mg\/kg<\/th>\n<th>Blei<\/th>\n<th>Cadmium<\/th>\n<th>Quecksilber<\/th>\n<\/tr>\n<tr>\n<td>Rindfleisch (1990)<\/td>\n<td>0,045<\/td>\n<td>0,010<\/td>\n<td>0,002<\/td>\n<\/tr>\n<tr>\n<td>Rinderleber (1990\/2006)<\/td>\n<td>0.458 \/ 0,035<\/td>\n<td>0,123 \/ 0,053<\/td>\n<td>0,021 \/ n.n<\/td>\n<\/tr>\n<tr>\n<td>Kalbleber (2006)<\/td>\n<td>0,037<\/td>\n<td>0,025<\/td>\n<td>n.n<\/td>\n<\/tr>\n<tr>\n<td>Schweinefleisch (1990)<\/td>\n<td>0,037<\/td>\n<td>0,010<\/td>\n<td>0,005<\/td>\n<\/tr>\n<tr>\n<td>Schweineleber (1990\/2006)<\/td>\n<td>0,110 \/ 0,014<\/td>\n<td>0,100 \/ 0,034<\/td>\n<td>0,047 \/ n.n<\/td>\n<\/tr>\n<tr>\n<td>Wurstwaren (1990)<\/td>\n<td>0,078<\/td>\n<td>0,018<\/td>\n<td>0,010<\/td>\n<\/tr>\n<tr>\n<td>WHO Empfehlung<\/td>\n<td>0,429<\/td>\n<td>0,057 \u2013 0,071<\/td>\n<td>0,043<\/td>\n<\/tr>\n<\/tbody>\n<\/table>\n<p>Tiere nehmen Schadstoffe &uuml;ber das Futter auf, die Belastung repr&auml;sentiert daher sowohl die individuelle Belastung des Futters wie auch der Umwelt. Sehr drastisch ist die Reduktion des Quecksilbergehaltes. Quecksilber wurde fr&uuml;her als Sattbeizmittel verwendet. Nach seinem Verbot f&uuml;r diesen Zweck war es bei den letzten Untersuchungen nicht mehr nachweisbar.<\/p>\n<p>Hauptquelle f&uuml;r Blei war fr&uuml;her der Stra&szlig;enverkehr, da Tetraethylenblei ein Antiklopfmittel bei Benzin war. Es fand sich daher auf praktisch allen Futterpflanzen. Mit dem Verbot dieses Zusatzes ist die Belastung stark zur&uuml;ckgegangen. Cadmium stammt zum einen aus Farben, hier wurden cadmiumhaltige Anstriche f&uuml;r St&auml;lle verboten und zum Zweiten aus Abgasen, es ist ein Begleitelement des Schwefels und findet sich daher auch in Kohle. Hier brachten Rauchgasentschwefelungsanlagen auch eine Reduktion der Cadmiumbelastung, jedoch weitaus weniger als bei Blei und Quecksilber. In der Summe unterschreiten heute viele Proben von purer Leber die R&uuml;ckst&auml;nde, die vor 20 Jahren noch in Fleisch und verarbeiteter Wurst gefunden wurden.<\/p>\n<p>Die Belastung steigt mit zunehmenden Alter der Tiere an, die Leber akkumuliert die Giftstoffe &uuml;ber das Leben. Deshalb darf Leber von Rindern, die &uuml;ber 24 Monate alt sind, nicht mehr in den Verkehr gebracht werden. Trotz der gesunkenen Belastung hat sich nichts an der offiziellen Empfehlung ge&auml;ndert: Gegen den einmaligen Konsum von Leber pro Woche spricht nichts. Bei einem zu hohen Leberkonsum kann man sich auch eine Vitamin A Vergiftung einfangen. Bekannt ist, dass der dauerhafte Konsum von 12 mg Vitamin A &uuml;ber 8 Jahre zu einer Vitamin A Vergiftung f&uuml;hrt \u2013 das entspricht lediglich 80 g Leber pro Tag. Die Leber von Wildtieren ist erheblich h&ouml;her belastet, vor allem weil diese auch Wildpilze verzehren, die Schwermetalle akkumulieren und schon als Pilze die Grenzwerte regelm&auml;&szlig;ig &uuml;berschreiten.<\/p>\n<p>Bei Leberwurst liegt je nach Qualit&auml;tsstufe der Leberanteil zwischen 10 und 30%. Entsprechend mehr darf man pro Woche konsumieren. Kalbsleberwurst wird &uuml;brigens aus Kalbsfleisch und Schweineleber hergestellt. Mit Kalbleber w&auml;re sie bitter und unbezahlbar.<\/p>\n","protected":false},"excerpt":{"rendered":"<p>Die Leber ist das zentrale Stoffwechselorgan unseres K&ouml;rpers. Zahlreiche Auf- und Abbauvorg&auml;nge erfolgen nur in der Leber. Aufgrund dessen haben die Leberzellen eine reiche Enzymausstattung. Da Vitamine und Spurenelemente oft als Coenzyme oder Cofaktoren wichtig sind, ist Leber auch reich an Vitaminen. Weiterhin liegt bei einigen Vitaminen der Speicher in der Leber. Daher ist die [&hellip;]<\/p>\n","protected":false},"author":169,"featured_media":0,"comment_status":"open","ping_status":"open","sticky":false,"template":"","format":"standard","meta":{"_jetpack_memberships_contains_paid_content":false,"footnotes":""},"categories":[276],"tags":[2604,2809,2806,2808,2807],"class_list":["post-6852","post","type-post","status-publish","format-standard","hentry","category-ernaehrung","tag-blei","tag-cadmium","tag-leber","tag-quecksilber","tag-schwermetalle","entry"],"a3_pvc":{"activated":false,"total_views":1075,"today_views":0},"jetpack_featured_media_url":"","jetpack-related-posts":[{"id":18436,"url":"https:\/\/www.bernd-leitenberger.de\/blog\/2025\/10\/11\/intransparenz-bei-omega-3-praeparaten\/","url_meta":{"origin":6852,"position":0},"title":"Intransparenz bei Omega-3 Pr&auml;paraten","author":"Bernd Leitenberger","date":"11. Oktober 2025","format":false,"excerpt":"Ich habe schon ein paar Mal \u00fcber die Omega-3-Fetts\u00e4uren geschrieben. Diesmal m\u00f6chte ich mich relativ kurz fassen und nur auf einen besonderen Aspekt eingehen, n\u00e4mlich den Gehalt an Omega-3-Fetts\u00e4uren in k\u00e4uflichen Pr\u00e4paraten. Aber zuerst ein paar Grundlagen. In der organischen Chemie gibt es ein Nomenklatursystem, um Chemikalien und Substanzen genau\u2026","rel":"","context":"In &quot;Ern\u00e4hrung&quot;","block_context":{"text":"Ern\u00e4hrung","link":"https:\/\/www.bernd-leitenberger.de\/blog\/category\/ernaehrung\/"},"img":{"alt_text":"","src":"https:\/\/vg01.met.vgwort.de\/na\/c87d2dda0f864e3e9949f7cb7c09df0d","width":350,"height":200},"classes":[]},{"id":12013,"url":"https:\/\/www.bernd-leitenberger.de\/blog\/2016\/09\/27\/entstehung-von-leben-auf-der-erde-und-im-sonnensystem\/","url_meta":{"origin":6852,"position":1},"title":"Entstehung von Leben auf der Erde und im Sonnensystem","author":"Bernd Leitenberger","date":"27. September 2016","format":false,"excerpt":"Eines der Dauerbrennerthemen bei Sendungen \u00fcber Astronomie ist es, wo es noch Leben geben k\u00f6nnte. Man kann ja viel spekulieren \u00fcber fremde Planeten, doch am meisten wird nat\u00fcrlich \u00fcber Leben in unserem Sonnensystem spekuliert. Die NASA n\u00e4hrt das sehr gut, vor allem beim Mars. Auch wenn sie von \"Der Suche\u2026","rel":"","context":"In &quot;Allgemein&quot;","block_context":{"text":"Allgemein","link":"https:\/\/www.bernd-leitenberger.de\/blog\/category\/allgemein\/"},"img":{"alt_text":"","src":"http:\/\/vg02.met.vgwort.de\/na\/4e11b05707214a29aee07687a953aec8","width":350,"height":200},"classes":[]},{"id":18519,"url":"https:\/\/www.bernd-leitenberger.de\/blog\/2026\/02\/03\/warum-elon-musk-zum-mars-will\/","url_meta":{"origin":6852,"position":2},"title":"Warum Elon Musk zum Mars will","author":"Bernd Leitenberger","date":"3. Februar 2026","format":false,"excerpt":"K\u00fcrzlich war ich bei einem Vortrag \u00fcber das Alphateilchenspektrometer, das 1997 bei der Mars Mission Sojourner als deutsches Experiment (Max-Planck-Institut f\u00fcr Chemie aus Mainz) mitflog, was damals etwas Besonderes war. In der Unterhaltung nach dem Vortrag meinte der inzwischen emittierte Wissenschaftler, dass sich sogar Elon Musk f\u00fcr die Ergebnisse interessiert\u2026","rel":"","context":"In &quot;M\u00fcnchhausens Kolumne&quot;","block_context":{"text":"M\u00fcnchhausens Kolumne","link":"https:\/\/www.bernd-leitenberger.de\/blog\/category\/satire\/muenchhausen\/"},"img":{"alt_text":"","src":"https:\/\/vg06.met.vgwort.de\/na\/644d63c4123243a3900cf5c92fa7398b","width":350,"height":200},"classes":[]},{"id":18430,"url":"https:\/\/www.bernd-leitenberger.de\/blog\/2025\/10\/06\/treibstoffgewinnung-auf-dem-mars\/","url_meta":{"origin":6852,"position":3},"title":"Treibstoffgewinnung auf dem Mars","author":"Bernd Leitenberger","date":"6. Oktober 2025","format":false,"excerpt":"Bis es eine Kolonie auf dem Mars gibt wird es sicher noch Jahrzehnte dauern, wenn \u00fcberhaupt. Ich bin jetzt 60 und glaube nicht, das ich dies noch erleben werde. Chancen g\u00e4be es f\u00fcr eine Expedition, also einen Flug zum Mars, einen Aufenthalt dort, der aus himmelsmechanischen Gr\u00fcnden etwa eineinhalb Jahre\u2026","rel":"","context":"In &quot;Chemie&quot;","block_context":{"text":"Chemie","link":"https:\/\/www.bernd-leitenberger.de\/blog\/category\/chemie\/"},"img":{"alt_text":"","src":"https:\/\/vg01.met.vgwort.de\/na\/1098a0be1f3743bcb77eed3bd08301c5","width":350,"height":200},"classes":[]},{"id":18458,"url":"https:\/\/www.bernd-leitenberger.de\/blog\/2025\/10\/23\/die-agena-c-2\/","url_meta":{"origin":6852,"position":4},"title":"Die Agena C","author":"Bernd Leitenberger","date":"23. Oktober 2025","format":false,"excerpt":"Wie ihr sicher bemerkt habt, war es etwas ruhig hier im Blog. Der Grund ist ganz einfach, ich habe mich endlich entschlossen, einen Schlussstrich zu ziehen. Nein, nicht unter dem Blog. Seit f\u00fcnf Jahren will ich Band 2 des Apolloprogramms fertigstellen und habe in den letzten Jahren eigentlich immer nur\u2026","rel":"","context":"In &quot;Raumfahrt&quot;","block_context":{"text":"Raumfahrt","link":"https:\/\/www.bernd-leitenberger.de\/blog\/category\/raumfahrt\/"},"img":{"alt_text":"","src":"https:\/\/vg04.met.vgwort.de\/na\/d6474dec02b34cf385a0dfced0cffb64","width":350,"height":200},"classes":[]},{"id":16031,"url":"https:\/\/www.bernd-leitenberger.de\/blog\/2022\/08\/15\/nicht-so-tasty\/","url_meta":{"origin":6852,"position":5},"title":"Nicht so Tasty","author":"Bernd Leitenberger","date":"15. August 2022","format":false,"excerpt":"Letzte Woche gab es von der Aldi Marke \u201eMucci\u201c die energiereduzierten Eisvariationen der Marke \u201eLess & Tasty\u201c im Angebot. Regul\u00e4r kostet ein Becher von 500 ml 2,89 Euro und damit erheblich mehr als das normale Eis der Eigenmarke \u201eMucci\u201c. Ich habe mir mal zwei Becher gekauft und zwar \u201eWalnuss Vanille\u201c\u2026","rel":"","context":"In &quot;Ern\u00e4hrung&quot;","block_context":{"text":"Ern\u00e4hrung","link":"https:\/\/www.bernd-leitenberger.de\/blog\/category\/ernaehrung\/"},"img":{"alt_text":"","src":"https:\/\/vg05.met.vgwort.de\/na\/f94905129aca445eb5f4b5305dd72217","width":350,"height":200},"classes":[]}],"jetpack_sharing_enabled":true,"amp_enabled":true,"_links":{"self":[{"href":"https:\/\/www.bernd-leitenberger.de\/blog\/wp-json\/wp\/v2\/posts\/6852","targetHints":{"allow":["GET"]}}],"collection":[{"href":"https:\/\/www.bernd-leitenberger.de\/blog\/wp-json\/wp\/v2\/posts"}],"about":[{"href":"https:\/\/www.bernd-leitenberger.de\/blog\/wp-json\/wp\/v2\/types\/post"}],"author":[{"embeddable":true,"href":"https:\/\/www.bernd-leitenberger.de\/blog\/wp-json\/wp\/v2\/users\/169"}],"replies":[{"embeddable":true,"href":"https:\/\/www.bernd-leitenberger.de\/blog\/wp-json\/wp\/v2\/comments?post=6852"}],"version-history":[{"count":0,"href":"https:\/\/www.bernd-leitenberger.de\/blog\/wp-json\/wp\/v2\/posts\/6852\/revisions"}],"wp:attachment":[{"href":"https:\/\/www.bernd-leitenberger.de\/blog\/wp-json\/wp\/v2\/media?parent=6852"}],"wp:term":[{"taxonomy":"category","embeddable":true,"href":"https:\/\/www.bernd-leitenberger.de\/blog\/wp-json\/wp\/v2\/categories?post=6852"},{"taxonomy":"post_tag","embeddable":true,"href":"https:\/\/www.bernd-leitenberger.de\/blog\/wp-json\/wp\/v2\/tags?post=6852"}],"curies":[{"name":"wp","href":"https:\/\/api.w.org\/{rel}","templated":true}]}}