{"id":841,"date":"2007-08-14T13:38:15","date_gmt":"2007-08-14T11:38:15","guid":{"rendered":"http:\/\/bernd-leitenberger.de\/blog\/?p=841"},"modified":"2009-05-29T13:38:43","modified_gmt":"2009-05-29T11:38:43","slug":"anspruchsdenken","status":"publish","type":"post","link":"https:\/\/www.bernd-leitenberger.de\/blog\/2007\/08\/14\/anspruchsdenken\/","title":{"rendered":"Anspruchsdenken"},"content":{"rendered":"\n<p>Ich gleite gerade meine &#220;berstunden ab, bevor sich dann daran noch 2 Wochen echter Urlaub anschlie&#223;en. Und wenn man mal tags&#252;ber zuhause ist kann man mal fernsehen gucken, was ich normalerweise eher seltener in den letzten 2 Jahren tue einfach weil ich keine Zeit mehr habe und dann sind es meistens Wissenschaftssendungen oder Dokumentationen. Mal von dem Serieneinerlei abgesehen gibt es nun ne menge &#8222;Doku-Soaps&#8220; wo das Fernsehen irgendwie Leute zusammen f&#252;hrt. Entweder zum perfekten Diner oder zur Auswahl des neuen Mitbewohners und heute als (bislang) kr&#246;nender Abschluss suchen sich Singles einen neuen Partner indem sie seine \/ ihre Wohnung besichtigen.<\/p>\n<p><!--more-->   <\/p>\n<p>Klingt vielleicht auf den ersten Blick logisch, dass man vielleicht &#252;ber die Wohnung viel &#252;ber jemanden lernen kann. Aber nur eben nur einen Teil &#8211; ob jemand ordnungsliebend ist, welchen M&#246;belgeschmack er hat, ob er es schlicht mag oder lieber Krimskrams sammelt.<\/p>\n<p>doch was bitte hat das damit zu tun ob man jemanden mag. Es sagt nichts aus ob jemand Humor hat, intelligent ist, liebevoll, z&#228;rtlich, ob einem sein Aussehen gef&#228;llt und vieles anderes mehr. Vielleicht ist es nur wieder ein Gag des heutigen Fernsehens. Aber wenn ich mir die Serie &#8222;das perfekte Diner&#8220; ansehe (dich einige Wochen lang mal verfolgt habe), dann bemerkt man bei vielen Leuten ein enormes anspruchsdenken und zwar um so mehr je j&#252;nger diese sind. Da sucht man verzweifelt nach kleinen Faux paxes, nach Kritikpunkten, verlangt Sonderbehandlung weil man das und jedes nicht mag.<\/p>\n<p>Das n&#228;chste ist das Zickentum. Okay das Wort gab es schon in meiner Jugend, aber jetzt scheint es wirklich so zu sein, dass viele junge Damen zickig sind, sich zickig benehmen oder &#8211; ich wage es kaum zu sagen &#8211; Zicken sind. Sind das junge Frauen schon immer gewesen? Vielleicht, vielleicht aber auch eine Auswirkung dessen das man in der Erziehung zu wenige Schranken bekommen hat oder als Einzelkind aufwuchs. Vielleicht aber auch eine Folge das zickiges Verhalten gesellschaftlich akzeptiert wird. Von M&#228;nnern erwartet man dass sie sich zusammenreisen und sich zu benehmen wissen, w&#228;hrend man es bei Frauen einfach durchgehen l&#228;sst.<\/p>\n<p>Das Zickig sein und das Anspruchsdenken das in den Fernsehsendungen so gezeigt wird scheinen auf dem ersten Blick nichts gemeinsam zu haben. Doch es gibt eine Gemeinsamkeit. Dahinter steckt die Vorstellung das alles perfekt sein soll, w&#228;hrend man selbst nichts an sich selbst tun muss, sondern im Gegenteil seinen Aggressionen, Eskapaden und was auch immer freien Lauf lassen kann. Seit Sokrates schimpft eine Generation auf die Jugend und ich sehe dies auch heute so: Nat&#252;rlich w&#228;chst diese in einem Wohlstand auf den ich nicht kannte und der f&#252;r meine Eltern noch viel unvorstellbarer war. Aber nur deswegen kann man sich auch so was leisten, gibt es ein Publikum f&#252;r Lifestyle Magazine und &#228;hnliches. Wenn die Zeiten schlechter werden und das kann durchaus kommen, dann werden viele umschalten m&#252;ssen und die meisten werden dies auch schaffen. F&#252;r einige sehe ich allerdings schwarz.<\/p>\n","protected":false},"excerpt":{"rendered":"<p>Ich gleite gerade meine &#220;berstunden ab, bevor sich dann daran noch 2 Wochen echter Urlaub anschlie&#223;en. Und wenn man mal tags&#252;ber zuhause ist kann man mal fernsehen gucken, was ich normalerweise eher seltener in den letzten 2 Jahren tue einfach weil ich keine Zeit mehr habe und dann sind es meistens Wissenschaftssendungen oder Dokumentationen. Mal [&hellip;]<\/p>\n","protected":false},"author":169,"featured_media":0,"comment_status":"open","ping_status":"open","sticky":false,"template":"","format":"standard","meta":{"_jetpack_memberships_contains_paid_content":false,"footnotes":""},"categories":[1],"tags":[],"class_list":["post-841","post","type-post","status-publish","format-standard","hentry","category-allgemein","entry"],"a3_pvc":{"activated":false,"total_views":366,"today_views":0},"jetpack_featured_media_url":"","jetpack-related-posts":[{"id":18406,"url":"https:\/\/www.bernd-leitenberger.de\/blog\/2025\/09\/23\/der-blogautor-von-der-ki-beurteilt\/","url_meta":{"origin":841,"position":0},"title":"Der Blogautor von der KI beurteilt","author":"Bernd Leitenberger","date":"23. September 2025","format":false,"excerpt":"Ich nutze inzwischen auch eine KI. Prim\u00e4r zu Recherche, im Browser https:\/\/www.perplexity.ai die f\u00fcr Recherchen (nach Eigenauskunft) spezialisiert ist. Seit ich vor mehr als zwei Jahren die KI zum ersten Mal getestet habe, hat diese sich enorm gebessert. Sie fabuliert weniger und ist intelligenter. Damals konnte man noch die AI\u2026","rel":"","context":"In &quot;Allgemein&quot;","block_context":{"text":"Allgemein","link":"https:\/\/www.bernd-leitenberger.de\/blog\/category\/allgemein\/"},"img":{"alt_text":"","src":"https:\/\/vg01.met.vgwort.de\/na\/c334c52e97b74da9b82424a9e80c6d97","width":350,"height":200},"classes":[]},{"id":18627,"url":"https:\/\/www.bernd-leitenberger.de\/blog\/2026\/04\/05\/artemis-ii\/","url_meta":{"origin":841,"position":1},"title":"Artemis II","author":"Bernd Leitenberger","date":"5. April 2026","format":false,"excerpt":"Seit gestern ist nun die Artemis II Mission auf dem Mond, wenige Tage zuvor hat NASA Administrator Isaac Jaredmann neue Pl\u00e4ne ank\u00fcndigt. Zeit mal was dazu zu schreiben. Ich fange aber mit was an was zusammenh\u00e4ngt: Die Verseichtung. Keine Ahnung ob es den Begriff schon gibt, ich beschreibe damit das\u2026","rel":"","context":"In &quot;Raumfahrt&quot;","block_context":{"text":"Raumfahrt","link":"https:\/\/www.bernd-leitenberger.de\/blog\/category\/raumfahrt\/"},"img":{"alt_text":"","src":"https:\/\/vg07.met.vgwort.de\/na\/9a9d83018f8447148efa0d8328798e18","width":350,"height":200},"classes":[]},{"id":18385,"url":"https:\/\/www.bernd-leitenberger.de\/blog\/2025\/09\/07\/spacex-splitter\/","url_meta":{"origin":841,"position":2},"title":"SpaceX-Splitter","author":"Bernd Leitenberger","date":"7. September 2025","format":false,"excerpt":"Der heutige Blog ist nicht neu, das, was ich schreibe habe ich schon einige Male geschrieben, aber ebenso wie ich zum wiederholten Male Artikel \u00fcber den Fortschritt oder fehlenden Fortschritt in anderen Webseiten lese, denke ich kann man einiges noch mal aufkochen. Ich will das als eine Folge von fiktiven\u2026","rel":"","context":"In &quot;SpaceX&quot;","block_context":{"text":"SpaceX","link":"https:\/\/www.bernd-leitenberger.de\/blog\/category\/raumfahrt\/spacex\/"},"img":{"alt_text":"","src":"https:\/\/vg02.met.vgwort.de\/na\/b2e94ef07fec4d7190886846bcbb4589","width":350,"height":200},"classes":[]},{"id":18610,"url":"https:\/\/www.bernd-leitenberger.de\/blog\/2026\/03\/27\/galileos-cds-teil-1\/","url_meta":{"origin":841,"position":3},"title":"Galileos CDS &#8211; Teil 1","author":"Bernd Leitenberger","date":"27. M\u00e4rz 2026","format":false,"excerpt":"Hall\u00f6chen, es wird Zeit das ich mich mal wieder melde. Es gab zwei Gr\u00fcnde, warum ich mich so rar gemacht habe. Das eine ist das es gerade nicht so viel aktuelles gibt, au\u00dfer einem Update zu Artemis, zu dem ich vielleicht noch etwas schreibe. W\u00e4hrend Trump das ganze Programm nach\u2026","rel":"","context":"In &quot;Raumfahrt&quot;","block_context":{"text":"Raumfahrt","link":"https:\/\/www.bernd-leitenberger.de\/blog\/category\/raumfahrt\/"},"img":{"alt_text":"","src":"https:\/\/vg07.met.vgwort.de\/na\/4fb81c7bafbd4d9d88b5695abdb33d29","width":350,"height":200},"classes":[]},{"id":18488,"url":"https:\/\/www.bernd-leitenberger.de\/blog\/2026\/01\/16\/die-raumfahrtnachlese-2025\/","url_meta":{"origin":841,"position":4},"title":"Die Raumfahrtnachlese 2025","author":"Bernd Leitenberger","date":"16. Januar 2026","format":false,"excerpt":"Ich schiebe etwas sp\u00e4t eine kurze Raumfahrtnachlese f\u00fcr 2025 nach. Das auff\u00e4lligste ist nat\u00fcrlich der rasante Anstieg der Starts bzw. Startversuche, 325 waren es letztes Jahr. Eine Steigerung um 58 gegen\u00fcber letztem Jahr und damit nicht nur in der H\u00f6he ein Rekord, sondern auch im Zuwachs. Nur mal als Vergleich\u2026","rel":"","context":"In &quot;Raumfahrt&quot;","block_context":{"text":"Raumfahrt","link":"https:\/\/www.bernd-leitenberger.de\/blog\/category\/raumfahrt\/"},"img":{"alt_text":"","src":"https:\/\/vg06.met.vgwort.de\/na\/25bb1cf6b21949af835bc77482e531d6","width":350,"height":200},"classes":[]},{"id":18393,"url":"https:\/\/www.bernd-leitenberger.de\/blog\/2025\/09\/18\/die-falcon-9-eine-nachlese\/","url_meta":{"origin":841,"position":5},"title":"Die Falcon 9 &#8211; eine Nachlese (1)","author":"Bernd Leitenberger","date":"18. September 2025","format":false,"excerpt":"Nachdem \"SimonVR\" mich darauf aufmerksam gemacht hat, dass mein Falcon 9 Artikel sowie der \u00fcber die Entwicklung der Falcon 9 doch etwas abgehangen ist, denke ich, mache ich mal einen Blog dazu. Zuerst mal, worum es hier NICHT geht: n\u00e4mlich eine Einsatzgeschichte der Falcon 9. Ebenso habe ich die wirtschaftliche\u2026","rel":"","context":"In &quot;SpaceX&quot;","block_context":{"text":"SpaceX","link":"https:\/\/www.bernd-leitenberger.de\/blog\/category\/raumfahrt\/spacex\/"},"img":{"alt_text":"","src":"https:\/\/vg02.met.vgwort.de\/na\/8d7fcc876a9d4ed4b27890b8d59e8e87","width":350,"height":200},"classes":[]}],"jetpack_sharing_enabled":true,"amp_enabled":true,"_links":{"self":[{"href":"https:\/\/www.bernd-leitenberger.de\/blog\/wp-json\/wp\/v2\/posts\/841","targetHints":{"allow":["GET"]}}],"collection":[{"href":"https:\/\/www.bernd-leitenberger.de\/blog\/wp-json\/wp\/v2\/posts"}],"about":[{"href":"https:\/\/www.bernd-leitenberger.de\/blog\/wp-json\/wp\/v2\/types\/post"}],"author":[{"embeddable":true,"href":"https:\/\/www.bernd-leitenberger.de\/blog\/wp-json\/wp\/v2\/users\/169"}],"replies":[{"embeddable":true,"href":"https:\/\/www.bernd-leitenberger.de\/blog\/wp-json\/wp\/v2\/comments?post=841"}],"version-history":[{"count":0,"href":"https:\/\/www.bernd-leitenberger.de\/blog\/wp-json\/wp\/v2\/posts\/841\/revisions"}],"wp:attachment":[{"href":"https:\/\/www.bernd-leitenberger.de\/blog\/wp-json\/wp\/v2\/media?parent=841"}],"wp:term":[{"taxonomy":"category","embeddable":true,"href":"https:\/\/www.bernd-leitenberger.de\/blog\/wp-json\/wp\/v2\/categories?post=841"},{"taxonomy":"post_tag","embeddable":true,"href":"https:\/\/www.bernd-leitenberger.de\/blog\/wp-json\/wp\/v2\/tags?post=841"}],"curies":[{"name":"wp","href":"https:\/\/api.w.org\/{rel}","templated":true}]}}