{"id":8540,"date":"2013-09-23T00:52:13","date_gmt":"2013-09-22T22:52:13","guid":{"rendered":"http:\/\/www.bernd-leitenberger.de\/blog\/?p=8540"},"modified":"2013-09-22T14:53:34","modified_gmt":"2013-09-22T12:53:34","slug":"woerter-im-sturzflug","status":"publish","type":"post","link":"https:\/\/www.bernd-leitenberger.de\/blog\/2013\/09\/23\/woerter-im-sturzflug\/","title":{"rendered":"W&ouml;rter im Sturzflug"},"content":{"rendered":"<p>Als es gestern mal wieder ein paar Sonnenstunden gab, habe ich eine davon genutzt und mich rausgelegt. Als Lekt&uuml;re ein Buch &uuml;ber deutsche Redensart, das ich auf dem Flohmarkt erstanden habe. Es ist zwar 1994 aufgelegt muss aber &auml;lter sein,\u00a0 denn zahlreiche Redensarten und Eigennamen kenne ich nicht. Amazon listet auch eine Auflage von 1960.<\/p>\n<p>Das Buch ist nicht zum Nachschlagen geeignet, weil der Autor Sprichw&ouml;rter zusammenfasst gibt es also eins &uuml;ber Pferde, dann kommen gleich alle anderen die mit Pferden zu tun haben. Aber es sind auch einige Einsch&uuml;be drin. Einer besch&auml;ftigte sich mit Worten die sich in der Bedeutung zum Schlechten wandelten und da dachte ich mir, das ist doch ein tolles Thema f&uuml;r einen kurzweiligen Zwischenblog.<!--more--><\/p>\n<p>Nehmen wir das Wort &#8222;<strong>gemein<\/strong>&#8222;. Das hatte fr&uuml;her die Bedeutung von &#8222;allgemein&#8220; und &#8222;gemeinsam&#8220;. &#8222;die gemeinen Leute&#8220; waren z.B. ehrenwerte Schiedsrichter, die zu schlichten hatten. Nach Ende des Mittelalters kam das Genossenschaftswesen zum Erliegen und nun waren nicht mehr alle gleichberechtigt. Es begannen sich St&auml;nde auszubilden und Bildungsb&uuml;rger oder Gelehrte wollten nicht mit den &#8222;gemeinen&#8220; Leuten&#8220; in einen Topf geworfen werden. Das Wort wurde bald in der Bedeutung von &#8222;gaunerhaft&#8220;, &#8222;niedertr&auml;chtig&#8220;, &#8222;ehrlos&#8220; verwendet. Den Tiefpunkt hatte es im 18 Jahrhundert erreicht. Sowohl Schiller wie auch Goethe verwenden\u00a0 es in dieser Bedeutung.<\/p>\n<p>Mit der Sozialistenbewegung bekam\u00a0 das Wort im 19\/20 Jahrhundert eine kleine Verbesserung in einer zweiten Bedeutung, die es als Bestandteil von Worten wie &#8222;Gemeinschaft&#8220;, &#8222;Gemeinsinn&#8220;, &#8222;Gemeinwesen&#8220; erhielt.<\/p>\n<p>&Auml;hnlich erging es den Worten &#8222;<strong>schlecht<\/strong>&#8220; und &#8222;<strong>einf&auml;ltig<\/strong>&#8222;. Die lauteten fr&uuml;her nur &#8222;schlicht und einfach&#8220;. Auch hier war im 15.ten Jahrhundert das &#8222;Schlichte&#8220; nicht mehr fein genug und das &#8222;einfache&#8220; zu wenig. Das Wort rutschte ab und &#8222;schlicht&#8220; wurde zu schlecht, dem Gegenteil von gut und aus &#8222;einfach&#8220; wurde &#8222;einf&auml;ltig&#8220;. Nur ein einigen Wortkombinationen sieht man noch ein bisschen die fr&uuml;here Bedeutung aufblitzen, so in &#8222;schlecht und recht&#8220; (&#8222;schlicht und richtig&#8220;), &#8222;schlechterdings&#8220;, &#8222;schlechthin&#8220;.<\/p>\n<p>Auch unser &#8222;<strong>Albern<\/strong>&#8220; hat einen Absturz hinter sich. Im Althochdeutschen stand &#8222;ala wari&#8220; f&uuml;r offenherzig, aufrichtig, wahrhaftig aber auch vertrauensselig. Vielleicht hat diese letzte Bedeutung den Abstieg eingeleitet.<\/p>\n<p>Im Althochdeutschen stand &#8222;<strong>stinken<\/strong>&#8220; auch nur f&uuml;r den Geruch, egal welchen. Die mittelalterlichen Badstuben hatten als Schild &#8222;Badestuben zum stank&#8220; &uuml;ber der T&uuml;r &#8211; es handelte sich um parf&uuml;mierte B&auml;der.<\/p>\n<p>Auch das &#8222;<strong>Gift<\/strong>&#8220; war mal eine &#8222;Gabe&#8220; (und ist es im englischen immer noch in der Bedeutung von &#8222;Geschenk&#8220;. Nur im W&ouml;rtchen Mitgift sieht man noch die urspr&uuml;ngliche Bedeutung.<\/p>\n<p>Der <strong>Spie&szlig;geselle<\/strong> war bis ins 17 Jahrhundert, der Waffenbruder, auf den man sich verlassen konnte, bis er durch den Wegfall seiner Waffe zum Gauner herabsank. Auch <strong>Luder<\/strong> und Dirne waren mal was besseres. Luder kommt vom lateinischen &#8222;ludere&#8220; f&uuml;r &#8222;spielen, foppen&#8220;. Es waren Damen die jemanden spielerisch verf&uuml;hrten. Die <strong>Dirne<\/strong> war eine &#8222;Dienerin&#8220;. Nur im Plattdeutschen &#8222;Deern&#8220; und im s&uuml;ddeutschen &#8222;Dirndl \/ Dirndlkleid&#8220; hat sich noch die Bedeutung erhalten, doch n&ouml;rdlich des Mains und s&uuml;dlich der K&uuml;ste sieht man darin wohl eher eine Prostituierte.<\/p>\n<p>In Lessings Minna von Barnheim findet man noch folgenden Satz &#8222;Unserer Landesf&uuml;rst und seine hohe Gemahlin sind gar niedertr&auml;chtige Herrschaften&#8220;. Ja damals hatte <strong>niedertr&auml;chtig<\/strong> auch noch die Bedeutung von herablassend und leutselig, im w&ouml;rtlichen Sinne von &#8222;niedrig tragend&#8220;. Es waren also volksnahe Herrscher. Zu Beginn des 18-ten Jahrhunderts kehrte sich die Bedeutung in den heutigen Sinn von &#8222;unehrenhaft&#8220; und &#8222;charakterlos&#8220; um.<\/p>\n<p>Nur selten schaffen W&ouml;rter einen gesellschaftlichen Aufstieg wie die <strong>Strohwitwe<\/strong>, die fr&uuml;her f&uuml;r ein im Stroh entehrtes M&auml;dchen stand oder der <strong>Marschall<\/strong>, der fr&uuml;her ein M&auml;hrenkschalk wahr. (Schalk = Knecht, also ist &#8222;Schalke 04&#8220; offensichtlich eine Mannschaft von 4 Knechten&#8230;.)<\/p>\n<p>So nun d&uuml;rft ihr raten: Was hat es mit den Begriffen &#8222;<strong>Autokinektion<\/strong>&#8220; und &#8222;<strong>Ipsomobl<\/strong>&#8220; zu tun. Das R&auml;tsel ist diesmal echt leicht&#8230;.<\/p>\n","protected":false},"excerpt":{"rendered":"<p>Als es gestern mal wieder ein paar Sonnenstunden gab, habe ich eine davon genutzt und mich rausgelegt. Als Lekt&uuml;re ein Buch &uuml;ber deutsche Redensart, das ich auf dem Flohmarkt erstanden habe. Es ist zwar 1994 aufgelegt muss aber &auml;lter sein,\u00a0 denn zahlreiche Redensarten und Eigennamen kenne ich nicht. Amazon listet auch eine Auflage von 1960. [&hellip;]<\/p>\n","protected":false},"author":169,"featured_media":0,"comment_status":"open","ping_status":"open","sticky":false,"template":"","format":"standard","meta":{"_jetpack_memberships_contains_paid_content":false,"footnotes":""},"categories":[1],"tags":[3301,3300],"class_list":["post-8540","post","type-post","status-publish","format-standard","hentry","category-allgemein","tag-redensarten","tag-sprichwoerter","entry"],"a3_pvc":{"activated":false,"total_views":2600,"today_views":0},"jetpack_featured_media_url":"","jetpack-related-posts":[{"id":13740,"url":"https:\/\/www.bernd-leitenberger.de\/blog\/2019\/02\/17\/die-2019-er-spacex-wette\/","url_meta":{"origin":8540,"position":0},"title":"Die 2019-er SpaceX Wette","author":"Bernd Leitenberger","date":"17. Februar 2019","format":false,"excerpt":"Wer mich kennt, wei\u00df, dass ich jedes Jahr eine Wette mit SpaceX eingehe. Das System ist eigentlich sehr einfach: Ich nehme nur eine SpaceX-Aussage und wette dagegen, also, dass sie nicht stimmt oder nicht erreicht wird. Das mache ich schon seit einigen Jahren und bisher habe ich mit einer Ausnahme\u2026","rel":"","context":"In &quot;SpaceX&quot;","block_context":{"text":"SpaceX","link":"https:\/\/www.bernd-leitenberger.de\/blog\/category\/raumfahrt\/spacex\/"},"img":{"alt_text":"","src":"https:\/\/vg06.met.vgwort.de\/na\/7955f286a7004559b4ddbb5d8b481043","width":350,"height":200},"classes":[]},{"id":18475,"url":"https:\/\/www.bernd-leitenberger.de\/blog\/2025\/12\/20\/die-corona-spionagesatelliten\/","url_meta":{"origin":8540,"position":1},"title":"Die Corona-Spionagesatelliten","author":"Bernd Leitenberger","date":"20. Dezember 2025","format":false,"excerpt":"Es gibt zwar schon auf meiner Webseite einen Artikel dar\u00fcber, aber ich m\u00f6chte heute im Blog etwas mehr \u00fcber die Corona-Satelliten schreiben. Nach neueren Informationen zu suchen ist inzwischen relativ schwer, weil wenn man das Stichwort Corona eingibt, man eigentlich nur noch Sachen zur Pandemie bekommt. Noch problematischer ist, dass\u2026","rel":"","context":"In &quot;Raumfahrt&quot;","block_context":{"text":"Raumfahrt","link":"https:\/\/www.bernd-leitenberger.de\/blog\/category\/raumfahrt\/"},"img":{"alt_text":"","src":"https:\/\/vg04.met.vgwort.de\/na\/47af2c3dc2e84bf1be3e3357be3e6cdd","width":350,"height":200},"classes":[]},{"id":18406,"url":"https:\/\/www.bernd-leitenberger.de\/blog\/2025\/09\/23\/der-blogautor-von-der-ki-beurteilt\/","url_meta":{"origin":8540,"position":2},"title":"Der Blogautor von der KI beurteilt","author":"Bernd Leitenberger","date":"23. September 2025","format":false,"excerpt":"Ich nutze inzwischen auch eine KI. Prim\u00e4r zu Recherche, im Browser https:\/\/www.perplexity.ai die f\u00fcr Recherchen (nach Eigenauskunft) spezialisiert ist. Seit ich vor mehr als zwei Jahren die KI zum ersten Mal getestet habe, hat diese sich enorm gebessert. Sie fabuliert weniger und ist intelligenter. Damals konnte man noch die AI\u2026","rel":"","context":"In &quot;Allgemein&quot;","block_context":{"text":"Allgemein","link":"https:\/\/www.bernd-leitenberger.de\/blog\/category\/allgemein\/"},"img":{"alt_text":"","src":"https:\/\/vg01.met.vgwort.de\/na\/c334c52e97b74da9b82424a9e80c6d97","width":350,"height":200},"classes":[]},{"id":18603,"url":"https:\/\/www.bernd-leitenberger.de\/blog\/2026\/03\/12\/politikverdruss\/","url_meta":{"origin":8540,"position":3},"title":"Politikverdruss","author":"Bernd Leitenberger","date":"12. M\u00e4rz 2026","format":false,"excerpt":"Bei uns wurde in BW gew\u00e4hlt und nat\u00fcrlich gab es jede Menge Sendungen im Radio und Fernsehen mit den Spitzenkandidaten. Ich habe mir die SWR1 Reihe \"Leute\", ein Radio-Talkformat mit den Spitzenkandidaten angeh\u00f6rt und nehme das mal als Aufh\u00e4nger etwas \u00fcber das zu schreiben was mich an der Politik in\u2026","rel":"","context":"In &quot;Allgemein&quot;","block_context":{"text":"Allgemein","link":"https:\/\/www.bernd-leitenberger.de\/blog\/category\/allgemein\/"},"img":{"alt_text":"","src":"https:\/\/vg07.met.vgwort.de\/na\/9297ac798f9047d9a27f46008ab7fa99","width":350,"height":200},"classes":[]},{"id":18458,"url":"https:\/\/www.bernd-leitenberger.de\/blog\/2025\/10\/23\/die-agena-c-2\/","url_meta":{"origin":8540,"position":4},"title":"Die Agena C","author":"Bernd Leitenberger","date":"23. Oktober 2025","format":false,"excerpt":"Wie ihr sicher bemerkt habt, war es etwas ruhig hier im Blog. Der Grund ist ganz einfach, ich habe mich endlich entschlossen, einen Schlussstrich zu ziehen. Nein, nicht unter dem Blog. Seit f\u00fcnf Jahren will ich Band 2 des Apolloprogramms fertigstellen und habe in den letzten Jahren eigentlich immer nur\u2026","rel":"","context":"In &quot;Raumfahrt&quot;","block_context":{"text":"Raumfahrt","link":"https:\/\/www.bernd-leitenberger.de\/blog\/category\/raumfahrt\/"},"img":{"alt_text":"","src":"https:\/\/vg04.met.vgwort.de\/na\/d6474dec02b34cf385a0dfced0cffb64","width":350,"height":200},"classes":[]},{"id":18369,"url":"https:\/\/www.bernd-leitenberger.de\/blog\/2025\/08\/29\/nachlese-zehnter-teststart-starship-ift-10\/","url_meta":{"origin":8540,"position":5},"title":"Nachlese zehnter Teststart Starship IFT-10","author":"Bernd Leitenberger","date":"29. August 2025","format":false,"excerpt":"Am Morgen (in den USA noch Vortag) des 27.8.2025 startete nach zwei Tagen Verz\u00f6gerung das zehnte Starship zum Testflug IFT-10. Wenn man es genau nimmt ist es sogar das 11-te Starship, denn das urspr\u00fcnglich vorgesehene Starship mit der Seriennummer 26 explodierte bei einem Probecountdown am 18., Juni. So musste das\u2026","rel":"","context":"In &quot;SpaceX&quot;","block_context":{"text":"SpaceX","link":"https:\/\/www.bernd-leitenberger.de\/blog\/category\/raumfahrt\/spacex\/"},"img":{"alt_text":"","src":"https:\/\/vg02.met.vgwort.de\/na\/99a61bf9c489499b8003952db7f5e97c","width":350,"height":200},"classes":[]}],"jetpack_sharing_enabled":true,"amp_enabled":true,"_links":{"self":[{"href":"https:\/\/www.bernd-leitenberger.de\/blog\/wp-json\/wp\/v2\/posts\/8540","targetHints":{"allow":["GET"]}}],"collection":[{"href":"https:\/\/www.bernd-leitenberger.de\/blog\/wp-json\/wp\/v2\/posts"}],"about":[{"href":"https:\/\/www.bernd-leitenberger.de\/blog\/wp-json\/wp\/v2\/types\/post"}],"author":[{"embeddable":true,"href":"https:\/\/www.bernd-leitenberger.de\/blog\/wp-json\/wp\/v2\/users\/169"}],"replies":[{"embeddable":true,"href":"https:\/\/www.bernd-leitenberger.de\/blog\/wp-json\/wp\/v2\/comments?post=8540"}],"version-history":[{"count":0,"href":"https:\/\/www.bernd-leitenberger.de\/blog\/wp-json\/wp\/v2\/posts\/8540\/revisions"}],"wp:attachment":[{"href":"https:\/\/www.bernd-leitenberger.de\/blog\/wp-json\/wp\/v2\/media?parent=8540"}],"wp:term":[{"taxonomy":"category","embeddable":true,"href":"https:\/\/www.bernd-leitenberger.de\/blog\/wp-json\/wp\/v2\/categories?post=8540"},{"taxonomy":"post_tag","embeddable":true,"href":"https:\/\/www.bernd-leitenberger.de\/blog\/wp-json\/wp\/v2\/tags?post=8540"}],"curies":[{"name":"wp","href":"https:\/\/api.w.org\/{rel}","templated":true}]}}