{"id":8547,"date":"2013-09-25T00:23:28","date_gmt":"2013-09-24T22:23:28","guid":{"rendered":"http:\/\/www.bernd-leitenberger.de\/blog\/?p=8547"},"modified":"2013-09-23T19:41:28","modified_gmt":"2013-09-23T17:41:28","slug":"by-bye-fdp-bye-bye","status":"publish","type":"post","link":"https:\/\/www.bernd-leitenberger.de\/blog\/2013\/09\/25\/by-bye-fdp-bye-bye\/","title":{"rendered":"By Bye FDP, Bye Bye!"},"content":{"rendered":"<p>So nach der allgemeinen Wahlnachlese noch ein paar spezielle Worte an meine &#8222;Lieblingspartei&#8220; (in der gleichen Bedeutung wie SpaceX meine &#8222;Lieblingsfirma&#8220; ist)<\/p>\n<p><strong>Es freut mich saum&auml;&szlig;ig, dass ihr nun auch aus dem Bundestag rausgeflogen seid. <\/strong><\/p>\n<p>Es wurde Zeit, denn so eindimensional wart ihr noch nie, so unverhohlen habt ihr noch nie die Interessen eurer Klientel vertreten und so unversch&auml;mt habt ihr bei den Wahlversprechen noch nie gelogen. Dazu kommt, dass ihr mit Abstand die unsympathischsten Partei- und Fraktionsvorsitzende habt. Wie lange glaubt ihr denn machen die Leute es mit, dass ihr nach der Wahl immer das Gegenteil von dem macht was ihr versprochen habt? Wie war das mit Steuersenkungen 2009 und nun wieder das gleiche Soli streichen, Steuer senken. 2009 wolltet ihr das Entwicklungsministerium aufl&ouml;sen und als Dirk Niebel Entwicklungsminister wurde, stieg der Personalbestand des Ministeriums um 120%, nat&uuml;rlich alles FDP-Parteigenossen. F&uuml;r wie bl&ouml;d haltet ihr das Volk eigentlich?<!--more--><\/p>\n<p>Man m&uuml;sste von der Partei Schadensersatz fordern, f&uuml;r die Kosten die sie Deutschland und den B&uuml;rgern verursacht hat. Denn um eines ging es immer: die Industrie und die Schwerverdiener zu entlasten. Auch wenn man als kleiner Koalitionspartner nicht alle Punkte (meistens die, die man sonst unter dem Begriff &#8222;liberal&#8220; versteht, wie mehr Freiheit f&uuml;r den B&uuml;rger, weniger &Uuml;berwachungsstaats und weniger Reglementierungen) nicht durchgesetzt habt, die das man Spitzensteuersatz, Gewerbesteuer oder &auml;hnliches absenkt und Abgaben an die B&uuml;rger erh&ouml;ht, habt ihr immer durchsetzen k&ouml;nnen. Schlie&szlig;lich konntet ihr jahrzehntelang dass trotz Juniorpartner durchsetzen, weil ihr immer das Z&uuml;nglein an der Wage wahrt. Wenn ein Koalitionspartner nicht mehr wollte habt ihr einfach gewechselt. 1969 habt ihr die CDU im Stich gelassen, 1982 die SPD. So kann man die gr&ouml;&szlig;ere Partei erpressen. Daran hat sich nur wenig ge&auml;ndert als die Gr&uuml;nen Anfang der neunziger koalitionsf&auml;hig wurden, denn es wollte ja nur die SPD mit den Gr&uuml;nen, die CDU konnte nicht, war immer auf euch angewiesen.<\/p>\n<p>Die Heute Show hat euch ja schon zwei Tage vor der Wahl zu Grabe getragen und von der kommt auch ein Vergleich der euch sicher schmeckt: ihr liebt doch so den &#8222;freien Markt&#8220;. Als Schlecker vor dem Aus stand, wart ihr die einzige Partei die gegen staatliche B&uuml;rgschaften war, was das Aus f&uuml;r Zehntausende von &#8222;Schlecker-Frauen&#8220; war. Unternehmen die es nicht schaffen, sollen zugrunde gehen. Das gilt auch f&uuml;r Parteien. Wenn man sich nicht weiterentwickelt, nur ein Produkt (Programmpunkt) hat und immer weniger K&auml;ufer (W&auml;hler) findet, dann verschwindet man vom Markt! Erstaunlicherweise wolltet ihr wo ihr doch sonst so f&uuml;r Subventionsabbau seid dann Subventionen (Leihstimmen).<\/p>\n<p>Bewahrt R&uuml;ckgrat, l&ouml;st euch auf und &uuml;bertragt das Parteiverm&ouml;gen dem Staat zur Schuldentilgung. Es muss bei den vielen Parteispenden von Hoteliers und der von der EEG Umlage befreiten Industrie nicht wenig sein.<\/p>\n<p>Ich vermute aber eher die FDP geht den SED Weg, der ja auch so erfolgreich ist, also sich erstmal umbenennen (SED \u2192 PDS) in etwas was mit der alten Partei nichts zu tun hat z.B. in KPD (Knuddelpartei Deutschland) dann fusionieren mit einer aufstrebenden Kraft, die gerade Wahlen gewinnt oder viele Stimmen bekommt (PDS+WASG \u2192 die Linke), also vielleicht mit der AFD oder den Piraten, wobei es nat&uuml;rlich das Problem g&auml;be, dass beide leider nicht Programme vertreten, die Anklang bei euren bisherigen Finanziers finden werden, aber was soll&#8217;s, ihr habt ja eh kein R&uuml;ckgrat und kein Gewissen, Hauptsache im Parlament und ein paar P&ouml;stchen zu verteilen). Ihr k&ouml;nntet euch nach der Fusion dann nochmals umbenennen wie z.B. in NPD (Netzpartei Deutschland) oder DFB (Deutscher Freiheitsbund) und wer wei&szlig;, vielleicht klappt&#8217;s dann wieder wenn man nach einigen Umbenennungen gen&uuml;gend W&auml;hler verwirrt hat. Dann muss man nur noch die von der zweiten Partei langsam aus dem Vorstand rausekeln und schon kann man wieder &#8222;liberale&#8220; Politik machen.<\/p>\n<p>Ein Abgesang von Extra 3 auf euch, der nun auch schon &uuml;ber vier Jahre alt ist. wer h&auml;tte sich damals tr&auml;umen lassen, das nach Westerwelle noch schlimmeres nachkommen kann:<\/p>\n<p><iframe loading=\"lazy\" src=\"\/\/www.youtube.com\/embed\/k94v0IAcT3A\" height=\"315\" width=\"420\" allowfullscreen=\"\" frameborder=\"0\"><\/iframe><\/p>\n<p>und weils so sch&ouml;n ist noch einen uzu Br&uuml;derle und R&ouml;ssler, am wahrsten am Ende der Spruch von Br&uuml;derele &#8222;Die FPD kann nur einer besiegen und zwar wir selbst&#8220;<br \/>\nhttp:\/\/www.youtube.com\/watch?v=VKPOaK5Ve2E<\/p>\n<p>und nun alle mitsingen: &#8222;Good-bye FDP&#8220;<\/p>\n<p>http:\/\/www.youtube.com\/watch?v=4W_Gu6Ok9iw<\/p>\n","protected":false},"excerpt":{"rendered":"<p>So nach der allgemeinen Wahlnachlese noch ein paar spezielle Worte an meine &#8222;Lieblingspartei&#8220; (in der gleichen Bedeutung wie SpaceX meine &#8222;Lieblingsfirma&#8220; ist) Es freut mich saum&auml;&szlig;ig, dass ihr nun auch aus dem Bundestag rausgeflogen seid. Es wurde Zeit, denn so eindimensional wart ihr noch nie, so unverhohlen habt ihr noch nie die Interessen eurer Klientel [&hellip;]<\/p>\n","protected":false},"author":169,"featured_media":0,"comment_status":"open","ping_status":"open","sticky":false,"template":"","format":"standard","meta":{"_jetpack_memberships_contains_paid_content":false,"footnotes":""},"categories":[15],"tags":[3278,59,543],"class_list":["post-8547","post","type-post","status-publish","format-standard","hentry","category-satire","tag-bundestagswahl","tag-fdp","tag-westerwelle","entry"],"a3_pvc":{"activated":false,"total_views":505,"today_views":0},"jetpack_featured_media_url":"","jetpack-related-posts":[{"id":18603,"url":"https:\/\/www.bernd-leitenberger.de\/blog\/2026\/03\/12\/politikverdruss\/","url_meta":{"origin":8547,"position":0},"title":"Politikverdruss","author":"Bernd Leitenberger","date":"12. M\u00e4rz 2026","format":false,"excerpt":"Bei uns wurde in BW gew\u00e4hlt und nat\u00fcrlich gab es jede Menge Sendungen im Radio und Fernsehen mit den Spitzenkandidaten. Ich habe mir die SWR1 Reihe \"Leute\", ein Radio-Talkformat mit den Spitzenkandidaten angeh\u00f6rt und nehme das mal als Aufh\u00e4nger etwas \u00fcber das zu schreiben was mich an der Politik in\u2026","rel":"","context":"In &quot;Allgemein&quot;","block_context":{"text":"Allgemein","link":"https:\/\/www.bernd-leitenberger.de\/blog\/category\/allgemein\/"},"img":{"alt_text":"","src":"https:\/\/vg07.met.vgwort.de\/na\/9297ac798f9047d9a27f46008ab7fa99","width":350,"height":200},"classes":[]},{"id":4557,"url":"https:\/\/www.bernd-leitenberger.de\/blog\/2011\/04\/03\/atom-und-wahlnachlese\/","url_meta":{"origin":8547,"position":1},"title":"Atom- und Wahlnachlese","author":"Bernd Leitenberger","date":"3. April 2011","format":false,"excerpt":"Nun einige Wochen nach dem Super-Gau von Japan wird es an der Zeit f?r eine Nachlese und zwar eine etwas allgemeiner gehaltene. Ich m?chte an dieser Stelle mal meine Einstellung zur Kernkraft in den letzten Jahrzehnten reflektieren. Ich war urspr?nglich f?r Kernkraft. Wie viele andere, glaubte ich an umweltfreundliche Energie\u2026","rel":"","context":"In &quot;Allgemein&quot;","block_context":{"text":"Allgemein","link":"https:\/\/www.bernd-leitenberger.de\/blog\/category\/allgemein\/"},"img":{"alt_text":"","src":"","width":0,"height":0},"classes":[]},{"id":18610,"url":"https:\/\/www.bernd-leitenberger.de\/blog\/2026\/03\/27\/galileos-cds-teil-1\/","url_meta":{"origin":8547,"position":2},"title":"Galileos CDS &#8211; Teil 1","author":"Bernd Leitenberger","date":"27. M\u00e4rz 2026","format":false,"excerpt":"Hall\u00f6chen, es wird Zeit das ich mich mal wieder melde. Es gab zwei Gr\u00fcnde, warum ich mich so rar gemacht habe. Das eine ist das es gerade nicht so viel aktuelles gibt, au\u00dfer einem Update zu Artemis, zu dem ich vielleicht noch etwas schreibe. W\u00e4hrend Trump das ganze Programm nach\u2026","rel":"","context":"In &quot;Raumfahrt&quot;","block_context":{"text":"Raumfahrt","link":"https:\/\/www.bernd-leitenberger.de\/blog\/category\/raumfahrt\/"},"img":{"alt_text":"","src":"https:\/\/vg07.met.vgwort.de\/na\/4fb81c7bafbd4d9d88b5695abdb33d29","width":350,"height":200},"classes":[]},{"id":18472,"url":"https:\/\/www.bernd-leitenberger.de\/blog\/2025\/12\/16\/die-deutsche-automobilindustrie-2\/","url_meta":{"origin":8547,"position":3},"title":"Die Deutsche Automobilindustrie.","author":"Bernd Leitenberger","date":"16. Dezember 2025","format":false,"excerpt":"Ich wei\u00df, ich habe lange nichts von mir h\u00f6ren lassen. Ich lebe aber noch. Ich arbeite derzeit viel an dem neuen Buch \u00fcber die Thor- und Delta-Tr\u00e4gerraketen. Leider sto\u00dfe ich auf immer mehr Material und das nimmt sehr viel Arbeit in Anspruch, um mich einzuarbeiten und zu schreiben. Jetzt schon\u2026","rel":"","context":"In &quot;Politik&quot;","block_context":{"text":"Politik","link":"https:\/\/www.bernd-leitenberger.de\/blog\/category\/politik\/"},"img":{"alt_text":"","src":"https:\/\/vg04.met.vgwort.de\/na\/98960bbbe1644c829b9337b57667bf6c","width":350,"height":200},"classes":[]},{"id":18439,"url":"https:\/\/www.bernd-leitenberger.de\/blog\/2025\/10\/14\/nachlese-elfter-teststart-des-starships-ift-11\/","url_meta":{"origin":8547,"position":4},"title":"Nachlese elfter Teststart des Starships IFT-11","author":"Bernd Leitenberger","date":"14. Oktober 2025","format":false,"excerpt":"Die Nachlese zum gestrigen Starship-Start kann ich recht kurz machen, denn diesmal klappte noch mehr als beim letzten Mal. Dauerhaft, zusammen mit dem Artikel f\u00fcr den Flugplan und Abbildungen findet ihr das ganze auch auf der Website. Drei Dinge fielen mir auf: Beim Boostback-Burn der Super Heavy schaltete eines der\u2026","rel":"","context":"In &quot;SpaceX&quot;","block_context":{"text":"SpaceX","link":"https:\/\/www.bernd-leitenberger.de\/blog\/category\/raumfahrt\/spacex\/"},"img":{"alt_text":"","src":"https:\/\/vg04.met.vgwort.de\/na\/d237e8ebe33746ddb174f7e072b94b6c","width":350,"height":200},"classes":[]},{"id":18614,"url":"https:\/\/www.bernd-leitenberger.de\/blog\/2026\/03\/29\/galileos-cds-teil-3\/","url_meta":{"origin":8547,"position":5},"title":"Galileos CDS &#8211; Teil 3","author":"Bernd Leitenberger","date":"29. M\u00e4rz 2026","format":false,"excerpt":"So nun zum dritten Teil \u00fcber das prim\u00e4re Computersystem von Galileo, das CDS. Nachdem sich die ersten beiden Teile nur mit dem RCA 1802, warum er gew\u00e4hlt wurde und seiner Architektur befassten geht es heute um das Computersystem selbst. Der Artikel schlie\u00dft so an seine beiden Vorg\u00e4nger gestern und vorgestern\u2026","rel":"","context":"In &quot;Raumfahrt&quot;","block_context":{"text":"Raumfahrt","link":"https:\/\/www.bernd-leitenberger.de\/blog\/category\/raumfahrt\/"},"img":{"alt_text":"","src":"https:\/\/vg07.met.vgwort.de\/na\/6e7f572a246b4ac395de9c260733b707","width":350,"height":200},"classes":[]}],"jetpack_sharing_enabled":true,"amp_enabled":true,"_links":{"self":[{"href":"https:\/\/www.bernd-leitenberger.de\/blog\/wp-json\/wp\/v2\/posts\/8547","targetHints":{"allow":["GET"]}}],"collection":[{"href":"https:\/\/www.bernd-leitenberger.de\/blog\/wp-json\/wp\/v2\/posts"}],"about":[{"href":"https:\/\/www.bernd-leitenberger.de\/blog\/wp-json\/wp\/v2\/types\/post"}],"author":[{"embeddable":true,"href":"https:\/\/www.bernd-leitenberger.de\/blog\/wp-json\/wp\/v2\/users\/169"}],"replies":[{"embeddable":true,"href":"https:\/\/www.bernd-leitenberger.de\/blog\/wp-json\/wp\/v2\/comments?post=8547"}],"version-history":[{"count":0,"href":"https:\/\/www.bernd-leitenberger.de\/blog\/wp-json\/wp\/v2\/posts\/8547\/revisions"}],"wp:attachment":[{"href":"https:\/\/www.bernd-leitenberger.de\/blog\/wp-json\/wp\/v2\/media?parent=8547"}],"wp:term":[{"taxonomy":"category","embeddable":true,"href":"https:\/\/www.bernd-leitenberger.de\/blog\/wp-json\/wp\/v2\/categories?post=8547"},{"taxonomy":"post_tag","embeddable":true,"href":"https:\/\/www.bernd-leitenberger.de\/blog\/wp-json\/wp\/v2\/tags?post=8547"}],"curies":[{"name":"wp","href":"https:\/\/api.w.org\/{rel}","templated":true}]}}