{"id":8659,"date":"2013-10-16T00:21:51","date_gmt":"2013-10-15T22:21:51","guid":{"rendered":"http:\/\/www.bernd-leitenberger.de\/blog\/?p=8659"},"modified":"2013-10-16T12:22:14","modified_gmt":"2013-10-16T10:22:14","slug":"quotenwahn-beim-zdf-dalli-dalli-bei-der-ard-und-der-abgehobene-bischof","status":"publish","type":"post","link":"https:\/\/www.bernd-leitenberger.de\/blog\/2013\/10\/16\/quotenwahn-beim-zdf-dalli-dalli-bei-der-ard-und-der-abgehobene-bischof\/","title":{"rendered":"Quotenwahn beim ZDF &#8211; Dalli Dalli bei der ARD und der abgehobene Bischof"},"content":{"rendered":"<p>So, da es in der letzten Zeit nur noch Fachartikel gab, mal wieder einen in dem ihr eure Meinung kundtun k&ouml;nnt. Vor einer Woche hat das ZDF bei den Borgias die Notbremse gezogen. Nachdem die ersten drei eine so schlechte Quote hatten, hat man die restlichen drei Folgen sukzessive nach hinten geschoben. Die vierte auf 22:15, die zweite auf 23:25 und die dritte har auf 0:35. Man kann das Spektakel ansehen wie man will, ich finde es zu blutr&uuml;nstig und grausam und ziemlich &uuml;bertrieben, aber auch nicht mehr als die Tudors die ja ein ziemlicher Hit waren.<\/p>\n<p>Nat&uuml;rlich haben dann die Medien gel&auml;stert und gen&uuml;sslich sich &uuml;ber die 31 Millionen Euro Produktionskosten ausgelassen &#8211; sicher aber nicht 31 Millionen f&uuml;r das ZDF, denn die Produktion ist international wird in englisch gedreht und bei Schauspielern sowie Beteiligten finden sich kaum deutsche Namen. Nun ja, es muss nicht alles ein Erfolg sein. Was mich aber nervt ist, dass dann die Sendung kurzfristig verlegt wird. Nun machen sich ja einige der &#8222;Stars&#8220; der Privaten ja seit langem lustig, dar&uuml;ber das der Altersquerschnitt bei ARD &amp; ZDF so hoch sei. Ich vermute mal die wenigsten in dieser Altersklasse schauen im Internet nach, wann die Sendung l&auml;uft und was stattdessen l&auml;uft und verlassen sich mehr auf ihre Fernsehzeitschrift. So gesehen ist das Verlegen sehr kontraproduktiv und die Quote rutscht noch mehr ab. Mal abgesehen dass sich in diesen Belustigungen eine Altersdiskrimination ausdr&uuml;ckt (in zwei Jahren bin ich auch aus der Gruppe der 14 bis 49 j&auml;hrigen rausgerutscht, was ich also gerne sehe, interessiert dann die Fernsehmacher nur noch peripher), sollten die die sich dar&uuml;ber lustig machen mal &uuml;berlegen warum der Marktanteil von ARD und ZDF nicht abnimmt, ihre Zuschauer sollten doch wegsterben &#8230;.<!--more--><\/p>\n<p>Das Gegenteil erlebte die ARD mit &#8222;Das ist Spitze&#8220;, nur drei Sendungen wurden gemacht, im Prinzip eine Neuauflage von Dalli Dalli, mit nur wenigen &Auml;nderungen. Die Quote stimmt, wahrscheinlich kommt mehr. Das ZDF wollte das wohl nicht, denn als es 50 Jahre ZDF im Fr&uuml;hjahr feierte wurde &uuml;ber Dalli Dalli gesagt: &#8222;ja das Fernsehen in den Siebzigern und Achtzigern, heute ist das eher Kindergeburtstagsniveau&#8220;. Ja mag sein, aber es macht Spa&szlig;, es war fr&uuml;her gut und ist es heute. Irgendwie hat das ZDF wohl das Gesp&uuml;r was die Leute sehen wollen, veloren.<\/p>\n<p>Das komische ist, das ein Ableger des ZDF, ZDF Info inzwischen zu meinem Lieblingssender geworden ist. Dort laufen Dokumentation, viel zugekauftes von der BBC, dem History oder Discovery Channel. F&uuml;r jemanden der gerne Dokumentationen anschaut oder sich informieren m&ouml;chte ideal. Das ZDF selbst hat sein Programm in dieser Hinsicht so zusammengeschnitten, dass die einzige anspruchsvolle Sendung &#8222;Abenteuer Forschung&#8220; auf sp&auml;tabends 22:45 verband und macht sonst mit TerraX mehr Dokutainment. Der einzige Nachteil ist das Sendungen hoch redundant sind: es wird alles unz&auml;hlige Male zu verschiedensten Zeiten wiederholt. Nun ja so verpasst man wenigstens nichts.<\/p>\n<p>Tja und da gibt es noch den Bischof von Limburg. Mal abgesehen davon, dass er offensichtlich jegliche Bodenhaftung verloren hat stellt sich f&uuml;r mich die Frage, warum es hier nicht fr&uuml;her Kontrollgremien gab. Das das ganze extrem teuer wurde ist doch nicht erst seit heute so. Schon vor einigen Jahren ging durch die Medien, dass der Bischof einen eigenen Garten zur Entspannung brauchte und das ganze damals 10 Millionen kostete. Warum hat man damals nicht ihm auf die Finger geklopft? Rein technisch muss jede Investition &uuml;ber 5 Millionen weiter oben genehmigt werden. Er hat das umgangen indem er es in Kleinprojekte aufgespalten hat, aber sp&auml;testens wenn die Medien von 10 Millionen reden sollte dann doch die &uuml;bergeordnete Instanz auf die Kosten aufmerksam werden.<\/p>\n<p>Der Skandal ist doch das offensichtlich in der katholischen Kirche es keinerlei Kontrolle gibt, sofern eine bestimmte Ebene erreicht ist. Skandal ist auch das jemand eine solche Position &uuml;berhaupt erreichen kann. Wehe aber eine Putzfrau tritt aus der katholischen Kirche aus, dann verliert sie den Arbeitsplatz bei dieser. Klar Atheisten oder evangelische putzen nicht so gut und das hat ja auch viel mit Glauben zu tun. Dabei ist das Bistum Limburg nicht gerade reich. Nach Wikipedia hat es weniger als 670.000 Mitglieder in der katholischen Kirche, inzwischen noch weniger, denn es gab eine Austrittswelle. Jeder Gl&auml;ubiger zahlt also 50 Euro f&uuml;r den Bischofsitz. Man denke nur, das w&uuml;rde woanders auch so sein, Merkel w&uuml;rde sich z.b. f&uuml;r 4 Milliarden einen Palast (in etwa so teuer wie Stuttgart 21 oder der neue Flughafen von Berlin) errichten, das w&auml;ren auch 50 Euro pro Einwohner, es g&auml;be wohl einen Aufschrei. Dabei muss die Kirche dort sparen, hat <a href=\"http:\/\/de.wikipedia.org\/wiki\/Bistum_Limburg\">Kirchen geschlossen <\/a>oder abgerissen, andere wurden nur noch teilweise kirchlich genutzt und teilweise mit der Gemeinde geteilt oder nicht mehr geheizt. Darauf h&auml;tte man sicher verzichten k&ouml;nnen wenn man daf&uuml;r die 30 Millionen verwendet h&auml;tte.<\/p>\n<p>Selbst wenn Tebatz zur&uuml;cktritt oder zur&uuml;ckgetreten wird &#8211; arm wird er nicht sein. Jeder Bischof wird vom Staat (nicht der Kirche) bezahlt, auch als Rentner mit 8.000 bis 11.000 Euro pro Monat, immerhin, bei dem was er bisher gewohnt ist, auszugeben muss ihm das wie ein Armutsgel&uuml;bde vorkommen&#8230;. Ich w&uuml;rde mir w&uuml;nschen das der Papst nicht wartet, bis er selbst zur&uuml;cktritt (ich vermute das ist wie bei Politikern, erst wenn kein Ausweg mehr besteht kommen die auf den Gedanken) sondern ihn des Amtes enthebt. Das w&auml;re nicht nur gerecht, es w&auml;re auch ein Signal an die Welt, das er es ernst meint mit seiner neuen Kirche und der Abkehr von Pomp und Prunk.<img loading=\"lazy\" decoding=\"async\" src=\"http:\/\/vg03.met.vgwort.de\/na\/9be67c319d9f4e6a8ebae6176b97579d\" width=\"1\" height=\"1\" alt=\"\"\/><\/p>\n","protected":false},"excerpt":{"rendered":"<p>So, da es in der letzten Zeit nur noch Fachartikel gab, mal wieder einen in dem ihr eure Meinung kundtun k&ouml;nnt. Vor einer Woche hat das ZDF bei den Borgias die Notbremse gezogen. Nachdem die ersten drei eine so schlechte Quote hatten, hat man die restlichen drei Folgen sukzessive nach hinten geschoben. Die vierte auf [&hellip;]<\/p>\n","protected":false},"author":169,"featured_media":0,"comment_status":"open","ping_status":"open","sticky":false,"template":"","format":"standard","meta":{"_jetpack_memberships_contains_paid_content":false,"footnotes":""},"categories":[1],"tags":[3329,3328,3326,3327],"class_list":["post-8659","post","type-post","status-publish","format-standard","hentry","category-allgemein","tag-borgia","tag-dalli-dalli","tag-limburg","tag-tebatz","entry"],"a3_pvc":{"activated":false,"total_views":664,"today_views":0},"jetpack_featured_media_url":"","jetpack-related-posts":[{"id":18406,"url":"https:\/\/www.bernd-leitenberger.de\/blog\/2025\/09\/23\/der-blogautor-von-der-ki-beurteilt\/","url_meta":{"origin":8659,"position":0},"title":"Der Blogautor von der KI beurteilt","author":"Bernd Leitenberger","date":"23. September 2025","format":false,"excerpt":"Ich nutze inzwischen auch eine KI. Prim\u00e4r zu Recherche, im Browser https:\/\/www.perplexity.ai die f\u00fcr Recherchen (nach Eigenauskunft) spezialisiert ist. Seit ich vor mehr als zwei Jahren die KI zum ersten Mal getestet habe, hat diese sich enorm gebessert. Sie fabuliert weniger und ist intelligenter. Damals konnte man noch die AI\u2026","rel":"","context":"In &quot;Allgemein&quot;","block_context":{"text":"Allgemein","link":"https:\/\/www.bernd-leitenberger.de\/blog\/category\/allgemein\/"},"img":{"alt_text":"","src":"https:\/\/vg01.met.vgwort.de\/na\/c334c52e97b74da9b82424a9e80c6d97","width":350,"height":200},"classes":[]},{"id":18511,"url":"https:\/\/www.bernd-leitenberger.de\/blog\/2026\/01\/27\/musks-ki-rechenzentren-im-orbit\/","url_meta":{"origin":8659,"position":1},"title":"Musks KI-Rechenzentren im Orbit","author":"Bernd Leitenberger","date":"27. Januar 2026","format":false,"excerpt":"Bei meinem regelm\u00e4\u00dfigen Besuch des Space Reviews stie\u00df ich auf diesen Artikel: SpaceX, orbital data centers, and the journey to Mars. Ich hatte in meiner Nachlese schon erw\u00e4hnt das Elon Musk, nachdem er dies lange verschoben hat nun plant SpaceX an die B\u00f6rse zu bringen. Ich meinte aber, das l\u00e4ge\u2026","rel":"","context":"In &quot;SpaceX&quot;","block_context":{"text":"SpaceX","link":"https:\/\/www.bernd-leitenberger.de\/blog\/category\/raumfahrt\/spacex\/"},"img":{"alt_text":"","src":"https:\/\/vg06.met.vgwort.de\/na\/0ee72da693054bc3b5c3f00214a7e2b3","width":350,"height":200},"classes":[]},{"id":18547,"url":"https:\/\/www.bernd-leitenberger.de\/blog\/2026\/03\/04\/quo-vadis-artemis\/","url_meta":{"origin":8659,"position":2},"title":"Quo Vadis Artemis?","author":"Bernd Leitenberger","date":"4. M\u00e4rz 2026","format":false,"excerpt":"Ich muss mal meine nicht vorhandene humanistische Bildung heraush\u00e4ngen, sprich Latein kann ich nicht, aber ich habe in meiner Jugend gerne Monumentalschinken angeschaut und da gibt es den ber\u00fchmtem Film \"Quo Vadis\" mit der ersten gro\u00dfen Rolle f\u00fcr Peter Ustinov als Nero. Das Zitat ist bekannt: Petrus flieht aus Rom,\u2026","rel":"","context":"In &quot;Raumfahrt&quot;","block_context":{"text":"Raumfahrt","link":"https:\/\/www.bernd-leitenberger.de\/blog\/category\/raumfahrt\/"},"img":{"alt_text":"","src":"\/img\/artemis-2026-2028.jpg","width":350,"height":200,"srcset":"\/img\/artemis-2026-2028.jpg 1x, \/img\/artemis-2026-2028.jpg 1.5x, \/img\/artemis-2026-2028.jpg 2x, \/img\/artemis-2026-2028.jpg 3x, \/img\/artemis-2026-2028.jpg 4x"},"classes":[]},{"id":12013,"url":"https:\/\/www.bernd-leitenberger.de\/blog\/2016\/09\/27\/entstehung-von-leben-auf-der-erde-und-im-sonnensystem\/","url_meta":{"origin":8659,"position":3},"title":"Entstehung von Leben auf der Erde und im Sonnensystem","author":"Bernd Leitenberger","date":"27. September 2016","format":false,"excerpt":"Eines der Dauerbrennerthemen bei Sendungen \u00fcber Astronomie ist es, wo es noch Leben geben k\u00f6nnte. Man kann ja viel spekulieren \u00fcber fremde Planeten, doch am meisten wird nat\u00fcrlich \u00fcber Leben in unserem Sonnensystem spekuliert. Die NASA n\u00e4hrt das sehr gut, vor allem beim Mars. Auch wenn sie von \"Der Suche\u2026","rel":"","context":"In &quot;Allgemein&quot;","block_context":{"text":"Allgemein","link":"https:\/\/www.bernd-leitenberger.de\/blog\/category\/allgemein\/"},"img":{"alt_text":"","src":"http:\/\/vg02.met.vgwort.de\/na\/4e11b05707214a29aee07687a953aec8","width":350,"height":200},"classes":[]},{"id":18480,"url":"https:\/\/www.bernd-leitenberger.de\/blog\/2025\/12\/27\/die-umweltbilanz-der-new-shepard\/","url_meta":{"origin":8659,"position":4},"title":"Die Umweltbilanz der New Shepard","author":"Bernd Leitenberger","date":"27. Dezember 2025","format":false,"excerpt":"K\u00fcrzlich ist die deutsche Michaela Benthaus mit Blue Origin auf der Mission New Shepard NS37 geflogen. Da die Dame querschnittsgel\u00e4hmt ist, war dies den Nachrichten eine Schlagzeile wert, \u00e4hnlich wie vor einigen Monaten der Flug von Kate Perry, ebenfalls mit Blue Origin auf der New Shepard. Was dabei untergegangen ist,\u2026","rel":"","context":"In &quot;Raumfahrt&quot;","block_context":{"text":"Raumfahrt","link":"https:\/\/www.bernd-leitenberger.de\/blog\/category\/raumfahrt\/"},"img":{"alt_text":"","src":"https:\/\/vg04.met.vgwort.de\/na\/99ff84c04ca842a2baa1d4552eb54bab","width":350,"height":200},"classes":[]},{"id":18415,"url":"https:\/\/www.bernd-leitenberger.de\/blog\/2025\/10\/01\/die-groessten-raetsel-in-der-fruehen-erdgeschichte-2\/","url_meta":{"origin":8659,"position":5},"title":"Die gr&ouml;&szlig;ten R&auml;tsel in der fr&uuml;hen Erdgeschichte (2)","author":"Bernd Leitenberger","date":"1. Oktober 2025","format":false,"excerpt":"So weiter geht es mit dem Artikel zu fragen oder R\u00e4tseln der fr\u00fchen Erdgeschichte also vor dem Kambrium. Dieser Teil schlie\u00dft inhaltlich an den ersten Teil von gestern an. Die langsame Evolution der Eukaryoten Biologen unterscheiden zwischen Prokaryonten und Eukaryoten. Alle Bakterien, einschlie\u00dflich der Cyanobakterien, sind Prokaryoten \u2013 Zellen ohne\u2026","rel":"","context":"In &quot;Chemie&quot;","block_context":{"text":"Chemie","link":"https:\/\/www.bernd-leitenberger.de\/blog\/category\/chemie\/"},"img":{"alt_text":"","src":"https:\/\/vg01.met.vgwort.de\/na\/e534ab16d0564d968b03e686e6c982bb","width":350,"height":200},"classes":[]}],"jetpack_sharing_enabled":true,"amp_enabled":true,"_links":{"self":[{"href":"https:\/\/www.bernd-leitenberger.de\/blog\/wp-json\/wp\/v2\/posts\/8659","targetHints":{"allow":["GET"]}}],"collection":[{"href":"https:\/\/www.bernd-leitenberger.de\/blog\/wp-json\/wp\/v2\/posts"}],"about":[{"href":"https:\/\/www.bernd-leitenberger.de\/blog\/wp-json\/wp\/v2\/types\/post"}],"author":[{"embeddable":true,"href":"https:\/\/www.bernd-leitenberger.de\/blog\/wp-json\/wp\/v2\/users\/169"}],"replies":[{"embeddable":true,"href":"https:\/\/www.bernd-leitenberger.de\/blog\/wp-json\/wp\/v2\/comments?post=8659"}],"version-history":[{"count":0,"href":"https:\/\/www.bernd-leitenberger.de\/blog\/wp-json\/wp\/v2\/posts\/8659\/revisions"}],"wp:attachment":[{"href":"https:\/\/www.bernd-leitenberger.de\/blog\/wp-json\/wp\/v2\/media?parent=8659"}],"wp:term":[{"taxonomy":"category","embeddable":true,"href":"https:\/\/www.bernd-leitenberger.de\/blog\/wp-json\/wp\/v2\/categories?post=8659"},{"taxonomy":"post_tag","embeddable":true,"href":"https:\/\/www.bernd-leitenberger.de\/blog\/wp-json\/wp\/v2\/tags?post=8659"}],"curies":[{"name":"wp","href":"https:\/\/api.w.org\/{rel}","templated":true}]}}