{"id":9841,"date":"2014-04-26T00:51:13","date_gmt":"2014-04-25T22:51:13","guid":{"rendered":"http:\/\/www.bernd-leitenberger.de\/blog\/?p=9841"},"modified":"2014-04-24T20:21:52","modified_gmt":"2014-04-24T18:21:52","slug":"20-jahre-kalkofes-mattscheibe","status":"publish","type":"post","link":"https:\/\/www.bernd-leitenberger.de\/blog\/2014\/04\/26\/20-jahre-kalkofes-mattscheibe\/","title":{"rendered":"20 Jahre Kalkofes Mattscheibe &#8230;"},"content":{"rendered":"<p>Das feiert Tele5 in diesen Tagen. Ich gestehe: ich bin Fan von Kalkofe, genauso wie ich alles anschaue was satirisch ist (Heute Show, Extra 3, Walulis sieht fern). Leider konnte ich das meiste von ihm nicht ansehen. Premiere hat sich unsere Familie nicht geleistet. Als er bei Pro 7 war habe ich alles angeschaut. Nun bei Tele5 ist er bei einem Sender der nicht auf meinem Zappprogramm steht. Das ist auch gerade die Crux: unser Fernsehen ist nicht nur so schlecht, dass man sich zwanzig Jahre lang dar&uuml;ber lustig machen kann, sondern es ist auch so humorlos dass Kalkofe meistens im Spartenfernsehen lief. Bei Premiere war es einfach, er hat sich ja &uuml;ber fernsehen lustig gemacht und die haben damals nur Spielefilme und Ballgeschiebe gezeigt. Bei Tele 5 ist es auch kein Problem, die zeigen Filme die so alt sind dass die Rechte billig sind. Selbst produziertes Fernsehen gibt es dort wenig. Auch daher ist der Sender kein Ziel von Kalkofe. Daher dachte ich mir als er auf Pro Sieben lief: &#8222;die sind mutig&#8220;. Denn anders als Switch oder Walulis sieht fern, stellt er ja nichts nach, sondern es kommen zuerst die Originalclips die schon grottenschlecht sind und dann die Persiflage. Es mag dann kein Zufall sein, dass Kalkofe wechseln musste als er auch Pro 7 Sendungen wie &#8222;The next Uri Geller&#8220; auf die Schippe nahm.<!--more--><\/p>\n<p>Immerhin: Tele 5 ist da noch mutig. Auch Walulis sieht fern kam urspr&uuml;nglich bei Tele 5 und ist nun bei Eins Plus angekommen. Kalkofe konnte sicher noch zwanzig Jahre weiter machen, denn das Fernsehen wird immer schlechter. Ich finde Kalkofe hat sogar ein bisschen nachgelassen. Fr&uuml;her war er bissiger und er st&uuml;tzt sich immer mehr auf Spartenfernsehen, wie Shoppingkan&auml;le oder &Auml;hnliches. Fernsehen ist humorlos, zumindest wenn es um die eigenen Sendungen geht. Klar, &uuml;ber Politik oder Zust&auml;nde darf man sich lustig machen, das beweisen Heute Show und Extra 3, aber nicht &uuml;ber das Fernsehen, zumindest nicht &uuml;ber die eigenen Sendungen. Mein Tipp: macht qualitativ gutes Fernsehen, dann braucht ihr Kalkofe nicht zu f&uuml;rchten und k&ouml;nnt ihn auch ins Programm nehmen. Eigentlich brauchen wie mehr solche Sendungen die auf die Missst&auml;nde aufmerksam machen. Es sind ja nicht einzelne lustige Ausrutscher die es gibt, wie Kader Loth die immer wieder durch ihre hochn&auml;sige Art und den Gegensatz von erreichtem und Eigenbild f&uuml;r einen Kalkofe-Clip gut ist, es sind ganze Formate bei denen eine Sendung genauso mies ist wie die n&auml;chste. Und wenn Kalkofe einen Ausschnitt parodiert, dann wei&szlig; jeder das ist nur die Spitze des Eisbergs.<\/p>\n<p>Ich kann noch verstehen dass beim Privatfernsehen solcher Schrott entsteht. Dort geht es um Profit und der ist maximal wenn die Werbeeinnahmen hoch und die Sendungen billig sind. Doch beim &ouml;ffentlich-rechtlichen h&ouml;rt mein Verst&auml;ndnis auf. Das wird von meinen Geb&uuml;hren finanziert und da kann ich was daf&uuml;r erwarten. Wenn das nicht mit den Geb&uuml;hren geht, dann spart ein: bei der Verwaltung, bei Senderechten f&uuml;r teure Ereignisse wie Ballgeschiebe oder im Kreisfahren oder &uuml;berlegt mal wie viele &ouml;ffentlich-rechtliche Sender ihr braucht. Lieber weniger mit gutem Programm als viele mit schlechtem.<img loading=\"lazy\" decoding=\"async\" src=\"http:\/\/vg07.met.vgwort.de\/na\/7a012de608034ecc9a16503b12e000b7\" width=\"1\" height=\"1\" alt=\"\"\/><\/p>\n","protected":false},"excerpt":{"rendered":"<p>Das feiert Tele5 in diesen Tagen. Ich gestehe: ich bin Fan von Kalkofe, genauso wie ich alles anschaue was satirisch ist (Heute Show, Extra 3, Walulis sieht fern). Leider konnte ich das meiste von ihm nicht ansehen. Premiere hat sich unsere Familie nicht geleistet. Als er bei Pro 7 war habe ich alles angeschaut. Nun [&hellip;]<\/p>\n","protected":false},"author":169,"featured_media":0,"comment_status":"open","ping_status":"open","sticky":false,"template":"","format":"standard","meta":{"_jetpack_memberships_contains_paid_content":false,"footnotes":""},"categories":[1],"tags":[3603,3604],"class_list":["post-9841","post","type-post","status-publish","format-standard","hentry","category-allgemein","tag-kalkofe","tag-mattscheibe","entry"],"a3_pvc":{"activated":false,"total_views":795,"today_views":0},"jetpack_featured_media_url":"","jetpack-related-posts":[{"id":18413,"url":"https:\/\/www.bernd-leitenberger.de\/blog\/2025\/09\/30\/die-groessten-raetsel-in-der-fruehen-erdgeschichte-1\/","url_meta":{"origin":9841,"position":0},"title":"Die gr&ouml;&szlig;ten R&auml;tsel in der fr&uuml;hen Erdgeschichte (1)","author":"Bernd Leitenberger","date":"30. September 2025","format":false,"excerpt":"Wir wissen immer noch sehr wenig \u00fcber einen Gro\u00dfteil der Geschichte der Erde. Sie entstand vor 4,6 Milliarden Jahren. Bis vor 600 Millionen Jahren \u2013 also \u00fcber den gr\u00f6\u00dften Teil dieser Zeit \u2013 gibt es kaum Fossilienfunde, und auch alte Gesteine werden umso seltener, je weiter man in der Zeit\u2026","rel":"","context":"In &quot;Chemie&quot;","block_context":{"text":"Chemie","link":"https:\/\/www.bernd-leitenberger.de\/blog\/category\/chemie\/"},"img":{"alt_text":"","src":"https:\/\/vg01.met.vgwort.de\/na\/929016b2bd2249e0b0f606c4839ef36b","width":350,"height":200},"classes":[]},{"id":18380,"url":"https:\/\/www.bernd-leitenberger.de\/blog\/2025\/09\/03\/die-glorreichen-10-das-war-mal-weg-pc-hardware\/","url_meta":{"origin":9841,"position":1},"title":"Die glorreichen 10 &#8211; Das war mal weg: PC Hardware","author":"Bernd Leitenberger","date":"3. September 2025","format":false,"excerpt":"Ich will heute mal zwei ZDF Info \/ Neo Sendungen verbinden. Die glorreichen 10, die bei mir als Vorlage f\u00fcr einige Blogs dienten und die von mir noch mehr gesch\u00e4tzte Sendung \"Das war mal weg\", wo es um Dinge geht, die fr\u00fcher fast jeder hatte und die heute aus unserem\u2026","rel":"","context":"In &quot;Die Glorreichen 10&quot;","block_context":{"text":"Die Glorreichen 10","link":"https:\/\/www.bernd-leitenberger.de\/blog\/category\/allgemein\/die-glorreichen-10\/"},"img":{"alt_text":"","src":"https:\/\/vg02.met.vgwort.de\/na\/876c61d389304d98aa0332fadd769381","width":350,"height":200},"classes":[]},{"id":4557,"url":"https:\/\/www.bernd-leitenberger.de\/blog\/2011\/04\/03\/atom-und-wahlnachlese\/","url_meta":{"origin":9841,"position":2},"title":"Atom- und Wahlnachlese","author":"Bernd Leitenberger","date":"3. April 2011","format":false,"excerpt":"Nun einige Wochen nach dem Super-Gau von Japan wird es an der Zeit f?r eine Nachlese und zwar eine etwas allgemeiner gehaltene. Ich m?chte an dieser Stelle mal meine Einstellung zur Kernkraft in den letzten Jahrzehnten reflektieren. Ich war urspr?nglich f?r Kernkraft. Wie viele andere, glaubte ich an umweltfreundliche Energie\u2026","rel":"","context":"In &quot;Allgemein&quot;","block_context":{"text":"Allgemein","link":"https:\/\/www.bernd-leitenberger.de\/blog\/category\/allgemein\/"},"img":{"alt_text":"","src":"","width":0,"height":0},"classes":[]},{"id":18488,"url":"https:\/\/www.bernd-leitenberger.de\/blog\/2026\/01\/16\/die-raumfahrtnachlese-2025\/","url_meta":{"origin":9841,"position":3},"title":"Die Raumfahrtnachlese 2025","author":"Bernd Leitenberger","date":"16. Januar 2026","format":false,"excerpt":"Ich schiebe etwas sp\u00e4t eine kurze Raumfahrtnachlese f\u00fcr 2025 nach. Das auff\u00e4lligste ist nat\u00fcrlich der rasante Anstieg der Starts bzw. Startversuche, 325 waren es letztes Jahr. Eine Steigerung um 58 gegen\u00fcber letztem Jahr und damit nicht nur in der H\u00f6he ein Rekord, sondern auch im Zuwachs. Nur mal als Vergleich\u2026","rel":"","context":"In &quot;Raumfahrt&quot;","block_context":{"text":"Raumfahrt","link":"https:\/\/www.bernd-leitenberger.de\/blog\/category\/raumfahrt\/"},"img":{"alt_text":"","src":"https:\/\/vg06.met.vgwort.de\/na\/25bb1cf6b21949af835bc77482e531d6","width":350,"height":200},"classes":[]},{"id":18415,"url":"https:\/\/www.bernd-leitenberger.de\/blog\/2025\/10\/01\/die-groessten-raetsel-in-der-fruehen-erdgeschichte-2\/","url_meta":{"origin":9841,"position":4},"title":"Die gr&ouml;&szlig;ten R&auml;tsel in der fr&uuml;hen Erdgeschichte (2)","author":"Bernd Leitenberger","date":"1. Oktober 2025","format":false,"excerpt":"So weiter geht es mit dem Artikel zu fragen oder R\u00e4tseln der fr\u00fchen Erdgeschichte also vor dem Kambrium. Dieser Teil schlie\u00dft inhaltlich an den ersten Teil von gestern an. Die langsame Evolution der Eukaryoten Biologen unterscheiden zwischen Prokaryonten und Eukaryoten. Alle Bakterien, einschlie\u00dflich der Cyanobakterien, sind Prokaryoten \u2013 Zellen ohne\u2026","rel":"","context":"In &quot;Chemie&quot;","block_context":{"text":"Chemie","link":"https:\/\/www.bernd-leitenberger.de\/blog\/category\/chemie\/"},"img":{"alt_text":"","src":"https:\/\/vg01.met.vgwort.de\/na\/e534ab16d0564d968b03e686e6c982bb","width":350,"height":200},"classes":[]},{"id":18396,"url":"https:\/\/www.bernd-leitenberger.de\/blog\/2025\/09\/19\/die-falcon-9-eine-nachlese-2\/","url_meta":{"origin":9841,"position":5},"title":"Die Falcon 9 \u2013 eine Nachlese (2)","author":"Bernd Leitenberger","date":"19. September 2025","format":false,"excerpt":"So und hier folgt der zweite Teil der Nachbetrachtung der Falcon 9, er schlie\u00dft an den ersten Teil von gestern an. Den ganzen Artikel gibt es auch auf der Website. Nutzlastverkleidung Ein einziges System wurde beim \u00dcbergang von der ersten zur heutigen Version kleiner: Die Nutzlastverkleidung wurde von 15,24 auf\u2026","rel":"","context":"In &quot;SpaceX&quot;","block_context":{"text":"SpaceX","link":"https:\/\/www.bernd-leitenberger.de\/blog\/category\/raumfahrt\/spacex\/"},"img":{"alt_text":"","src":"https:\/\/vg02.met.vgwort.de\/na\/56024d59119b4e4685580cdc237045c2","width":350,"height":200},"classes":[]}],"jetpack_sharing_enabled":true,"amp_enabled":true,"_links":{"self":[{"href":"https:\/\/www.bernd-leitenberger.de\/blog\/wp-json\/wp\/v2\/posts\/9841","targetHints":{"allow":["GET"]}}],"collection":[{"href":"https:\/\/www.bernd-leitenberger.de\/blog\/wp-json\/wp\/v2\/posts"}],"about":[{"href":"https:\/\/www.bernd-leitenberger.de\/blog\/wp-json\/wp\/v2\/types\/post"}],"author":[{"embeddable":true,"href":"https:\/\/www.bernd-leitenberger.de\/blog\/wp-json\/wp\/v2\/users\/169"}],"replies":[{"embeddable":true,"href":"https:\/\/www.bernd-leitenberger.de\/blog\/wp-json\/wp\/v2\/comments?post=9841"}],"version-history":[{"count":0,"href":"https:\/\/www.bernd-leitenberger.de\/blog\/wp-json\/wp\/v2\/posts\/9841\/revisions"}],"wp:attachment":[{"href":"https:\/\/www.bernd-leitenberger.de\/blog\/wp-json\/wp\/v2\/media?parent=9841"}],"wp:term":[{"taxonomy":"category","embeddable":true,"href":"https:\/\/www.bernd-leitenberger.de\/blog\/wp-json\/wp\/v2\/categories?post=9841"},{"taxonomy":"post_tag","embeddable":true,"href":"https:\/\/www.bernd-leitenberger.de\/blog\/wp-json\/wp\/v2\/tags?post=9841"}],"curies":[{"name":"wp","href":"https:\/\/api.w.org\/{rel}","templated":true}]}}